{"id":242351,"date":"2023-06-12T15:51:26","date_gmt":"2023-06-12T19:51:26","guid":{"rendered":"https:\/\/www.ocorreionews.com.br\/acervo-correio\/?p=242351"},"modified":"2023-06-12T15:51:26","modified_gmt":"2023-06-12T19:51:26","slug":"mulher-golpeia-com-faca-o-marido-apos-discussao-familiar-em-costa-rica","status":"publish","type":"post","link":"https:\/\/www.ocorreionews.com.br\/acervo-correio\/?p=242351","title":{"rendered":"Mulher golpeia com faca o marido ap\u00f3s discuss\u00e3o familiar em Costa Rica"},"content":{"rendered":"<p>Na noite deste domingo (11), durante uma discuss\u00e3o familiar mulher golpeou o marido ambos de 28 anos, com uma faca, no Centro de Costa Rica.<\/p>\n<p>Segundo informa\u00e7\u00f5es do Boletim de Ocorr\u00eancia, por volta das 23h20min, a Pol\u00edcia Militar foi acionada para atender a uma ocorr\u00eancia de viol\u00eancia dom\u00e9stica em uma resid\u00eancia na Rua Nova Iorque, Centro da cidade, onde a mulher relatou aos militares que ela e seu marido teriam come\u00e7ado uma discuss\u00e3o e ele teria tomado de sua m\u00e3o o seu celular da marca Samsung, por\u00e9m, o autor diz ser mentira.<\/p>\n<p>Ambos estavam com les\u00f5es aparentes e no peito do homem tinha uma les\u00e3o de golpe de faca sofrido durante a briga.<\/p>\n<p>Ambos foram encaminhados para a Delegacia de Policia para tomar as medidas cab\u00edveis.<\/p>\n","protected":false},"excerpt":{"rendered":"<p>Na noite deste domingo (11), durante uma discuss\u00e3o familiar mulher golpeou o marido ambos de 28 anos, com uma faca, no Centro de Costa Rica. Segundo informa\u00e7\u00f5es do Boletim de Ocorr\u00eancia, por volta das 23h20min, a Pol\u00edcia Militar foi acionada para atender a uma ocorr\u00eancia de viol\u00eancia dom\u00e9stica em uma resid\u00eancia na Rua Nova Iorque, [&hellip;]<\/p>\n","protected":false},"author":5,"featured_media":239803,"comment_status":"closed","ping_status":"closed","sticky":false,"template":"","format":"standard","meta":{"footnotes":""},"categories":[25,38],"tags":[],"class_list":["post-242351","post","type-post","status-publish","format-standard","has-post-thumbnail","hentry","category-costa-rica","category-policia"],"_links":{"self":[{"href":"https:\/\/www.ocorreionews.com.br\/acervo-correio\/index.php?rest_route=\/wp\/v2\/posts\/242351","targetHints":{"allow":["GET"]}}],"collection":[{"href":"https:\/\/www.ocorreionews.com.br\/acervo-correio\/index.php?rest_route=\/wp\/v2\/posts"}],"about":[{"href":"https:\/\/www.ocorreionews.com.br\/acervo-correio\/index.php?rest_route=\/wp\/v2\/types\/post"}],"author":[{"embeddable":true,"href":"https:\/\/www.ocorreionews.com.br\/acervo-correio\/index.php?rest_route=\/wp\/v2\/users\/5"}],"replies":[{"embeddable":true,"href":"https:\/\/www.ocorreionews.com.br\/acervo-correio\/index.php?rest_route=%2Fwp%2Fv2%2Fcomments&post=242351"}],"version-history":[{"count":1,"href":"https:\/\/www.ocorreionews.com.br\/acervo-correio\/index.php?rest_route=\/wp\/v2\/posts\/242351\/revisions"}],"predecessor-version":[{"id":242358,"href":"https:\/\/www.ocorreionews.com.br\/acervo-correio\/index.php?rest_route=\/wp\/v2\/posts\/242351\/revisions\/242358"}],"wp:featuredmedia":[{"embeddable":true,"href":"https:\/\/www.ocorreionews.com.br\/acervo-correio\/index.php?rest_route=\/wp\/v2\/media\/239803"}],"wp:attachment":[{"href":"https:\/\/www.ocorreionews.com.br\/acervo-correio\/index.php?rest_route=%2Fwp%2Fv2%2Fmedia&parent=242351"}],"wp:term":[{"taxonomy":"category","embeddable":true,"href":"https:\/\/www.ocorreionews.com.br\/acervo-correio\/index.php?rest_route=%2Fwp%2Fv2%2Fcategories&post=242351"},{"taxonomy":"post_tag","embeddable":true,"href":"https:\/\/www.ocorreionews.com.br\/acervo-correio\/index.php?rest_route=%2Fwp%2Fv2%2Ftags&post=242351"}],"curies":[{"name":"wp","href":"https:\/\/api.w.org\/{rel}","templated":true}]}}