{"id":242357,"date":"2023-06-12T15:58:44","date_gmt":"2023-06-12T19:58:44","guid":{"rendered":"https:\/\/www.ocorreionews.com.br\/acervo-correio\/?p=242357"},"modified":"2023-06-12T15:58:44","modified_gmt":"2023-06-12T19:58:44","slug":"jovem-e-detido-por-embriagues-ao-volante-ao-colidir-em-carro-estacionado-em-costa-rica","status":"publish","type":"post","link":"https:\/\/www.ocorreionews.com.br\/acervo-correio\/?p=242357","title":{"rendered":"Jovem \u00e9 detido por embriagues ao volante ao colidir em carro estacionado em Costa Rica"},"content":{"rendered":"<p>No final da tarde do \u00faltimo s\u00e1bado (10), um jovem de 26 anos colidiu seu ve\u00edculo em outro que estava estacionado na Av. Jos\u00e9 Ferreira da Costa, pr\u00f3ximo a Pra\u00e7a Central em Costa Rica.<\/p>\n<p>Segundo informa\u00e7\u00f5es do Boletim de Ocorr\u00eancia, a Pol\u00edcia Militar foi acionada para atender um acidente de tr\u00e2nsito, envolvendo um ve\u00edculo VW\/Gol 1.0 GIV, de cor prata conduzido pelo autor de 26 anos e que trafegava pela via e colidiu em uma Fiat\/Strada, de cor preta, que estava estacionada.<\/p>\n<p>O autor foi submetido ao teste de etilometro, tendo resultado de 1,09mg\/L, constatando a embriaguez.<\/p>\n<p>O autor foi encaminhado para delegacia para tomar as provid\u00eancias cab\u00edveis.<\/p>\n","protected":false},"excerpt":{"rendered":"<p>No final da tarde do \u00faltimo s\u00e1bado (10), um jovem de 26 anos colidiu seu ve\u00edculo em outro que estava estacionado na Av. Jos\u00e9 Ferreira da Costa, pr\u00f3ximo a Pra\u00e7a Central em Costa Rica. Segundo informa\u00e7\u00f5es do Boletim de Ocorr\u00eancia, a Pol\u00edcia Militar foi acionada para atender um acidente de tr\u00e2nsito, envolvendo um ve\u00edculo VW\/Gol [&hellip;]<\/p>\n","protected":false},"author":5,"featured_media":242352,"comment_status":"closed","ping_status":"closed","sticky":false,"template":"","format":"standard","meta":{"footnotes":""},"categories":[25,38],"tags":[],"class_list":["post-242357","post","type-post","status-publish","format-standard","has-post-thumbnail","hentry","category-costa-rica","category-policia"],"_links":{"self":[{"href":"https:\/\/www.ocorreionews.com.br\/acervo-correio\/index.php?rest_route=\/wp\/v2\/posts\/242357","targetHints":{"allow":["GET"]}}],"collection":[{"href":"https:\/\/www.ocorreionews.com.br\/acervo-correio\/index.php?rest_route=\/wp\/v2\/posts"}],"about":[{"href":"https:\/\/www.ocorreionews.com.br\/acervo-correio\/index.php?rest_route=\/wp\/v2\/types\/post"}],"author":[{"embeddable":true,"href":"https:\/\/www.ocorreionews.com.br\/acervo-correio\/index.php?rest_route=\/wp\/v2\/users\/5"}],"replies":[{"embeddable":true,"href":"https:\/\/www.ocorreionews.com.br\/acervo-correio\/index.php?rest_route=%2Fwp%2Fv2%2Fcomments&post=242357"}],"version-history":[{"count":1,"href":"https:\/\/www.ocorreionews.com.br\/acervo-correio\/index.php?rest_route=\/wp\/v2\/posts\/242357\/revisions"}],"predecessor-version":[{"id":242359,"href":"https:\/\/www.ocorreionews.com.br\/acervo-correio\/index.php?rest_route=\/wp\/v2\/posts\/242357\/revisions\/242359"}],"wp:featuredmedia":[{"embeddable":true,"href":"https:\/\/www.ocorreionews.com.br\/acervo-correio\/index.php?rest_route=\/wp\/v2\/media\/242352"}],"wp:attachment":[{"href":"https:\/\/www.ocorreionews.com.br\/acervo-correio\/index.php?rest_route=%2Fwp%2Fv2%2Fmedia&parent=242357"}],"wp:term":[{"taxonomy":"category","embeddable":true,"href":"https:\/\/www.ocorreionews.com.br\/acervo-correio\/index.php?rest_route=%2Fwp%2Fv2%2Fcategories&post=242357"},{"taxonomy":"post_tag","embeddable":true,"href":"https:\/\/www.ocorreionews.com.br\/acervo-correio\/index.php?rest_route=%2Fwp%2Fv2%2Ftags&post=242357"}],"curies":[{"name":"wp","href":"https:\/\/api.w.org\/{rel}","templated":true}]}}