{"id":242360,"date":"2023-06-12T16:42:57","date_gmt":"2023-06-12T20:42:57","guid":{"rendered":"https:\/\/www.ocorreionews.com.br\/acervo-correio\/?p=242360"},"modified":"2023-06-12T16:42:57","modified_gmt":"2023-06-12T20:42:57","slug":"motorista-e-preso-ao-realizar-manobras-perigosas-ao-lado-de-viatura-da-pm-de-costa-rica","status":"publish","type":"post","link":"https:\/\/www.ocorreionews.com.br\/acervo-correio\/?p=242360","title":{"rendered":"Motorista \u00e9 preso ao realizar manobras perigosas ao lado de viatura da PM de Costa Rica"},"content":{"rendered":"<p>Na noite do \u00faltimo s\u00e1bado (10), um jovem de 26 anos foi preso por embriagues ao volante e ainda realizar manobras perigosas ao passar ao lado de viatura policial em Costa Rica.<\/p>\n<p>Segundo informa\u00e7\u00f5es do Boletim de Ocorr\u00eancia, por volta das 22h30min, uma guarni\u00e7\u00e3o da policia militar, realizava rondas na Av. Jos\u00e9 Ferreira da Costa, quando um ve\u00edculo VW\/Gol CLI, de cor branca, efetuou manobra perigosa de arrancada brusca, derrapagem e frenagem ao lado da viatura, empreendendo fuga em alta velocidade pelas ruas da cidade, sendo acompanhado pela equipe policial at\u00e9 ser poss\u00edvel a abordagem.<\/p>\n<p>O autor apresentava sinais vis\u00edveis de embriaguez, sendo preso e encaminhado para delegacia de pol\u00edcia para provid\u00eancias.<\/p>\n","protected":false},"excerpt":{"rendered":"<p>Na noite do \u00faltimo s\u00e1bado (10), um jovem de 26 anos foi preso por embriagues ao volante e ainda realizar manobras perigosas ao passar ao lado de viatura policial em Costa Rica. Segundo informa\u00e7\u00f5es do Boletim de Ocorr\u00eancia, por volta das 22h30min, uma guarni\u00e7\u00e3o da policia militar, realizava rondas na Av. Jos\u00e9 Ferreira da Costa, [&hellip;]<\/p>\n","protected":false},"author":5,"featured_media":229890,"comment_status":"closed","ping_status":"closed","sticky":false,"template":"","format":"standard","meta":{"footnotes":""},"categories":[25,38],"tags":[],"class_list":["post-242360","post","type-post","status-publish","format-standard","has-post-thumbnail","hentry","category-costa-rica","category-policia"],"_links":{"self":[{"href":"https:\/\/www.ocorreionews.com.br\/acervo-correio\/index.php?rest_route=\/wp\/v2\/posts\/242360","targetHints":{"allow":["GET"]}}],"collection":[{"href":"https:\/\/www.ocorreionews.com.br\/acervo-correio\/index.php?rest_route=\/wp\/v2\/posts"}],"about":[{"href":"https:\/\/www.ocorreionews.com.br\/acervo-correio\/index.php?rest_route=\/wp\/v2\/types\/post"}],"author":[{"embeddable":true,"href":"https:\/\/www.ocorreionews.com.br\/acervo-correio\/index.php?rest_route=\/wp\/v2\/users\/5"}],"replies":[{"embeddable":true,"href":"https:\/\/www.ocorreionews.com.br\/acervo-correio\/index.php?rest_route=%2Fwp%2Fv2%2Fcomments&post=242360"}],"version-history":[{"count":1,"href":"https:\/\/www.ocorreionews.com.br\/acervo-correio\/index.php?rest_route=\/wp\/v2\/posts\/242360\/revisions"}],"predecessor-version":[{"id":242362,"href":"https:\/\/www.ocorreionews.com.br\/acervo-correio\/index.php?rest_route=\/wp\/v2\/posts\/242360\/revisions\/242362"}],"wp:featuredmedia":[{"embeddable":true,"href":"https:\/\/www.ocorreionews.com.br\/acervo-correio\/index.php?rest_route=\/wp\/v2\/media\/229890"}],"wp:attachment":[{"href":"https:\/\/www.ocorreionews.com.br\/acervo-correio\/index.php?rest_route=%2Fwp%2Fv2%2Fmedia&parent=242360"}],"wp:term":[{"taxonomy":"category","embeddable":true,"href":"https:\/\/www.ocorreionews.com.br\/acervo-correio\/index.php?rest_route=%2Fwp%2Fv2%2Fcategories&post=242360"},{"taxonomy":"post_tag","embeddable":true,"href":"https:\/\/www.ocorreionews.com.br\/acervo-correio\/index.php?rest_route=%2Fwp%2Fv2%2Ftags&post=242360"}],"curies":[{"name":"wp","href":"https:\/\/api.w.org\/{rel}","templated":true}]}}