{"id":242371,"date":"2023-06-13T07:20:25","date_gmt":"2023-06-13T11:20:25","guid":{"rendered":"https:\/\/www.ocorreionews.com.br\/acervo-correio\/?p=242371"},"modified":"2023-06-13T07:20:25","modified_gmt":"2023-06-13T11:20:25","slug":"energisa-vai-distribuir-10-geladeiras-em-chapadao-do-sul","status":"publish","type":"post","link":"https:\/\/www.ocorreionews.com.br\/acervo-correio\/?p=242371","title":{"rendered":"Energisa vai distribuir 10 geladeiras em Chapad\u00e3o do Sul-"},"content":{"rendered":"<blockquote>\n<h2 class=\"color-primary font-24 mb-4 p-0\"><span style=\"font-size: 12pt;\">Benefici\u00e1rios do Bolsa Fam\u00edlia, BPC\/LOAS e Tarifa Social de energia dever\u00e3o fazer atualiza\u00e7\u00e3o cadastral<\/span><\/h2>\n<\/blockquote>\n<p>&nbsp;<\/p>\n<p>A Prefeitura Municipal, atrav\u00e9s da Secretaria Municipal de Assist\u00eancia Social em parceria com a ENERGISA convocam os benefici\u00e1rios dos programas Bolsa Fam\u00edlia, BPC\/LOAS e benefici\u00e1rios da Tarifa social de energia el\u00e9trica, inscritos no Cadastro \u00danico e que tenham o N\u00famero de Identifica\u00e7\u00e3o Social (NIS), para realizarem o cadastro e a atualiza\u00e7\u00e3o da tarifa social de energia el\u00e9trica.<\/p>\n<p>A convoca\u00e7\u00e3o da prestadora de servi\u00e7os de energia el\u00e9trica e do Poder P\u00fablico Municipal, pede que os benefici\u00e1rios compare\u00e7am na Pra\u00e7a de Eventos durante o dia 13 de junho das 13h \u00e0s 17h, e nos dias 14 e 15 de junho, das 08h \u00e0s 17h.<\/p>\n<p>No dia 15, quinta-feira, com o encerramento a partir das 18:30h, haver\u00e1 uma sess\u00e3o de cinema gratuito e logo ap\u00f3s o sorteio de geladeiras aos participantes.<\/p>\n<p>&nbsp;<\/p>\n<p>A organiza\u00e7\u00e3o orienta aos interessados a comparecer com documentos pessoais e a \u00faltima conta de energia. Na oportunidade haver\u00e1 tamb\u00e9m a troca de l\u00e2mpadas incandescentes ou fluorescentes por l\u00e2mpadas de LED.<\/p>\n","protected":false},"excerpt":{"rendered":"<p>Benefici\u00e1rios do Bolsa Fam\u00edlia, BPC\/LOAS e Tarifa Social de energia dever\u00e3o fazer atualiza\u00e7\u00e3o cadastral &nbsp; A Prefeitura Municipal, atrav\u00e9s da Secretaria Municipal de Assist\u00eancia Social em parceria com a ENERGISA convocam os benefici\u00e1rios dos programas Bolsa Fam\u00edlia, BPC\/LOAS e benefici\u00e1rios da Tarifa social de energia el\u00e9trica, inscritos no Cadastro \u00danico e que tenham o N\u00famero [&hellip;]<\/p>\n","protected":false},"author":4,"featured_media":242372,"comment_status":"closed","ping_status":"closed","sticky":false,"template":"","format":"standard","meta":{"footnotes":""},"categories":[23],"tags":[],"class_list":["post-242371","post","type-post","status-publish","format-standard","has-post-thumbnail","hentry","category-chapadao-do-sul"],"_links":{"self":[{"href":"https:\/\/www.ocorreionews.com.br\/acervo-correio\/index.php?rest_route=\/wp\/v2\/posts\/242371","targetHints":{"allow":["GET"]}}],"collection":[{"href":"https:\/\/www.ocorreionews.com.br\/acervo-correio\/index.php?rest_route=\/wp\/v2\/posts"}],"about":[{"href":"https:\/\/www.ocorreionews.com.br\/acervo-correio\/index.php?rest_route=\/wp\/v2\/types\/post"}],"author":[{"embeddable":true,"href":"https:\/\/www.ocorreionews.com.br\/acervo-correio\/index.php?rest_route=\/wp\/v2\/users\/4"}],"replies":[{"embeddable":true,"href":"https:\/\/www.ocorreionews.com.br\/acervo-correio\/index.php?rest_route=%2Fwp%2Fv2%2Fcomments&post=242371"}],"version-history":[{"count":1,"href":"https:\/\/www.ocorreionews.com.br\/acervo-correio\/index.php?rest_route=\/wp\/v2\/posts\/242371\/revisions"}],"predecessor-version":[{"id":242373,"href":"https:\/\/www.ocorreionews.com.br\/acervo-correio\/index.php?rest_route=\/wp\/v2\/posts\/242371\/revisions\/242373"}],"wp:featuredmedia":[{"embeddable":true,"href":"https:\/\/www.ocorreionews.com.br\/acervo-correio\/index.php?rest_route=\/wp\/v2\/media\/242372"}],"wp:attachment":[{"href":"https:\/\/www.ocorreionews.com.br\/acervo-correio\/index.php?rest_route=%2Fwp%2Fv2%2Fmedia&parent=242371"}],"wp:term":[{"taxonomy":"category","embeddable":true,"href":"https:\/\/www.ocorreionews.com.br\/acervo-correio\/index.php?rest_route=%2Fwp%2Fv2%2Fcategories&post=242371"},{"taxonomy":"post_tag","embeddable":true,"href":"https:\/\/www.ocorreionews.com.br\/acervo-correio\/index.php?rest_route=%2Fwp%2Fv2%2Ftags&post=242371"}],"curies":[{"name":"wp","href":"https:\/\/api.w.org\/{rel}","templated":true}]}}