{"id":242390,"date":"2023-06-13T08:17:39","date_gmt":"2023-06-13T12:17:39","guid":{"rendered":"https:\/\/www.ocorreionews.com.br\/acervo-correio\/?p=242390"},"modified":"2023-06-13T08:17:39","modified_gmt":"2023-06-13T12:17:39","slug":"inscricoes-para-o-enem-2023-terminam-nesta-sexta-feira","status":"publish","type":"post","link":"https:\/\/www.ocorreionews.com.br\/acervo-correio\/?p=242390","title":{"rendered":"Inscri\u00e7\u00f5es para o Enem 2023 terminam nesta sexta-feira"},"content":{"rendered":"<p>As inscri\u00e7\u00f5es para o Exame Nacional do Ensino M\u00e9dio (Enem) terminam na pr\u00f3xima sexta-feira (16). Interessados em participar do certame, que ser\u00e1 aplicado nos dias 5 e 12 de novembro, podem fazer o cadastro na <a href=\"https:\/\/enem.inep.gov.br\/participante\/#!\/\" target=\"_blank\" rel=\"noopener\"><strong><u>P\u00e1gina do Participante<\/u><\/strong><\/a>. O valor da taxa de inscri\u00e7\u00e3o \u00e9 R$ 85 e deve ser pago\u00a0at\u00e9 21 de junho.<\/p>\n<p>O <a href=\"https:\/\/www.in.gov.br\/en\/web\/dou\/-\/edital-n-30-de-5-de-maio-de-2023-481632388\" target=\"_blank\" rel=\"noopener\"><strong><u>edital<\/u><\/strong><\/a> com o cronograma e as regras para o Enem 2023 foi publicado no in\u00edcio do m\u00eas. Al\u00e9m de apresentar as datas e os hor\u00e1rios do exame, o texto detalha os documentos necess\u00e1rios e as obriga\u00e7\u00f5es do participante, incluindo situa\u00e7\u00f5es em que o candidato pode ser eliminado.<\/p>\n<p>A publica\u00e7\u00e3o do Instituto Nacional de Estudos e Pesquisas An\u00edsio Teixeira (Inep) traz tamb\u00e9m crit\u00e9rios para corre\u00e7\u00e3o das provas e procedimentos para pessoas que precisam de cuidados especiais durante o concurso.<\/p>\n<p>Os gabaritos das provas objetivas ser\u00e3o publicados no dia 24 de novembro no <a href=\"https:\/\/www.gov.br\/inep\/pt-br\" target=\"_blank\" rel=\"noopener\"><strong><u>portal do Inep<\/u><\/strong><\/a>. J\u00e1 os resultados individuais ser\u00e3o divulgados no dia 16 de janeiro de 2024 no mesmo <i>site<\/i>.<\/p>\n<p>&nbsp;<\/p>\n<p>&nbsp;<\/p>\n<p>*Ag\u00eancia Brasil<\/p>\n","protected":false},"excerpt":{"rendered":"<p>As inscri\u00e7\u00f5es para o Exame Nacional do Ensino M\u00e9dio (Enem) terminam na pr\u00f3xima sexta-feira (16). Interessados em participar do certame, que ser\u00e1 aplicado nos dias 5 e 12 de novembro, podem fazer o cadastro na P\u00e1gina do Participante. O valor da taxa de inscri\u00e7\u00e3o \u00e9 R$ 85 e deve ser pago\u00a0at\u00e9 21 de junho. O [&hellip;]<\/p>\n","protected":false},"author":5,"featured_media":196337,"comment_status":"closed","ping_status":"closed","sticky":false,"template":"","format":"standard","meta":{"footnotes":""},"categories":[27],"tags":[],"class_list":["post-242390","post","type-post","status-publish","format-standard","has-post-thumbnail","hentry","category-educacao"],"_links":{"self":[{"href":"https:\/\/www.ocorreionews.com.br\/acervo-correio\/index.php?rest_route=\/wp\/v2\/posts\/242390","targetHints":{"allow":["GET"]}}],"collection":[{"href":"https:\/\/www.ocorreionews.com.br\/acervo-correio\/index.php?rest_route=\/wp\/v2\/posts"}],"about":[{"href":"https:\/\/www.ocorreionews.com.br\/acervo-correio\/index.php?rest_route=\/wp\/v2\/types\/post"}],"author":[{"embeddable":true,"href":"https:\/\/www.ocorreionews.com.br\/acervo-correio\/index.php?rest_route=\/wp\/v2\/users\/5"}],"replies":[{"embeddable":true,"href":"https:\/\/www.ocorreionews.com.br\/acervo-correio\/index.php?rest_route=%2Fwp%2Fv2%2Fcomments&post=242390"}],"version-history":[{"count":1,"href":"https:\/\/www.ocorreionews.com.br\/acervo-correio\/index.php?rest_route=\/wp\/v2\/posts\/242390\/revisions"}],"predecessor-version":[{"id":242391,"href":"https:\/\/www.ocorreionews.com.br\/acervo-correio\/index.php?rest_route=\/wp\/v2\/posts\/242390\/revisions\/242391"}],"wp:featuredmedia":[{"embeddable":true,"href":"https:\/\/www.ocorreionews.com.br\/acervo-correio\/index.php?rest_route=\/wp\/v2\/media\/196337"}],"wp:attachment":[{"href":"https:\/\/www.ocorreionews.com.br\/acervo-correio\/index.php?rest_route=%2Fwp%2Fv2%2Fmedia&parent=242390"}],"wp:term":[{"taxonomy":"category","embeddable":true,"href":"https:\/\/www.ocorreionews.com.br\/acervo-correio\/index.php?rest_route=%2Fwp%2Fv2%2Fcategories&post=242390"},{"taxonomy":"post_tag","embeddable":true,"href":"https:\/\/www.ocorreionews.com.br\/acervo-correio\/index.php?rest_route=%2Fwp%2Fv2%2Ftags&post=242390"}],"curies":[{"name":"wp","href":"https:\/\/api.w.org\/{rel}","templated":true}]}}