{"id":242400,"date":"2023-06-13T10:03:46","date_gmt":"2023-06-13T14:03:46","guid":{"rendered":"https:\/\/www.ocorreionews.com.br\/acervo-correio\/?p=242400"},"modified":"2023-06-13T10:03:46","modified_gmt":"2023-06-13T14:03:46","slug":"casos-de-feminicidio-cairam-pela-metade-em-2023-mas-9-mulheres-perderam-a-vida","status":"publish","type":"post","link":"https:\/\/www.ocorreionews.com.br\/acervo-correio\/?p=242400","title":{"rendered":"Casos de feminic\u00eddio ca\u00edram pela metade em 2023, mas 9 mulheres perderam a vida"},"content":{"rendered":"<p>De janeiro a maio de 2023, nove mulheres morreram v\u00edtimas de feminic\u00eddio em Mato Grosso do Sul. O n\u00famero \u00e9 50% menor em rela\u00e7\u00e3o ao mesmo per\u00edodo de 2022, quando houve 18 mortes, conforme dados da Sejusp (Secretaria de Estado de Justi\u00e7a e Seguran\u00e7a P\u00fablica). Em Campo Grande, a redu\u00e7\u00e3o nesse tipo de crime foi de 40%. Nos primeiros cinco meses deste ano foram registrados tr\u00eas casos e no mesmo per\u00edodo de 2022 foram cinco feminic\u00eddios.<\/p>\n<p>A queda \u00e9 fruto do fortalecimento das pol\u00edticas p\u00fablicas voltadas \u00e0s mulheres v\u00edtimas de viol\u00eancia dom\u00e9stica, na avalia\u00e7\u00e3o da delegada titular da Deam (Delegacia Especializada de Atendimento \u00e0 Mulher) de Campo Grande, Elaine Benicasa.<\/p>\n<figure style=\"width: 604px\" class=\"wp-caption aligncenter\"><img loading=\"lazy\" decoding=\"async\" class=\"img-fluid\" src=\"https:\/\/cdn6.campograndenews.com.br\/uploads\/noticias\/2023\/06\/13\/227cn3xszyroo.jpg\" sizes=\"auto, (min-width: 1024px) calc(.5 * (100vw - 21.875em)), 100vw\" srcset=\"https:\/\/cdn6.campograndenews.com.br\/uploads\/noticias\/2023\/06\/13\/24iig6gsyv284.jpg 1024w, https:\/\/cdn6.campograndenews.com.br\/uploads\/noticias\/2023\/06\/13\/2os2fibjaask0.jpg 640w, https:\/\/cdn6.campograndenews.com.br\/uploads\/noticias\/2023\/06\/13\/227cn3xszyroo.jpg 320w\" alt=\"Policial Militar e v\u00edtima de viol\u00eancia em atendimento do Promuse (Programa Mulher Segura). (Foto: Divulga\u00e7\u00e3o\/Sejusp)\" width=\"604\" height=\"403\" \/><figcaption class=\"wp-caption-text\">Policial Militar e v\u00edtima de viol\u00eancia em atendimento do Promuse (Programa Mulher Segura). (Foto: Divulga\u00e7\u00e3o\/Sejusp)<\/figcaption><\/figure>\n<p>O atendimento para exames de corpo de delito em duas delegacias da cidade, implantado em mar\u00e7o, e as a\u00e7\u00f5es do Promuse (Programa Mulher Segura) da PM (Pol\u00edcia Militar) impactam as estat\u00edsticas, al\u00e9m das a\u00e7\u00f5es de toda a rede de prote\u00e7\u00e3o.<\/p>\n<p>Por meio da rede de prote\u00e7\u00e3o e atendimento, a informa\u00e7\u00e3o \u00e9 levada \u00e0s mulheres. E n\u00e3o apenas a elas, como tamb\u00e9m a toda a popula\u00e7\u00e3o, de forma coesa, objetiva e intensa, fazendo com que as v\u00edtimas se sintam fortalecidas e seguras para denunciarem os casos de viol\u00eancia, registrarem boletins de ocorr\u00eancia e pedirem medidas protetivas de urg\u00eancia\u201d, comenta a delegada Elaine.<\/p>\n<p>As den\u00fancias ajudam na preven\u00e7\u00e3o, conforme a delegada. \u201cEm quase a totalidade dos casos de feminic\u00eddios consumados, as v\u00edtimas n\u00e3o possu\u00edam sequer BOs (boletins de ocorr\u00eancia) registrados em desfavor dos agressores. O BO, juntamente com o pedido de medidas protetivas, \u00e9 de extrema import\u00e2ncia, pois acaba trazendo n\u00e3o apenas prote\u00e7\u00e3o \u00e0 v\u00edtima, como tamb\u00e9m um certo temor aos agressores com a certeza da puni\u00e7\u00e3o, evitando assim a\u00e7\u00f5es violentas contra as mulheres e prevenindo n\u00e3o apenas feminic\u00eddios, como tamb\u00e9m outros tipos de crime\u201d.<\/p>\n<figure style=\"width: 599px\" class=\"wp-caption aligncenter\"><img loading=\"lazy\" decoding=\"async\" class=\"img-fluid\" src=\"https:\/\/cdn6.campograndenews.com.br\/uploads\/noticias\/2023\/06\/13\/3ekw7im74w2sw.jpeg\" sizes=\"auto, (min-width: 1024px) calc(.5 * (100vw - 21.875em)), 100vw\" srcset=\"https:\/\/cdn6.campograndenews.com.br\/uploads\/noticias\/2023\/06\/13\/i9gxzy6tbx9c.jpeg 1024w, https:\/\/cdn6.campograndenews.com.br\/uploads\/noticias\/2023\/06\/13\/3i9mmdbyvw84o.jpeg 640w, https:\/\/cdn6.campograndenews.com.br\/uploads\/noticias\/2023\/06\/13\/3ekw7im74w2sw.jpeg 320w\" alt=\"Casa da Mulher Brasileira, onde funciona a Deam (Delegacia Especializada de Atendimento \u00e0 Mulher) de Campo Grande. (Foto: Henrique Kawaminami)\" width=\"599\" height=\"399\" \/><figcaption class=\"wp-caption-text\">Casa da Mulher Brasileira, onde funciona a Deam (Delegacia Especializada de Atendimento \u00e0 Mulher) de Campo Grande. (Foto: Henrique Kawaminami)<\/figcaption><\/figure>\n<p>&nbsp;<\/p>\n<p>A delegada lembra que a implanta\u00e7\u00e3o do n\u00facleo do Imol (Instituto de Medicina e Odontologia Legal) na Casa da Mulher Brasileira, mesmo pr\u00e9dio da Deam, deu agilidade na realiza\u00e7\u00e3o dos exames, conforto \u00e0s v\u00edtimas e, ajudou a diminuir os casos de desist\u00eancia de registro de ocorr\u00eancia.<\/p>\n<p>Aberto em mar\u00e7o, o n\u00facleo na Deam e no Cepol (Centro Especializado de Pol\u00edcia) chegaram a fechar, porque o CRM-MS (Conselho Regional de Medicina de Mato Grosso do Sul) destacou que conforme a Resolu\u00e7\u00e3o 1.635\/2002 do CFM (Conselho Federal de Medicina), os profissionais n\u00e3o podem realizar exames m\u00e9dico periciais de corpo de delito dentro dos pr\u00e9dios e\/ou depend\u00eancias de delegacias.<\/p>\n<figure style=\"width: 600px\" class=\"wp-caption aligncenter\"><img loading=\"lazy\" decoding=\"async\" class=\"img-fluid\" src=\"https:\/\/cdn6.campograndenews.com.br\/uploads\/noticias\/2023\/06\/13\/3mh6w3gxfdq8w.png\" sizes=\"auto, (min-width: 1024px) calc(.5 * (100vw - 21.875em)), 100vw\" srcset=\"https:\/\/cdn6.campograndenews.com.br\/uploads\/noticias\/2023\/06\/13\/2dkwe249jqjo0.png 1024w, https:\/\/cdn6.campograndenews.com.br\/uploads\/noticias\/2023\/06\/13\/3uo0z4zxplogg.png 640w, https:\/\/cdn6.campograndenews.com.br\/uploads\/noticias\/2023\/06\/13\/3mh6w3gxfdq8w.png 320w\" alt=\"Delegada titular da Deam (Delegacia Especializada de Atendimento \u00e0 Mulher) de Campo Grande, Elaine Benicasa. (Foto: Divulga\u00e7\u00e3o\/Sejusp)\" width=\"600\" height=\"353\" \/><figcaption class=\"wp-caption-text\">Delegada titular da Deam (Delegacia Especializada de Atendimento \u00e0 Mulher) de Campo Grande, Elaine Benicasa. (Foto: Divulga\u00e7\u00e3o\/Sejusp)<\/figcaption><\/figure>\n<p>&nbsp;<\/p>\n<p>No entanto, as salas foram reabertas na quinta-feira (8), ap\u00f3s a Justi\u00e7a Federal deferir liminar contra a suspens\u00e3o dos atendimentos. A dist\u00e2ncia entre as delegacias e o Imol passa de 9 quil\u00f4metros na Capital, o que pode ser considerado um empecilho aos procedimentos necess\u00e1rios para garantir a prote\u00e7\u00e3o das mulheres e tamb\u00e9m das crian\u00e7as e adolescentes atendidas nas delegacias.<\/p>\n<p>O secret\u00e1rio Estadual de Justi\u00e7a e Seguran\u00e7a P\u00fablica, Ant\u00f4nio Carlos Videira, explica que o pleno atendimento \u00e0s v\u00edtimas de viol\u00eancia garante a materialidade das provas atrav\u00e9s dos laudos m\u00e9dicos, bem como a puni\u00e7\u00e3o dos agressores.<\/p>\n<p>\u201cTer esse atendimento dentro da Casa da Mulher Brasileira \u00e9 garantir que os autores de crime ser\u00e3o punidos. No passado, muitas vezes a mulher v\u00edtima de viol\u00eancia n\u00e3o comparecia ao Imol, n\u00e3o realizava o exame, o que acabava beneficiando a impunidade do agressor e a impunidade de uma agress\u00e3o, por exemplo, pode levar a um feminic\u00eddio no futuro\u201d, detalha Videira.<\/p>\n<p><strong>Programa Mulher Segura &#8211;<\/strong> O Promuse atende em 18 munic\u00edpios de Mato Grosso do Sul com monitoramento e prote\u00e7\u00e3o das mulheres em situa\u00e7\u00e3o de viol\u00eancia dom\u00e9stica e familiar.<\/p>\n<p>Os policiais militares capacitados realizam policiamento orientado com objetivo de promover o enfrentamento \u00e0 viol\u00eancia dom\u00e9stica contra mulheres, por meio de fiscaliza\u00e7\u00e3o de medidas protetivas de urg\u00eancia, a\u00e7\u00f5es de preven\u00e7\u00e3o, visitas t\u00e9cnicas, conversas com v\u00edtimas, familiares e at\u00e9 mesmo com os agressores, fazendo os encaminhamentos aos \u00f3rg\u00e3os da rede de enfrentamento \u00e0 viol\u00eancia contra as mulheres.<\/p>\n<p>No caso de necessidade de chamado de socorro, a mulher deve acionar a PM pelo n\u00famero 190 ou pelo n\u00famero (67) 99180-0542, que tem WhatsApp, ou ainda nos canais do interior do Estado. Ap\u00f3s a primeira visita domiciliar da equipe, a v\u00edtima passa a ser acompanhada periodicamente por meio de contatos telef\u00f4nicos e presenciais.<\/p>\n<figure style=\"width: 602px\" class=\"wp-caption aligncenter\"><img loading=\"lazy\" decoding=\"async\" class=\"img-fluid\" src=\"https:\/\/cdn6.campograndenews.com.br\/uploads\/noticias\/2023\/06\/13\/1kqxog1tk634j.jpeg\" sizes=\"auto, (min-width: 1024px) calc(.5 * (100vw - 21.875em)), 100vw\" srcset=\"https:\/\/cdn6.campograndenews.com.br\/uploads\/noticias\/2023\/06\/13\/3chrg73evwyss.jpeg 1024w, https:\/\/cdn6.campograndenews.com.br\/uploads\/noticias\/2023\/06\/13\/z9y4i6h0vnhd.jpeg 640w, https:\/\/cdn6.campograndenews.com.br\/uploads\/noticias\/2023\/06\/13\/1kqxog1tk634j.jpeg 320w\" alt=\"Familiares de Karolina Silva Pereira com camiseta em homenagem \u00e0 mo\u00e7a que foi morta pelo ex aos 22 anos. (Foto: Henrique Kawaminami\/Arquivo)\" width=\"602\" height=\"401\" \/><figcaption class=\"wp-caption-text\">Familiares de Karolina Silva Pereira com camiseta em homenagem \u00e0 mo\u00e7a que foi morta pelo ex aos 22 anos. (Foto: Henrique Kawaminami\/Arquivo)<\/figcaption><\/figure>\n<p>&nbsp;<\/p>\n<p><strong>Caso &#8211;<\/strong> Em Campo Grande, a jovem Karolina Silva Pereira, de 22 anos, morreu ap\u00f3s ser baleada pelo ex-namorado, Messias Cordeiro da Silva, 25, na madrugada do dia 30 abril deste ano, no Jardim Colibri, em Campo Grande. Na ocasi\u00e3o, Luan Roberto de Oliveira Oliveira, 24, tamb\u00e9m foi atingido e morreu no local. Messias se entregou \u00e0 pol\u00edcia e confessou o crime.<\/p>\n<p>&nbsp;<\/p>\n<p>Por Caroline Maldonado &#8211; CAMPO GRANDE NEWS<\/p>\n","protected":false},"excerpt":{"rendered":"<p>De janeiro a maio de 2023, nove mulheres morreram v\u00edtimas de feminic\u00eddio em Mato Grosso do Sul. O n\u00famero \u00e9 50% menor em rela\u00e7\u00e3o ao mesmo per\u00edodo de 2022, quando houve 18 mortes, conforme dados da Sejusp (Secretaria de Estado de Justi\u00e7a e Seguran\u00e7a P\u00fablica). Em Campo Grande, a redu\u00e7\u00e3o nesse tipo de crime foi [&hellip;]<\/p>\n","protected":false},"author":5,"featured_media":217518,"comment_status":"closed","ping_status":"closed","sticky":false,"template":"","format":"standard","meta":{"footnotes":""},"categories":[38],"tags":[],"class_list":["post-242400","post","type-post","status-publish","format-standard","has-post-thumbnail","hentry","category-policia"],"_links":{"self":[{"href":"https:\/\/www.ocorreionews.com.br\/acervo-correio\/index.php?rest_route=\/wp\/v2\/posts\/242400","targetHints":{"allow":["GET"]}}],"collection":[{"href":"https:\/\/www.ocorreionews.com.br\/acervo-correio\/index.php?rest_route=\/wp\/v2\/posts"}],"about":[{"href":"https:\/\/www.ocorreionews.com.br\/acervo-correio\/index.php?rest_route=\/wp\/v2\/types\/post"}],"author":[{"embeddable":true,"href":"https:\/\/www.ocorreionews.com.br\/acervo-correio\/index.php?rest_route=\/wp\/v2\/users\/5"}],"replies":[{"embeddable":true,"href":"https:\/\/www.ocorreionews.com.br\/acervo-correio\/index.php?rest_route=%2Fwp%2Fv2%2Fcomments&post=242400"}],"version-history":[{"count":1,"href":"https:\/\/www.ocorreionews.com.br\/acervo-correio\/index.php?rest_route=\/wp\/v2\/posts\/242400\/revisions"}],"predecessor-version":[{"id":242401,"href":"https:\/\/www.ocorreionews.com.br\/acervo-correio\/index.php?rest_route=\/wp\/v2\/posts\/242400\/revisions\/242401"}],"wp:featuredmedia":[{"embeddable":true,"href":"https:\/\/www.ocorreionews.com.br\/acervo-correio\/index.php?rest_route=\/wp\/v2\/media\/217518"}],"wp:attachment":[{"href":"https:\/\/www.ocorreionews.com.br\/acervo-correio\/index.php?rest_route=%2Fwp%2Fv2%2Fmedia&parent=242400"}],"wp:term":[{"taxonomy":"category","embeddable":true,"href":"https:\/\/www.ocorreionews.com.br\/acervo-correio\/index.php?rest_route=%2Fwp%2Fv2%2Fcategories&post=242400"},{"taxonomy":"post_tag","embeddable":true,"href":"https:\/\/www.ocorreionews.com.br\/acervo-correio\/index.php?rest_route=%2Fwp%2Fv2%2Ftags&post=242400"}],"curies":[{"name":"wp","href":"https:\/\/api.w.org\/{rel}","templated":true}]}}