{"id":242402,"date":"2023-06-13T10:20:55","date_gmt":"2023-06-13T14:20:55","guid":{"rendered":"https:\/\/www.ocorreionews.com.br\/acervo-correio\/?p=242402"},"modified":"2023-06-13T10:20:55","modified_gmt":"2023-06-13T14:20:55","slug":"fazendas-de-mt-utilizam-tecnologia-nos-processos-agricolas-e-obtem-ganho-de-ate-40-na-produtividade-diz-pesquisa","status":"publish","type":"post","link":"https:\/\/www.ocorreionews.com.br\/acervo-correio\/?p=242402","title":{"rendered":"Fazendas de MT utilizam tecnologia nos processos agr\u00edcolas e obt\u00e9m ganho de at\u00e9 40% na produtividade, diz pesquisa"},"content":{"rendered":"<div id=\"chunk-ah1tj\">\n<div class=\"mc-column content-text active-extra-styles \" data-block-type=\"unstyled\" data-block-weight=\"43\" data-block-id=\"3\">\n<p class=\"content-text__container \" data-track-category=\"Link no Texto\" data-track-links=\"\">Um levantamento feito pela Confedera\u00e7\u00e3o da Agricultura e Pecu\u00e1ria do Brasil (CNA) apontou que o aumento de produtividade nas fazendas de Mato Grosso, que usam tecnologias nos processos, pode chegar a 40%. As ferramentas, al\u00e9m de melhorarem a performance, ainda reduzem os custos.<\/p>\n<p data-track-category=\"Link no Texto\" data-track-links=\"\">\n<\/div>\n<\/div>\n<div class=\"wall protected-content\">\n<div id=\"chunk-7var4\">\n<div class=\"mc-column content-text active-extra-styles \" data-block-type=\"unstyled\" data-block-weight=\"28\" data-block-id=\"4\">\n<p class=\"content-text__container \" data-track-category=\"Link no Texto\" data-track-links=\"\">A tecnologia e a conectividade t\u00eam contribu\u00eddo em todos os setores do agroneg\u00f3cio. M\u00e1quinas e computadores para supervisionar planta\u00e7\u00f5es e mecaniza\u00e7\u00e3o de processos ajudam na produ\u00e7\u00e3o de alimentos.<\/p>\n<p data-track-category=\"Link no Texto\" data-track-links=\"\">\n<\/div>\n<\/div>\n<div id=\"chunk-icj5\">\n<div class=\"mc-column content-text active-extra-styles \" data-block-type=\"unstyled\" data-block-weight=\"27\" data-block-id=\"5\">\n<p class=\"content-text__container \" data-track-category=\"Link no Texto\" data-track-links=\"\">Por comando de voz, o supervisor de tecnologia, Alcionaldo Silva, acompanha a opera\u00e7\u00e3o de seis fazendas em Lucas do Rio Verde, a 360 km de Cuiab\u00e1.<\/p>\n<p data-track-category=\"Link no Texto\" data-track-links=\"\">\n<\/div>\n<\/div>\n<div id=\"chunk-88pic\">\n<div class=\"mc-column content-text active-extra-styles \" data-block-type=\"unstyled\" data-block-weight=\"36\" data-block-id=\"6\">\n<p class=\"content-text__container \" data-track-category=\"Link no Texto\" data-track-links=\"\">\u201cAqui a gente consegue monitorar todas as opera\u00e7\u00f5es de campo, a velocidade de m\u00e1quina em campo, rendimento da m\u00e1quina, produ\u00e7\u00e3o, temperatura de motor e a pluviometria. Temos todas as unidades na palma da m\u00e3o\u201d, explicou.<\/p>\n<p data-track-category=\"Link no Texto\" data-track-links=\"\">\n<\/div>\n<\/div>\n<div id=\"chunk-32dce\">\n<div class=\"row medium-uncollapsed content-media content-photo\" data-block-type=\"backstage-photo\" data-block-id=\"8\">\n<div class=\" mc-column  content-media__container\">\n<div class=\"content-media-container glb-skeleton-box\">\n<figure class=\"content-media-figure\">\n<p><figure style=\"width: 647px\" class=\"wp-caption aligncenter\"><img loading=\"lazy\" decoding=\"async\" class=\"i-amphtml-fill-content i-amphtml-replaced-content\" src=\"https:\/\/s2-g1.glbimg.com\/Jbo8_kUkvotnY7f_Xwagqs6lGcs=\/0x0:649x363\/984x0\/smart\/filters:strip_icc()\/i.s3.glbimg.com\/v1\/AUTH_59edd422c0c84a879bd37670ae4f538a\/internal_photos\/bs\/2023\/i\/m\/VDHhGFQ46cPvS0lR1E1w\/maquinas-2.png\" sizes=\"auto, (max-width: 1366px) 648px, 100vw\" srcset=\"https:\/\/s2-g1.glbimg.com\/6grZOrjVtOoI95yBUzK3lPi_A8c=\/0x0:649x363\/1000x0\/smart\/filters:strip_icc()\/i.s3.glbimg.com\/v1\/AUTH_59edd422c0c84a879bd37670ae4f538a\/internal_photos\/bs\/2023\/i\/m\/VDHhGFQ46cPvS0lR1E1w\/maquinas-2.png 1000w, https:\/\/s2-g1.glbimg.com\/Jbo8_kUkvotnY7f_Xwagqs6lGcs=\/0x0:649x363\/984x0\/smart\/filters:strip_icc()\/i.s3.glbimg.com\/v1\/AUTH_59edd422c0c84a879bd37670ae4f538a\/internal_photos\/bs\/2023\/i\/m\/VDHhGFQ46cPvS0lR1E1w\/maquinas-2.png 984w, https:\/\/s2-g1.glbimg.com\/qeMWiB_olBP7nhDPEgt98i5sn04=\/0x0:649x363\/640x0\/smart\/filters:strip_icc()\/i.s3.glbimg.com\/v1\/AUTH_59edd422c0c84a879bd37670ae4f538a\/internal_photos\/bs\/2023\/i\/m\/VDHhGFQ46cPvS0lR1E1w\/maquinas-2.png 640w, https:\/\/s2-g1.glbimg.com\/ykPY0f3Ba9Ef7s6Hf0EWm4pUMvM=\/0x0:649x363\/600x0\/smart\/filters:strip_icc()\/i.s3.glbimg.com\/v1\/AUTH_59edd422c0c84a879bd37670ae4f538a\/internal_photos\/bs\/2023\/i\/m\/VDHhGFQ46cPvS0lR1E1w\/maquinas-2.png 600w\" alt=\" As ferramentas al\u00e9m de melhorarem a performance, ainda reduzem os custos na propriedade \u2014 Foto: TVCA\" width=\"647\" height=\"362\" \/><figcaption class=\"wp-caption-text\">As ferramentas al\u00e9m de melhorarem a performance, ainda reduzem os custos na propriedade \u2014 Foto: TVCA<\/figcaption><\/figure><\/figure>\n<\/div>\n<p class=\"content-media__description  \">\n<p>&nbsp;<\/p>\n<\/div>\n<\/div>\n<\/div>\n<div id=\"chunk-pdcp\">\n<div class=\"mc-column content-text active-extra-styles \" data-block-type=\"unstyled\" data-block-weight=\"23\" data-block-id=\"9\">\n<p class=\"content-text__container \" data-track-category=\"Link no Texto\" data-track-links=\"\">Na sala de controle, comandada pelo operador de m\u00e1quinas H\u00e9lio Leal Machado, tamb\u00e9m \u00e9 poss\u00edvel emitir alertas para os operadores das m\u00e1quinas.<\/p>\n<p data-track-category=\"Link no Texto\" data-track-links=\"\">\n<\/div>\n<\/div>\n<div id=\"chunk-7legd\">\n<div class=\"mc-column content-text active-extra-styles \" data-block-type=\"unstyled\" data-block-weight=\"48\" data-block-id=\"10\">\n<p class=\"content-text__container \" data-track-category=\"Link no Texto\" data-track-links=\"\">\u201cAntigamente, era no sol, no mais bruto, n\u00e3o era nesse conforto que temos hoje n\u00e3o. Hoje, j\u00e1 vem todas as informa\u00e7\u00f5es na tela.<\/p>\n<p class=\"content-text__container \" data-track-category=\"Link no Texto\" data-track-links=\"\">Se der algum problema em uma caixa voc\u00ea j\u00e1 monitora aqui, d\u00e1 de ver, por exemplo, a caixa que n\u00e3o est\u00e1 caindo semente\u201d, afirmou.<\/p>\n<p data-track-category=\"Link no Texto\" data-track-links=\"\">\n<\/div>\n<\/div>\n<div id=\"chunk-f7s9k\">\n<div class=\"mc-column content-text active-extra-styles \" data-block-type=\"unstyled\" data-block-weight=\"30\" data-block-id=\"11\">\n<p class=\"content-text__container \" data-track-category=\"Link no Texto\" data-track-links=\"\">O agro de precis\u00e3o conta com outras ferramentas poderosas. Os drones agr\u00edcolas, por exemplo, s\u00e3o capazes de mapear a planta\u00e7\u00e3o e dosar a quantidade exata de defensivo para cada \u00e1rea.<\/p>\n<p data-track-category=\"Link no Texto\" data-track-links=\"\">\n<\/div>\n<\/div>\n<div id=\"chunk-fsq67\">\n<div class=\"mc-column content-text active-extra-styles \" data-block-type=\"unstyled\" data-block-weight=\"51\" data-block-id=\"13\">\n<p class=\"content-text__container \" data-track-category=\"Link no Texto\" data-track-links=\"\">\u201cHoje n\u00f3s temos no agro uma janela tanto de plantio, de colheita, para qualquer opera\u00e7\u00e3o, cada vez mais estreita, principalmente na regi\u00e3o centro-oeste, aonde n\u00f3s estamos inseridos com nossas opera\u00e7\u00f5es. Ent\u00e3o, como esse tempo est\u00e1 muito curto, voc\u00ea precisa aproveitar cada minuto&#8221;, explicou o gerente administrativo da fazenda, Andrei Perissinoto.<\/p>\n<p data-track-category=\"Link no Texto\" data-track-links=\"\">\n<\/div>\n<\/div>\n<\/div>\n<p title=\"Gustavo Nolasco, TV Centro Am\u00e9rica\">\n<p class=\"content-publication-data__from\" title=\"Gustavo Nolasco, TV Centro Am\u00e9rica\">Por Gustavo Nolasco, TV Centro Am\u00e9rica<\/p>\n","protected":false},"excerpt":{"rendered":"<p>Um levantamento feito pela Confedera\u00e7\u00e3o da Agricultura e Pecu\u00e1ria do Brasil (CNA) apontou que o aumento de produtividade nas fazendas de Mato Grosso, que usam tecnologias nos processos, pode chegar a 40%. As ferramentas, al\u00e9m de melhorarem a performance, ainda reduzem os custos. A tecnologia e a conectividade t\u00eam contribu\u00eddo em todos os setores do [&hellip;]<\/p>\n","protected":false},"author":5,"featured_media":242403,"comment_status":"closed","ping_status":"closed","sticky":false,"template":"","format":"standard","meta":{"footnotes":""},"categories":[17,142],"tags":[],"class_list":["post-242402","post","type-post","status-publish","format-standard","has-post-thumbnail","hentry","category-agropecuaria","category-mato-grosso"],"_links":{"self":[{"href":"https:\/\/www.ocorreionews.com.br\/acervo-correio\/index.php?rest_route=\/wp\/v2\/posts\/242402","targetHints":{"allow":["GET"]}}],"collection":[{"href":"https:\/\/www.ocorreionews.com.br\/acervo-correio\/index.php?rest_route=\/wp\/v2\/posts"}],"about":[{"href":"https:\/\/www.ocorreionews.com.br\/acervo-correio\/index.php?rest_route=\/wp\/v2\/types\/post"}],"author":[{"embeddable":true,"href":"https:\/\/www.ocorreionews.com.br\/acervo-correio\/index.php?rest_route=\/wp\/v2\/users\/5"}],"replies":[{"embeddable":true,"href":"https:\/\/www.ocorreionews.com.br\/acervo-correio\/index.php?rest_route=%2Fwp%2Fv2%2Fcomments&post=242402"}],"version-history":[{"count":1,"href":"https:\/\/www.ocorreionews.com.br\/acervo-correio\/index.php?rest_route=\/wp\/v2\/posts\/242402\/revisions"}],"predecessor-version":[{"id":242404,"href":"https:\/\/www.ocorreionews.com.br\/acervo-correio\/index.php?rest_route=\/wp\/v2\/posts\/242402\/revisions\/242404"}],"wp:featuredmedia":[{"embeddable":true,"href":"https:\/\/www.ocorreionews.com.br\/acervo-correio\/index.php?rest_route=\/wp\/v2\/media\/242403"}],"wp:attachment":[{"href":"https:\/\/www.ocorreionews.com.br\/acervo-correio\/index.php?rest_route=%2Fwp%2Fv2%2Fmedia&parent=242402"}],"wp:term":[{"taxonomy":"category","embeddable":true,"href":"https:\/\/www.ocorreionews.com.br\/acervo-correio\/index.php?rest_route=%2Fwp%2Fv2%2Fcategories&post=242402"},{"taxonomy":"post_tag","embeddable":true,"href":"https:\/\/www.ocorreionews.com.br\/acervo-correio\/index.php?rest_route=%2Fwp%2Fv2%2Ftags&post=242402"}],"curies":[{"name":"wp","href":"https:\/\/api.w.org\/{rel}","templated":true}]}}