{"id":242407,"date":"2023-06-13T13:32:25","date_gmt":"2023-06-13T17:32:25","guid":{"rendered":"https:\/\/www.ocorreionews.com.br\/acervo-correio\/?p=242407"},"modified":"2023-06-13T14:35:12","modified_gmt":"2023-06-13T18:35:12","slug":"mae-e-presa-apos-filho-de-4-anos-da-entrada-com-varios-em-hospital-de-chapadao-do-sul-com-varios-ferimentos-crianca-precisou-ser-transferida-para-capital","status":"publish","type":"post","link":"https:\/\/www.ocorreionews.com.br\/acervo-correio\/?p=242407","title":{"rendered":"M\u00e3e \u00e9 presa ap\u00f3s filho de 4 anos da entrada no Hospital de Chapad\u00e3o do Sul com v\u00e1rios ferimentos. Crian\u00e7a precisou ser transferida para Capital"},"content":{"rendered":"<p>Uma mulher de 21 anos foi presa no inicio da tarde desta segunda-feira (12), ap\u00f3s seu filho de quatros anos dar entrada no Hospital Municipal de Chapad\u00e3o do Sul com varias les\u00f5es e ter que ser transferida para Campo Grande, devido \u00e0 gravidade dos ferimentos.<\/p>\n<p>Segundo informa\u00e7\u00f5es do Boletim de Ocorr\u00eancia da Pol\u00edcia Militar, por volta das 13h20min, os militares foram acionados para comparecer no Hospital Municipal, para verificar uma situa\u00e7\u00e3o de maus tratos contra uma crian\u00e7a que havia dado entrada no local.<\/p>\n<p>No hospital os policias foram informados pela equipe, que e tratava se uma crian\u00e7a de 4 anos do sexo masculino e que apresentava v\u00e1rias les\u00f5es, sendo uma grave na testa, hematoma na regi\u00e3o dos olhos e um corte na cabe\u00e7a.<\/p>\n<p>A crian\u00e7a foi encaminhada para Campo Grande- MS pela gravidade de suas les\u00f5es.<\/p>\n<p>Diante dos fatos a Policia Militar deslocou-se ate a casa da crian\u00e7a e localizou a poss\u00edvel suspeita a m\u00e3e da crian\u00e7a. \u00a0Na resid\u00eancia havia outras quatro crian\u00e7as (n\u00e3o tiveram a idade revelada) e ao ser indagada a autora diz que nenhuma delas frequenta a escola.<\/p>\n<p>Os policiais deram voz de pris\u00e3o \u00e0 m\u00e3e da crian\u00e7a que foi encaminhada para Delegacia de Pol\u00edcia para tomar as medidas cab\u00edveis. Ser for comprovado ela poder\u00e1 responder criminalmente por Abandono de incapaz, Maus tratos qualificado e Crime de tortura qualificado.<\/p>\n<p>O Conselho Tutelar de Chapad\u00e3o do Sul acompanhou todo caso.<\/p>\n<p>&nbsp;<\/p>\n<p><em>Fonte: O Correio News, com informa\u00e7\u00f5es da Assessoria de comunica\u00e7\u00e3o da 4\u00aaCIPM.<\/em><\/p>\n","protected":false},"excerpt":{"rendered":"<p>Uma mulher de 21 anos foi presa no inicio da tarde desta segunda-feira (12), ap\u00f3s seu filho de quatros anos dar entrada no Hospital Municipal de Chapad\u00e3o do Sul com varias les\u00f5es e ter que ser transferida para Campo Grande, devido \u00e0 gravidade dos ferimentos. Segundo informa\u00e7\u00f5es do Boletim de Ocorr\u00eancia da Pol\u00edcia Militar, por [&hellip;]<\/p>\n","protected":false},"author":5,"featured_media":181643,"comment_status":"closed","ping_status":"closed","sticky":false,"template":"","format":"standard","meta":{"footnotes":""},"categories":[23,41,38],"tags":[],"class_list":["post-242407","post","type-post","status-publish","format-standard","has-post-thumbnail","hentry","category-chapadao-do-sul","category-destaque","category-policia"],"_links":{"self":[{"href":"https:\/\/www.ocorreionews.com.br\/acervo-correio\/index.php?rest_route=\/wp\/v2\/posts\/242407","targetHints":{"allow":["GET"]}}],"collection":[{"href":"https:\/\/www.ocorreionews.com.br\/acervo-correio\/index.php?rest_route=\/wp\/v2\/posts"}],"about":[{"href":"https:\/\/www.ocorreionews.com.br\/acervo-correio\/index.php?rest_route=\/wp\/v2\/types\/post"}],"author":[{"embeddable":true,"href":"https:\/\/www.ocorreionews.com.br\/acervo-correio\/index.php?rest_route=\/wp\/v2\/users\/5"}],"replies":[{"embeddable":true,"href":"https:\/\/www.ocorreionews.com.br\/acervo-correio\/index.php?rest_route=%2Fwp%2Fv2%2Fcomments&post=242407"}],"version-history":[{"count":1,"href":"https:\/\/www.ocorreionews.com.br\/acervo-correio\/index.php?rest_route=\/wp\/v2\/posts\/242407\/revisions"}],"predecessor-version":[{"id":242427,"href":"https:\/\/www.ocorreionews.com.br\/acervo-correio\/index.php?rest_route=\/wp\/v2\/posts\/242407\/revisions\/242427"}],"wp:featuredmedia":[{"embeddable":true,"href":"https:\/\/www.ocorreionews.com.br\/acervo-correio\/index.php?rest_route=\/wp\/v2\/media\/181643"}],"wp:attachment":[{"href":"https:\/\/www.ocorreionews.com.br\/acervo-correio\/index.php?rest_route=%2Fwp%2Fv2%2Fmedia&parent=242407"}],"wp:term":[{"taxonomy":"category","embeddable":true,"href":"https:\/\/www.ocorreionews.com.br\/acervo-correio\/index.php?rest_route=%2Fwp%2Fv2%2Fcategories&post=242407"},{"taxonomy":"post_tag","embeddable":true,"href":"https:\/\/www.ocorreionews.com.br\/acervo-correio\/index.php?rest_route=%2Fwp%2Fv2%2Ftags&post=242407"}],"curies":[{"name":"wp","href":"https:\/\/api.w.org\/{rel}","templated":true}]}}