{"id":242413,"date":"2023-06-13T14:12:45","date_gmt":"2023-06-13T18:12:45","guid":{"rendered":"https:\/\/www.ocorreionews.com.br\/acervo-correio\/?p=242413"},"modified":"2023-06-13T14:12:45","modified_gmt":"2023-06-13T18:12:45","slug":"comunicado-devido-ao-clima-aterado-local-da-atualizacao-da-tarifa-social-da-energisa","status":"publish","type":"post","link":"https:\/\/www.ocorreionews.com.br\/acervo-correio\/?p=242413","title":{"rendered":"Comunicado: Devido ao clima, aterado local da atualiza\u00e7\u00e3o da tarifa social da ENERGISA"},"content":{"rendered":"<p>A Prefeitura de Chapad\u00e3o do Sul atrav\u00e9s da Secretaria de Assist\u00eancia Social informa a toda popula\u00e7\u00e3o que, devido as condi\u00e7\u00f5es clim\u00e1ticas, a atualiza\u00e7\u00e3o da tarifa social que seria realizada na Pra\u00e7a de Eventos na tarde desta ter\u00e7a-feira, 13, ser\u00e1 realizada nos CRAS Cerrado e Parque Uni\u00e3o.<\/p>\n<p>Os atendimentos voltar\u00e3o a ocorrer normalmente na Pra\u00e7a de Eventos na quarta-feira, 14.<\/p>\n<p>A Energisa juntamente com o Poder Executivo agradece a compreens\u00e3o de todos.<\/p>\n","protected":false},"excerpt":{"rendered":"<p>A Prefeitura de Chapad\u00e3o do Sul atrav\u00e9s da Secretaria de Assist\u00eancia Social informa a toda popula\u00e7\u00e3o que, devido as condi\u00e7\u00f5es clim\u00e1ticas, a atualiza\u00e7\u00e3o da tarifa social que seria realizada na Pra\u00e7a de Eventos na tarde desta ter\u00e7a-feira, 13, ser\u00e1 realizada nos CRAS Cerrado e Parque Uni\u00e3o. Os atendimentos voltar\u00e3o a ocorrer normalmente na Pra\u00e7a de [&hellip;]<\/p>\n","protected":false},"author":5,"featured_media":105107,"comment_status":"closed","ping_status":"closed","sticky":false,"template":"","format":"standard","meta":{"footnotes":""},"categories":[23],"tags":[],"class_list":["post-242413","post","type-post","status-publish","format-standard","has-post-thumbnail","hentry","category-chapadao-do-sul"],"_links":{"self":[{"href":"https:\/\/www.ocorreionews.com.br\/acervo-correio\/index.php?rest_route=\/wp\/v2\/posts\/242413","targetHints":{"allow":["GET"]}}],"collection":[{"href":"https:\/\/www.ocorreionews.com.br\/acervo-correio\/index.php?rest_route=\/wp\/v2\/posts"}],"about":[{"href":"https:\/\/www.ocorreionews.com.br\/acervo-correio\/index.php?rest_route=\/wp\/v2\/types\/post"}],"author":[{"embeddable":true,"href":"https:\/\/www.ocorreionews.com.br\/acervo-correio\/index.php?rest_route=\/wp\/v2\/users\/5"}],"replies":[{"embeddable":true,"href":"https:\/\/www.ocorreionews.com.br\/acervo-correio\/index.php?rest_route=%2Fwp%2Fv2%2Fcomments&post=242413"}],"version-history":[{"count":1,"href":"https:\/\/www.ocorreionews.com.br\/acervo-correio\/index.php?rest_route=\/wp\/v2\/posts\/242413\/revisions"}],"predecessor-version":[{"id":242420,"href":"https:\/\/www.ocorreionews.com.br\/acervo-correio\/index.php?rest_route=\/wp\/v2\/posts\/242413\/revisions\/242420"}],"wp:featuredmedia":[{"embeddable":true,"href":"https:\/\/www.ocorreionews.com.br\/acervo-correio\/index.php?rest_route=\/wp\/v2\/media\/105107"}],"wp:attachment":[{"href":"https:\/\/www.ocorreionews.com.br\/acervo-correio\/index.php?rest_route=%2Fwp%2Fv2%2Fmedia&parent=242413"}],"wp:term":[{"taxonomy":"category","embeddable":true,"href":"https:\/\/www.ocorreionews.com.br\/acervo-correio\/index.php?rest_route=%2Fwp%2Fv2%2Fcategories&post=242413"},{"taxonomy":"post_tag","embeddable":true,"href":"https:\/\/www.ocorreionews.com.br\/acervo-correio\/index.php?rest_route=%2Fwp%2Fv2%2Ftags&post=242413"}],"curies":[{"name":"wp","href":"https:\/\/api.w.org\/{rel}","templated":true}]}}