{"id":242414,"date":"2023-06-13T13:58:36","date_gmt":"2023-06-13T17:58:36","guid":{"rendered":"https:\/\/www.ocorreionews.com.br\/acervo-correio\/?p=242414"},"modified":"2023-06-13T13:58:36","modified_gmt":"2023-06-13T17:58:36","slug":"prefeitura-de-figueirao-investe-em-instrumentos-musicais-para-a-banda-municipal","status":"publish","type":"post","link":"https:\/\/www.ocorreionews.com.br\/acervo-correio\/?p=242414","title":{"rendered":"Prefeitura de Figueir\u00e3o investe em instrumentos musicais para a Banda Municipal"},"content":{"rendered":"<div class=\"x11i5rnm xat24cr x1mh8g0r x1vvkbs xtlvy1s x126k92a\">\n<div dir=\"auto\">A Prefeitura Municipal de Figueir\u00e3o, atrav\u00e9s da Secretaria Municipal de Educa\u00e7\u00e3o, Cultura, Esporte e Turismo, adquiriu instrumentos novos para a Banda Municipal e pretende investir cada vez mais na m\u00fasica e em atividades culturais.<\/div>\n<\/div>\n<div class=\"x11i5rnm xat24cr x1mh8g0r x1vvkbs xtlvy1s x126k92a\">\n<div dir=\"auto\">A Banda de Percuss\u00e3o Joaquim Malaquias da Silva, recebeu hoje (13\/06), um investimento de R$ 15.400,00 reais, em materiais para melhoria dos instrumentos musicais. Investimento realizado com recursos pr\u00f3prios.<\/div>\n<\/div>\n<div class=\"x11i5rnm xat24cr x1mh8g0r x1vvkbs xtlvy1s x126k92a\">\n<div dir=\"auto\">A banda, recentemente reativada, \u00e9 composta por um total de 40 alunos, e j\u00e1 est\u00e1 tocando nas apresenta\u00e7\u00f5es. \u00c9 coordenada pelo maestro Ronildo dos Santos.<\/div>\n<\/div>\n<div class=\"x11i5rnm xat24cr x1mh8g0r x1vvkbs xtlvy1s x126k92a\">\n<div dir=\"auto\">\u201cOs ensaios da Banda abrangem a prepara\u00e7\u00e3o para apresenta\u00e7\u00f5es em eventos e desfiles e, tamb\u00e9m, o conhecimento e o desenvolvimento na \u00e1rea musical, para os alunos atuarem como futuros profissionais\u201d, diz o maestro Ronildo.<\/div>\n<\/div>\n<div class=\"x11i5rnm xat24cr x1mh8g0r x1vvkbs xtlvy1s x126k92a\">\n<div dir=\"auto\">\u201cA sensibilidade do prefeito Juvenal com a Banda Municipal, investindo na sua prepara\u00e7\u00e3o bem como nas demais atividades culturais, enriquece culturalmente nossa Figueir\u00e3o\u201d, disse a secret\u00e1ria de Educa\u00e7\u00e3o Luciane Aimi.<\/div>\n<div dir=\"auto\"><a class=\"x1i10hfl xjbqb8w x6umtig x1b1mbwd xaqea5y xav7gou x9f619 x1ypdohk xt0psk2 xe8uvvx xdj266r x11i5rnm xat24cr x1mh8g0r xexx8yu x4uap5 x18d9i69 xkhd6sd x16tdsg8 x1hl2dhg xggy1nq x1a2a7pz xt0b8zv x1qq9wsj xo1l8bm\" tabindex=\"0\" role=\"link\" href=\"https:\/\/www.facebook.com\/hashtag\/educa%C3%A7%C3%A3o?__eep__=6&amp;__cft__[0]=AZUKmu7soCD7aaAkHOyNOIh3D3JXvcm93CU0fPtgNCMOWQ8fHbfZvvkD-UHwHu_QdK4dh_IbXqqcZGiMDu0oNNWLJCZlmUlMwgFcDl1bn_mUUvJ4OBQVonkdZeKZ9RZAzZ0wYc2xhv5jbCbBbpmqpJssltRBajrE_HMp2eITBwrduEDFfLv28G8ephLxf1H0XXo&amp;__tn__=*NK-R\">#educa\u00e7\u00e3o<\/a> <a class=\"x1i10hfl xjbqb8w x6umtig x1b1mbwd xaqea5y xav7gou x9f619 x1ypdohk xt0psk2 xe8uvvx xdj266r x11i5rnm xat24cr x1mh8g0r xexx8yu x4uap5 x18d9i69 xkhd6sd x16tdsg8 x1hl2dhg xggy1nq x1a2a7pz xt0b8zv x1qq9wsj xo1l8bm\" tabindex=\"0\" role=\"link\" href=\"https:\/\/www.facebook.com\/hashtag\/bandamunicipal?__eep__=6&amp;__cft__[0]=AZUKmu7soCD7aaAkHOyNOIh3D3JXvcm93CU0fPtgNCMOWQ8fHbfZvvkD-UHwHu_QdK4dh_IbXqqcZGiMDu0oNNWLJCZlmUlMwgFcDl1bn_mUUvJ4OBQVonkdZeKZ9RZAzZ0wYc2xhv5jbCbBbpmqpJssltRBajrE_HMp2eITBwrduEDFfLv28G8ephLxf1H0XXo&amp;__tn__=*NK-R\">#bandamunicipal<\/a><\/div>\n<\/div>\n<div class=\"x11i5rnm xat24cr x1mh8g0r x1vvkbs xtlvy1s x126k92a\">\n<div dir=\"auto\">Fonte\/Fotos: PMFigueir\u00e3o \u2013 Rubem Vasconcellos<\/div>\n<\/div>\n","protected":false},"excerpt":{"rendered":"<p>A Prefeitura Municipal de Figueir\u00e3o, atrav\u00e9s da Secretaria Municipal de Educa\u00e7\u00e3o, Cultura, Esporte e Turismo, adquiriu instrumentos novos para a Banda Municipal e pretende investir cada vez mais na m\u00fasica e em atividades culturais. A Banda de Percuss\u00e3o Joaquim Malaquias da Silva, recebeu hoje (13\/06), um investimento de R$ 15.400,00 reais, em materiais para melhoria [&hellip;]<\/p>\n","protected":false},"author":4,"featured_media":242415,"comment_status":"closed","ping_status":"closed","sticky":false,"template":"","format":"standard","meta":{"footnotes":""},"categories":[30],"tags":[],"class_list":["post-242414","post","type-post","status-publish","format-standard","has-post-thumbnail","hentry","category-figueirao"],"_links":{"self":[{"href":"https:\/\/www.ocorreionews.com.br\/acervo-correio\/index.php?rest_route=\/wp\/v2\/posts\/242414","targetHints":{"allow":["GET"]}}],"collection":[{"href":"https:\/\/www.ocorreionews.com.br\/acervo-correio\/index.php?rest_route=\/wp\/v2\/posts"}],"about":[{"href":"https:\/\/www.ocorreionews.com.br\/acervo-correio\/index.php?rest_route=\/wp\/v2\/types\/post"}],"author":[{"embeddable":true,"href":"https:\/\/www.ocorreionews.com.br\/acervo-correio\/index.php?rest_route=\/wp\/v2\/users\/4"}],"replies":[{"embeddable":true,"href":"https:\/\/www.ocorreionews.com.br\/acervo-correio\/index.php?rest_route=%2Fwp%2Fv2%2Fcomments&post=242414"}],"version-history":[{"count":1,"href":"https:\/\/www.ocorreionews.com.br\/acervo-correio\/index.php?rest_route=\/wp\/v2\/posts\/242414\/revisions"}],"predecessor-version":[{"id":242418,"href":"https:\/\/www.ocorreionews.com.br\/acervo-correio\/index.php?rest_route=\/wp\/v2\/posts\/242414\/revisions\/242418"}],"wp:featuredmedia":[{"embeddable":true,"href":"https:\/\/www.ocorreionews.com.br\/acervo-correio\/index.php?rest_route=\/wp\/v2\/media\/242415"}],"wp:attachment":[{"href":"https:\/\/www.ocorreionews.com.br\/acervo-correio\/index.php?rest_route=%2Fwp%2Fv2%2Fmedia&parent=242414"}],"wp:term":[{"taxonomy":"category","embeddable":true,"href":"https:\/\/www.ocorreionews.com.br\/acervo-correio\/index.php?rest_route=%2Fwp%2Fv2%2Fcategories&post=242414"},{"taxonomy":"post_tag","embeddable":true,"href":"https:\/\/www.ocorreionews.com.br\/acervo-correio\/index.php?rest_route=%2Fwp%2Fv2%2Ftags&post=242414"}],"curies":[{"name":"wp","href":"https:\/\/api.w.org\/{rel}","templated":true}]}}