{"id":242438,"date":"2023-06-13T16:08:25","date_gmt":"2023-06-13T20:08:25","guid":{"rendered":"https:\/\/www.ocorreionews.com.br\/acervo-correio\/?p=242438"},"modified":"2023-06-13T18:31:21","modified_gmt":"2023-06-13T22:31:21","slug":"morador-de-cassilandia-morre-apos-acidente-de-trabalho-em-usina-de-apore-go","status":"publish","type":"post","link":"https:\/\/www.ocorreionews.com.br\/acervo-correio\/?p=242438","title":{"rendered":"Morador de Cassil\u00e2ndia morre ap\u00f3s acidente de trabalho em usina de Apor\u00e9 \u2013 GO"},"content":{"rendered":"<p>Um homem de 33 anos, identificado como J\u00falio Lima da Silva, morreu enquanto trabalhava em uma usina de moagem de cana de a\u00e7\u00facar na zona rural de Apor\u00e9 na manh\u00e3 desta ter\u00e7a-feira (13).<\/p>\n<p>O engenheiro de seguran\u00e7a do trabalho acionou a Policia Militar e informou que teria ocorrido um acidente de trabalho e a v\u00edtima teria vindo a \u00f3bito no local.<\/p>\n<p>Segundo informa\u00e7\u00f5es do engenheiro, J\u00falio teria entrado de servi\u00e7o \u00e0s 07h30 e por volta das 09h30 estava na companhia de um colega, manuseando uma m\u00e1quina quando o acionamento do equipamento travou e o colega de J\u00falio n\u00e3o conseguiu desliga-la vindo a se romper um cabo de a\u00e7o da m\u00e1quina soltando uma pe\u00e7a de aproximadamente 300 kg sobre a cabe\u00e7a de J\u00falio.<\/p>\n<p>Uma equipe m\u00e9dica da usina ainda tentou prestar socorro, mas, a v\u00edtima j\u00e1 estava em \u00f3bito.<\/p>\n<p>A Pol\u00edcia Cient\u00edfica por meio da 11CRPTC de Jata\u00ed-GO, foi acionada e ap\u00f3s realizar per\u00edcia no local, o corpo foi recolhido e encaminhado para o Instituto M\u00e9dico Legal de Jata\u00ed.<\/p>\n<p>J\u00falio era morador da cidade vizinha Cassil\u00e2ndia \u2013 MS.<\/p>\n<p><a href=\"https:\/\/www.ocorreionews.com.br\/acervo-correio\/wp-content\/uploads\/2023\/06\/Screenshot_20230613_185656_Instagram2.jpg\"><img loading=\"lazy\" decoding=\"async\" class=\"alignnone size-full wp-image-242447\" src=\"https:\/\/www.ocorreionews.com.br\/acervo-correio\/wp-content\/uploads\/2023\/06\/Screenshot_20230613_185656_Instagram2.jpg\" alt=\"\" width=\"1080\" height=\"1072\" srcset=\"https:\/\/www.ocorreionews.com.br\/acervo-correio\/wp-content\/uploads\/2023\/06\/Screenshot_20230613_185656_Instagram2.jpg 1080w, https:\/\/www.ocorreionews.com.br\/acervo-correio\/wp-content\/uploads\/2023\/06\/Screenshot_20230613_185656_Instagram2-300x298.jpg 300w, https:\/\/www.ocorreionews.com.br\/acervo-correio\/wp-content\/uploads\/2023\/06\/Screenshot_20230613_185656_Instagram2-1024x1016.jpg 1024w, https:\/\/www.ocorreionews.com.br\/acervo-correio\/wp-content\/uploads\/2023\/06\/Screenshot_20230613_185656_Instagram2-150x150.jpg 150w, https:\/\/www.ocorreionews.com.br\/acervo-correio\/wp-content\/uploads\/2023\/06\/Screenshot_20230613_185656_Instagram2-768x762.jpg 768w\" sizes=\"auto, (max-width: 1080px) 100vw, 1080px\" \/><\/a> <a href=\"https:\/\/www.ocorreionews.com.br\/acervo-correio\/wp-content\/uploads\/2023\/06\/Screenshot_20230613_185709_Instagram2.jpg\"><img loading=\"lazy\" decoding=\"async\" class=\"alignnone size-full wp-image-242448\" src=\"https:\/\/www.ocorreionews.com.br\/acervo-correio\/wp-content\/uploads\/2023\/06\/Screenshot_20230613_185709_Instagram2.jpg\" alt=\"\" width=\"1080\" height=\"1091\" srcset=\"https:\/\/www.ocorreionews.com.br\/acervo-correio\/wp-content\/uploads\/2023\/06\/Screenshot_20230613_185709_Instagram2.jpg 1080w, https:\/\/www.ocorreionews.com.br\/acervo-correio\/wp-content\/uploads\/2023\/06\/Screenshot_20230613_185709_Instagram2-297x300.jpg 297w, https:\/\/www.ocorreionews.com.br\/acervo-correio\/wp-content\/uploads\/2023\/06\/Screenshot_20230613_185709_Instagram2-1014x1024.jpg 1014w, https:\/\/www.ocorreionews.com.br\/acervo-correio\/wp-content\/uploads\/2023\/06\/Screenshot_20230613_185709_Instagram2-768x776.jpg 768w\" sizes=\"auto, (max-width: 1080px) 100vw, 1080px\" \/><\/a><\/p>\n<p>Fonte e fotos:Rota Policial Not\u00edcias<\/p>\n","protected":false},"excerpt":{"rendered":"<p>Um homem de 33 anos, identificado como J\u00falio Lima da Silva, morreu enquanto trabalhava em uma usina de moagem de cana de a\u00e7\u00facar na zona rural de Apor\u00e9 na manh\u00e3 desta ter\u00e7a-feira (13). O engenheiro de seguran\u00e7a do trabalho acionou a Policia Militar e informou que teria ocorrido um acidente de trabalho e a v\u00edtima [&hellip;]<\/p>\n","protected":false},"author":5,"featured_media":242450,"comment_status":"closed","ping_status":"closed","sticky":false,"template":"","format":"standard","meta":{"footnotes":""},"categories":[41,38,143],"tags":[],"class_list":["post-242438","post","type-post","status-publish","format-standard","has-post-thumbnail","hentry","category-destaque","category-policia","category-regional"],"_links":{"self":[{"href":"https:\/\/www.ocorreionews.com.br\/acervo-correio\/index.php?rest_route=\/wp\/v2\/posts\/242438","targetHints":{"allow":["GET"]}}],"collection":[{"href":"https:\/\/www.ocorreionews.com.br\/acervo-correio\/index.php?rest_route=\/wp\/v2\/posts"}],"about":[{"href":"https:\/\/www.ocorreionews.com.br\/acervo-correio\/index.php?rest_route=\/wp\/v2\/types\/post"}],"author":[{"embeddable":true,"href":"https:\/\/www.ocorreionews.com.br\/acervo-correio\/index.php?rest_route=\/wp\/v2\/users\/5"}],"replies":[{"embeddable":true,"href":"https:\/\/www.ocorreionews.com.br\/acervo-correio\/index.php?rest_route=%2Fwp%2Fv2%2Fcomments&post=242438"}],"version-history":[{"count":1,"href":"https:\/\/www.ocorreionews.com.br\/acervo-correio\/index.php?rest_route=\/wp\/v2\/posts\/242438\/revisions"}],"predecessor-version":[{"id":242449,"href":"https:\/\/www.ocorreionews.com.br\/acervo-correio\/index.php?rest_route=\/wp\/v2\/posts\/242438\/revisions\/242449"}],"wp:featuredmedia":[{"embeddable":true,"href":"https:\/\/www.ocorreionews.com.br\/acervo-correio\/index.php?rest_route=\/wp\/v2\/media\/242450"}],"wp:attachment":[{"href":"https:\/\/www.ocorreionews.com.br\/acervo-correio\/index.php?rest_route=%2Fwp%2Fv2%2Fmedia&parent=242438"}],"wp:term":[{"taxonomy":"category","embeddable":true,"href":"https:\/\/www.ocorreionews.com.br\/acervo-correio\/index.php?rest_route=%2Fwp%2Fv2%2Fcategories&post=242438"},{"taxonomy":"post_tag","embeddable":true,"href":"https:\/\/www.ocorreionews.com.br\/acervo-correio\/index.php?rest_route=%2Fwp%2Fv2%2Ftags&post=242438"}],"curies":[{"name":"wp","href":"https:\/\/api.w.org\/{rel}","templated":true}]}}