{"id":242444,"date":"2023-06-13T17:11:37","date_gmt":"2023-06-13T21:11:37","guid":{"rendered":"https:\/\/www.ocorreionews.com.br\/acervo-correio\/?p=242444"},"modified":"2023-06-13T17:11:37","modified_gmt":"2023-06-13T21:11:37","slug":"sp-tem-3a-morte-suspeita-por-febre-maculosa-apos-feijoada-em-fazenda","status":"publish","type":"post","link":"https:\/\/www.ocorreionews.com.br\/acervo-correio\/?p=242444","title":{"rendered":"SP tem 3\u00aa morte suspeita por febre maculosa ap\u00f3s feijoada em fazenda"},"content":{"rendered":"<div id=\"chunk-26lgg\">\n<div class=\"mc-column content-text active-extra-styles \" data-block-type=\"unstyled\" data-block-weight=\"39\" data-block-id=\"4\">\n<p class=\"content-text__container \" data-track-category=\"Link no Texto\" data-track-links=\"\">O Instituto Adolfo Lutz investiga um terceiro caso de morte por conta da febre maculosa na regi\u00e3o de Campinas. Na segunda (12), o Instituto confirmou que a dentista Mariana Giordano, de 36 anos, morreu em decorr\u00eancia da doen\u00e7a.<\/p>\n<\/div>\n<\/div>\n<div class=\"wall protected-content\">\n<p>&nbsp;<\/p>\n<div id=\"chunk-5pmse\">\n<div class=\"mc-column content-text active-extra-styles \" data-block-type=\"unstyled\" data-block-weight=\"33\" data-block-id=\"6\">\n<p class=\"content-text__container \" data-track-category=\"Link no Texto\" data-track-links=\"\"><span class=\"highlight highlighted\">A amostra do namorado dela, o piloto Douglas Costa, de 42, ainda \u00e9 analisada.<\/span> Eles tinham visitado duas \u00e1reas rurais de Campinas, no interior do estado, al\u00e9m de Monte Verde, em Minas Gerais.<\/p>\n<\/div>\n<\/div>\n<\/div>\n<div id=\"chunk-7hikd\">\n<div class=\"bs-video-block mc-column  content-media content-video\" data-block-type=\"backstage-video\" data-block-id=\"7\">\n<p class=\"content-media__description\">\n<\/div>\n<\/div>\n<div id=\"chunk-40no\">\n<div class=\"content-ads content-ads--reveal\" data-block-type=\"ads\" data-block-id=\"8\">\n<div><\/div>\n<\/div>\n<\/div>\n<div id=\"chunk-1ic8u\">\n<div class=\"mc-column content-text active-extra-styles \" data-block-type=\"unstyled\" data-block-weight=\"25\" data-block-id=\"9\">\n<p class=\"content-text__container \" data-track-category=\"Link no Texto\" data-track-links=\"\">Os dois passaram a ter sintomas de febre, manchas avermelhadas pelo corpo e dores no dia 3 de junho e faleceram cinco dias depois.<\/p>\n<div class=\"content-media-container glb-skeleton-box\">\n<figure class=\"content-media-figure\">\n<p><figure style=\"width: 647px\" class=\"wp-caption aligncenter\"><img loading=\"lazy\" decoding=\"async\" class=\"i-amphtml-fill-content i-amphtml-replaced-content\" src=\"https:\/\/s2-g1.glbimg.com\/HJ_aDopi-X6SnNOareQC1RrYuUM=\/0x0:519x550\/984x0\/smart\/filters:strip_icc()\/i.s3.glbimg.com\/v1\/AUTH_59edd422c0c84a879bd37670ae4f538a\/internal_photos\/bs\/2023\/9\/c\/4LvkbuQlGWgBn4UBYltA\/piloto-e-namorada.jpeg\" sizes=\"auto, (max-width: 1366px) 648px, 100vw\" srcset=\"https:\/\/s2-g1.glbimg.com\/iNt8dDb-ZGJI3tXZmLaO-ZgsM8A=\/0x0:519x550\/1000x0\/smart\/filters:strip_icc()\/i.s3.glbimg.com\/v1\/AUTH_59edd422c0c84a879bd37670ae4f538a\/internal_photos\/bs\/2023\/9\/c\/4LvkbuQlGWgBn4UBYltA\/piloto-e-namorada.jpeg 1000w, https:\/\/s2-g1.glbimg.com\/HJ_aDopi-X6SnNOareQC1RrYuUM=\/0x0:519x550\/984x0\/smart\/filters:strip_icc()\/i.s3.glbimg.com\/v1\/AUTH_59edd422c0c84a879bd37670ae4f538a\/internal_photos\/bs\/2023\/9\/c\/4LvkbuQlGWgBn4UBYltA\/piloto-e-namorada.jpeg 984w, https:\/\/s2-g1.glbimg.com\/XAqMLWQNFRYlcOORfR2hy3kkgOw=\/0x0:519x550\/640x0\/smart\/filters:strip_icc()\/i.s3.glbimg.com\/v1\/AUTH_59edd422c0c84a879bd37670ae4f538a\/internal_photos\/bs\/2023\/9\/c\/4LvkbuQlGWgBn4UBYltA\/piloto-e-namorada.jpeg 640w, https:\/\/s2-g1.glbimg.com\/qPuPELPSvJVVmLP9wXVQVXorIiA=\/0x0:519x550\/600x0\/smart\/filters:strip_icc()\/i.s3.glbimg.com\/v1\/AUTH_59edd422c0c84a879bd37670ae4f538a\/internal_photos\/bs\/2023\/9\/c\/4LvkbuQlGWgBn4UBYltA\/piloto-e-namorada.jpeg 600w\" alt=\"O piloto de Jundia\u00ed (SP), Douglas Costa, e a namorada, Mariana Giordano, morreram ap\u00f3s terem sintomas de febre e dor  \u2014 Foto: Reprodu\u00e7\u00e3o\/Instagram\" width=\"647\" height=\"686\" \/><figcaption class=\"wp-caption-text\">O piloto de Jundia\u00ed (SP), Douglas Costa, e a namorada, Mariana Giordano, morreram ap\u00f3s terem sintomas de febre e dor \u2014 Foto: Reprodu\u00e7\u00e3o\/Instagram<\/figcaption><\/figure><\/figure>\n<\/div>\n<p class=\"content-media__description  \">\n<p data-track-category=\"Link no Texto\" data-track-links=\"\">\n<\/div>\n<\/div>\n<div id=\"chunk-4jhfr\">\n<div class=\"mc-column content-text active-extra-styles \" data-block-type=\"unstyled\" data-block-weight=\"43\" data-block-id=\"10\">\n<p class=\"content-text__container \" data-track-category=\"Link no Texto\" data-track-links=\"\">Segundo a Prefeitura de Campinas, a terceira v\u00edtima \u00e9 uma mulher de 28 anos, que participou de um evento no dia 27 de maio, <span class=\"highlight highlighted\">na Fazenda Margarida, realizado na regi\u00e3o rural da cidade. O local \u00e9 o mesmo onde o casal esteve. <\/span><\/p>\n<\/div>\n<\/div>\n<p class=\"content-text__container\">\n<div class=\"mc-column content-text active-extra-styles\" data-block-type=\"raw\" data-block-weight=\"63\" data-block-id=\"11\">\n<blockquote class=\"content-blockquote theme-border-color-primary-before\"><p>&#8220;Al\u00e9m dessa mulher e desse homem, h\u00e1 mais uma mulher de 28 anos que tamb\u00e9m frequentou esse evento no dia 27 de maio, que foi uma feijoada nessa fazenda. Come\u00e7aram a ter sintomas compat\u00edveis com febre maculosa dia 3 de junho e os tr\u00eas evolu\u00edram a \u00f3bito no dia 8 de junho&#8221;, disse Andrea Von Zuben, diretora da Vigil\u00e2ncia em Sa\u00fade de Campinas.<\/p><\/blockquote>\n<p>&nbsp;<\/p>\n<\/div>\n<div id=\"chunk-dl2fi\">\n<div class=\"content-ads content-ads--reveal\" data-block-type=\"ads\" data-block-id=\"13\">\n<div><\/div>\n<\/div>\n<\/div>\n<div id=\"chunk-2mvt5\">\n<div class=\"mc-column content-text active-extra-styles \" data-block-type=\"unstyled\" data-block-weight=\"47\" data-block-id=\"14\">\n<p class=\"content-text__container \" data-track-category=\"Link no Texto\" data-track-links=\"\">&#8220;Como a gente j\u00e1 tem uma confirmada, tudo leva a crer que os outros dois devem ter como causa morte a febre maculosa brasileira. Ent\u00e3o, <span class=\"highlight highlighted\">a gente tem tr\u00eas suspeitos, <\/span>sendo que uma j\u00e1 foi confirmada. E todos com a frequ\u00eancia no mesmo lugar&#8221;, completou Andrea.<\/p>\n<p data-track-category=\"Link no Texto\" data-track-links=\"\">\n<\/div>\n<\/div>\n<div id=\"chunk-b88o1\">\n<div class=\"mc-column content-text active-extra-styles \" data-block-type=\"unstyled\" data-block-weight=\"33\" data-block-id=\"15\">\n<p class=\"content-text__container \" data-track-category=\"Link no Texto\" data-track-links=\"\">De acordo com a Secretaria estadual da Sa\u00fade, a previs\u00e3o \u00e9 que<span class=\"highlight highlighted\"> as amostras da mulher, residente no munic\u00edpio de Hortol\u00e2ndia, cheguem nesta ter\u00e7a-feira (13) ao Instituto para o in\u00edcio dos testes. <\/span><\/p>\n<\/div>\n<\/div>\n<p class=\"content-text__container\">\n<div class=\"mc-column content-text active-extra-styles\" data-block-type=\"raw\" data-block-weight=\"4\" data-block-id=\"16\">\n<div class=\"content-intertitle\">\n<h2>Local deve ser multado<\/h2>\n<\/div>\n<p>&nbsp;<\/p>\n<\/div>\n<div id=\"chunk-a4ahc\">\n<div class=\"mc-column content-text active-extra-styles \" data-block-type=\"unstyled\" data-block-weight=\"20\" data-block-id=\"17\">\n<p class=\"content-text__container \" data-track-category=\"Link no Texto\" data-track-links=\"\">Ainda de acordo com a Prefeitura de Campinas, o local onde as tr\u00eas contamina\u00e7\u00f5es devem ter acontecido ser\u00e1 autuado.<\/p>\n<p data-track-category=\"Link no Texto\" data-track-links=\"\">\n<\/div>\n<\/div>\n<div id=\"chunk-41m76\">\n<div class=\"mc-column content-text active-extra-styles \" data-block-type=\"unstyled\" data-block-weight=\"52\" data-block-id=\"18\">\n<p class=\"content-text__container \" data-track-category=\"Link no Texto\" data-track-links=\"\">&#8220;A gente vai dar um auto de infra\u00e7\u00e3o porque os organizadores dos eventos tem colocar placas nos lugares da fazenda. Quando eles venderem ingressos para eventos, eles precisam colocar o alerta que tem esse risco. Se a pessoa tiver febre nos pr\u00f3ximos 15 dias elas tem que contar para o m\u00e9dico&#8221;.<\/p>\n<p data-track-category=\"Link no Texto\" data-track-links=\"\">\n<\/div>\n<\/div>\n<div id=\"chunk-9o0sm\">\n<div class=\"mc-column content-text active-extra-styles \" data-block-type=\"unstyled\" data-block-weight=\"22\" data-block-id=\"19\">\n<p class=\"content-text__container \" data-track-category=\"Link no Texto\" data-track-links=\"\"><span class=\"highlight highlighted\">O <\/span><strong><span class=\"highlight highlighted\">g1 <\/span><\/strong><span class=\"highlight highlighted\">entrou em contato com a Fazenda Margarida, que disse que ir\u00e1 se manifestar at\u00e9 o final desta ter\u00e7a (13).<\/span><\/p>\n<p data-track-category=\"Link no Texto\" data-track-links=\"\">\n<\/div>\n<\/div>\n<div id=\"chunk-68pt1\">\n<div class=\"row medium-uncollapsed content-media content-photo\" data-block-type=\"backstage-photo\" data-block-id=\"20\">\n<div class=\" mc-column  content-media__container\">\n<div class=\"content-media-container glb-skeleton-box\">\n<figure class=\"content-media-figure\">\n<p><figure style=\"width: 647px\" class=\"wp-caption aligncenter\"><img loading=\"lazy\" decoding=\"async\" class=\"i-amphtml-fill-content i-amphtml-replaced-content\" src=\"https:\/\/s2-g1.glbimg.com\/kPBiEXb9oI72rjfwOZpeBLxdH5M=\/0x0:1080x720\/984x0\/smart\/filters:strip_icc()\/i.s3.glbimg.com\/v1\/AUTH_59edd422c0c84a879bd37670ae4f538a\/internal_photos\/bs\/2023\/y\/o\/7ZEBFXT7O8vAJtsT9jPw\/whatsapp-image-2023-06-13-at-13.01.19.jpeg\" sizes=\"auto, (max-width: 1366px) 648px, 100vw\" srcset=\"https:\/\/s2-g1.glbimg.com\/zDhyv8sofOVsFzfJdb3ctvWO8fM=\/0x0:1080x720\/1000x0\/smart\/filters:strip_icc()\/i.s3.glbimg.com\/v1\/AUTH_59edd422c0c84a879bd37670ae4f538a\/internal_photos\/bs\/2023\/y\/o\/7ZEBFXT7O8vAJtsT9jPw\/whatsapp-image-2023-06-13-at-13.01.19.jpeg 1000w, https:\/\/s2-g1.glbimg.com\/kPBiEXb9oI72rjfwOZpeBLxdH5M=\/0x0:1080x720\/984x0\/smart\/filters:strip_icc()\/i.s3.glbimg.com\/v1\/AUTH_59edd422c0c84a879bd37670ae4f538a\/internal_photos\/bs\/2023\/y\/o\/7ZEBFXT7O8vAJtsT9jPw\/whatsapp-image-2023-06-13-at-13.01.19.jpeg 984w, https:\/\/s2-g1.glbimg.com\/Ls2qNiFQV21FNJoRv4TrVmMefPc=\/0x0:1080x720\/640x0\/smart\/filters:strip_icc()\/i.s3.glbimg.com\/v1\/AUTH_59edd422c0c84a879bd37670ae4f538a\/internal_photos\/bs\/2023\/y\/o\/7ZEBFXT7O8vAJtsT9jPw\/whatsapp-image-2023-06-13-at-13.01.19.jpeg 640w, https:\/\/s2-g1.glbimg.com\/Gfs-b4ZrTQo-gWga8cecNwFRy88=\/0x0:1080x720\/600x0\/smart\/filters:strip_icc()\/i.s3.glbimg.com\/v1\/AUTH_59edd422c0c84a879bd37670ae4f538a\/internal_photos\/bs\/2023\/y\/o\/7ZEBFXT7O8vAJtsT9jPw\/whatsapp-image-2023-06-13-at-13.01.19.jpeg 600w\" alt=\"Fazenda Margarida, local de eventos onde casal provavelmente foi contaminado por febre maculosa  \u2014 Foto: Reprodu\u00e7\u00e3o \" width=\"647\" height=\"431\" \/><figcaption class=\"wp-caption-text\">Fazenda Margarida, local de eventos onde casal provavelmente foi contaminado por febre maculosa \u2014 Foto: Reprodu\u00e7\u00e3o<\/figcaption><\/figure><\/figure>\n<\/div>\n<p class=\"content-media__description  \">\n<\/div>\n<\/div>\n<\/div>\n<div id=\"chunk-cmcei\">\n<div class=\"content-ads content-ads--reveal\" data-block-type=\"ads\" data-block-id=\"21\">\n<div id=\"banner_materia__6bdd7fc9-82a1-45f0-9f47-4707b52ecc73\" class=\"tag-manager-publicidade-container mc-has-reveal mc-has-ad-lazyload tag-manager-publicidade-banner_materia__6bdd7fc9-82a1-45f0-9f47-4707b52ecc73 tag-manager-publicidade-container--carregado tag-manager-publicidade-container--visivel\" data-id=\"banner_materia__6bdd7fc9-82a1-45f0-9f47-4707b52ecc73\" data-google-query-id=\"CMmpudmOwf8CFS5PuAQdpT0AQw\">\n<div id=\"google_ads_iframe_\/95377733\/tvg_G1\/Sua_Regiao&gt;Sudeste&gt;Sao_Paulo_4__container__\"><\/div>\n<\/div>\n<\/div>\n<\/div>\n<div class=\"mc-column content-text active-extra-styles\" data-block-type=\"raw\" data-block-weight=\"2\" data-block-id=\"22\">\n<p class=\"content-text__container\">\n<div class=\"content-intertitle\">\n<h2>Febre maculosa<\/h2>\n<\/div>\n<\/div>\n<p>&nbsp;<\/p>\n<div id=\"chunk-bpm97\">\n<div class=\"mc-column content-text active-extra-styles \" data-block-type=\"unstyled\" data-block-weight=\"58\" data-block-id=\"23\">\n<p class=\"content-text__container \" data-track-category=\"Link no Texto\" data-track-links=\"\">A febre maculosa \u00e9 uma doen\u00e7a infecciosa causada por uma bact\u00e9ria transmitida atrav\u00e9s da picada de uma das esp\u00e9cies de carrapato, ou seja, ela n\u00e3o \u00e9 transmitida diretamente de pessoa para pessoa pelo contato e seus sintomas podem ser facilmente confundidos com outras doen\u00e7as que causam febre alta. H\u00e1 no estado duas esp\u00e9cies da bact\u00e9ria causadora da doen\u00e7a.<\/p>\n<p data-track-category=\"Link no Texto\" data-track-links=\"\">\n<\/div>\n<\/div>\n<div id=\"chunk-30pvn\">\n<div class=\"mc-column content-text active-extra-styles \" data-block-type=\"unstyled\" data-block-weight=\"21\" data-block-id=\"26\">\n<p class=\"content-text__container \" data-track-category=\"Link no Texto\" data-track-links=\"\">Ainda de acordo com a secretaria, na regi\u00e3o metropolitana da capital paulista, h\u00e1 pouqu\u00edssimos registros dada a urbaniza\u00e7\u00e3o da \u00e1rea.<\/p>\n<p data-track-category=\"Link no Texto\" data-track-links=\"\">\n<\/div>\n<\/div>\n<div id=\"chunk-337i8\">\n<div class=\"mc-column content-text active-extra-styles \" data-block-type=\"unstyled\" data-block-weight=\"65\" data-block-id=\"27\">\n<p class=\"content-text__container \" data-track-category=\"Link no Texto\" data-track-links=\"\">No interior do estado, a doen\u00e7a passou a ser detectada a partir da d\u00e9cada de 1980, nas regi\u00f5es de Campinas, Piracicaba, Assis, em \u00e1reas mais perif\u00e9ricas da regi\u00e3o metropolitana de S\u00e3o Paulo e no litoral, mas em uma vers\u00e3o mais branda. Os munic\u00edpios de Campinas e Piracicaba s\u00e3o, hoje, os dois que apresentam o maior n\u00famero de casos registrados da doen\u00e7a.<\/p>\n<p data-track-category=\"Link no Texto\" data-track-links=\"\">\n<\/div>\n<\/div>\n<div id=\"chunk-57etu\">\n<div class=\"mc-column content-text active-extra-styles \" data-block-type=\"unstyled\" data-block-weight=\"32\" data-block-id=\"28\">\n<p class=\"content-text__container \" data-track-category=\"Link no Texto\" data-track-links=\"\"><span class=\"highlight highlighted\">Em 2023, foram registrados 9 casos de febre maculosa e 3 \u00f3bitos<\/span>. Ambas as vers\u00f5es s\u00e3o potencialmente letais e demandam atendimento r\u00e1pido para o recebimento de antibi\u00f3tico espec\u00edfico.<\/p>\n<p data-track-category=\"Link no Texto\" data-track-links=\"\">\n<\/div>\n<\/div>\n<div id=\"chunk-99mlv\">\n<div><\/div>\n<\/div>\n<div id=\"chunk-7e65m\">\n<div class=\"mc-column content-text active-extra-styles \" data-block-type=\"unstyled\" data-block-weight=\"50\" data-block-id=\"30\">\n<p class=\"content-text__container \" data-track-category=\"Link no Texto\" data-track-links=\"\">A Secretaria de Estado da Sa\u00fade refor\u00e7a que as pessoas que moram ou se deslocam para \u00e1reas de transmiss\u00e3o estejam atentas ao menor sinal de febre e que procurem um servi\u00e7o m\u00e9dico informando que estiveram nessas regi\u00f5es para fazer um tratamento precoce e evitar o agravamento da doen\u00e7a.<\/p>\n<\/div>\n<\/div>\n<p class=\"content-text__container\">\n<div class=\"mc-column content-text active-extra-styles\" data-block-type=\"raw\" data-block-weight=\"2\" data-block-id=\"31\">\n<div class=\"content-intertitle\">\n<h2>Morte precoce<\/h2>\n<p>&nbsp;<\/p>\n<\/div>\n<p>&nbsp;<\/p>\n<\/div>\n<div id=\"chunk-4lsch\">\n<div class=\"mc-column content-text active-extra-styles \" data-block-type=\"unstyled\" data-block-weight=\"30\" data-block-id=\"32\">\n<p class=\"content-text__container \" data-track-category=\"Link no Texto\" data-track-links=\"\">No dia 27 de maio, o casal almo\u00e7ou em uma fazenda em Campinas. Nos dias 3 e 4 de junho, foram para Monte Verde, no Sul de Minas Gerais.<\/p>\n<p data-track-category=\"Link no Texto\" data-track-links=\"\">\n<\/div>\n<\/div>\n<div id=\"chunk-binig\">\n<div class=\"mc-column content-text active-extra-styles \" data-block-type=\"unstyled\" data-block-weight=\"40\" data-block-id=\"33\">\n<p class=\"content-text__container \" data-track-category=\"Link no Texto\" data-track-links=\"\">Os sintomas come\u00e7aram a aparecer no dia 3 de junho. Eles relataram febre, dor e manchas vermelhas na pele. Os dois morreram 5 dias depois, na quinta-feira, 8 de junho. Douglas morreu por volta das 12h, e Mariana \u00e0s 16h.<\/p>\n<p data-track-category=\"Link no Texto\" data-track-links=\"\">\n<\/div>\n<\/div>\n<div class=\"mc-column content-text active-extra-styles\" data-block-type=\"raw\" data-block-weight=\"5\" data-block-id=\"34\">\n<p class=\"content-text__container\">\n<div class=\"content-intertitle\">\n<h2>Casos no estado de SP<\/h2>\n<p>&nbsp;<\/p>\n<\/div>\n<p>&nbsp;<\/p>\n<\/div>\n<div id=\"chunk-7fsjj\">\n<div class=\"mc-column content-text active-extra-styles \" data-block-type=\"unstyled\" data-block-weight=\"9\" data-block-id=\"35\">\n<p class=\"content-text__container \" data-track-category=\"Link no Texto\" data-track-links=\"\">De acordo com o governo de S\u00e3o Paulo:<\/p>\n<\/div>\n<\/div>\n<p class=\"content-text__container\">\n<div class=\"mc-column content-text active-extra-styles\" data-block-type=\"raw\" data-block-weight=\"60\" data-block-id=\"36\">\n<ul class=\"content-unordered-list\">\n<li>Entre 1\u00ba de janeiro e 12 de junho deste ano, houve redu\u00e7\u00e3o de mais de 24% nas mortes por dengue no estado (foram 200 mortes em 2023);<\/li>\n<li>At\u00e9 29 de maio, foram 280 casos e 39 mortes provocadas por leptospirose;<\/li>\n<li>Al\u00e9m disso, foram dois casos e duas mortes provocadas por febre maculosa (em 2022, foram 62 casos e 47 mortes).<\/li>\n<\/ul>\n<p>&nbsp;<\/p>\n<\/div>\n<p class=\"content-text__container\">\n<div class=\"mc-column content-text active-extra-styles\" data-block-type=\"raw\" data-block-weight=\"3\" data-block-id=\"37\">\n<div class=\"content-intertitle\">\n<h2>Casos no pa\u00eds<\/h2>\n<p>&nbsp;<\/p>\n<\/div>\n<p>&nbsp;<\/p>\n<\/div>\n<div id=\"chunk-1b1js\">\n<div class=\"mc-column content-text active-extra-styles \" data-block-type=\"unstyled\" data-block-weight=\"39\" data-block-id=\"38\">\n<p class=\"content-text__container \" data-track-category=\"Link no Texto\" data-track-links=\"\">Em nota, o Minist\u00e9rio da Sa\u00fade disse que mant\u00e9m contato com o Centro de Vigil\u00e2ncia Epidemiol\u00f3gica do estado de S\u00e3o Paulo e com o Centro Informa\u00e7\u00f5es Estrat\u00e9gicas De Vigil\u00e2ncia Em Sa\u00fade (CIEVS-Nacional) para acompanhar as investiga\u00e7\u00f5es do caso.<\/p>\n<\/div>\n<\/div>\n<div id=\"chunk-de10b\">\n<div class=\"content-ads content-ads--reveal\" data-block-type=\"ads\" data-block-id=\"39\">\n<div><\/div>\n<\/div>\n<\/div>\n<div id=\"chunk-enjdo\">\n<div class=\"mc-column content-text active-extra-styles \" data-block-type=\"unstyled\" data-block-weight=\"46\" data-block-id=\"40\">\n<p class=\"content-text__container \" data-track-category=\"Link no Texto\" data-track-links=\"\">A pasta ainda afirma que realiza a distribui\u00e7\u00e3o de antimicrobiano para o tratamento da febre maculosa aos estados e vem promovendo a\u00e7\u00f5es de capacita\u00e7\u00f5es direcionadas \u00e0s vigil\u00e2ncias estaduais e municipais, assim como vem realizando a divulga\u00e7\u00e3o de diretrizes t\u00e9cnicas com orienta\u00e7\u00f5es de manejo cl\u00ednico e ambiental.<\/p>\n<p data-track-category=\"Link no Texto\" data-track-links=\"\">\n<\/div>\n<\/div>\n<div id=\"chunk-1cfbp\">\n<div class=\"mc-column content-text active-extra-styles \" data-block-type=\"unstyled\" data-block-weight=\"8\" data-block-id=\"41\">\n<p class=\"content-text__container \" data-track-category=\"Link no Texto\" data-track-links=\"\"><strong>Mortes por conta da doen\u00e7a no pa\u00eds: <\/strong><\/p>\n<\/div>\n<\/div>\n<div class=\"mc-column content-text active-extra-styles\" data-block-type=\"raw\" data-block-weight=\"12\" data-block-id=\"42\">\n<p class=\"content-text__container\">\n<ul class=\"content-unordered-list\">\n<li>2020: 191 casos<\/li>\n<li>2021: 231 casos<\/li>\n<li>2022: 190 casos<\/li>\n<li>2023: 48 casos<\/li>\n<\/ul>\n<\/div>\n<p>&nbsp;<\/p>\n<p>&nbsp;<\/p>\n<p>Por g1 SP<\/p>\n","protected":false},"excerpt":{"rendered":"<p>O Instituto Adolfo Lutz investiga um terceiro caso de morte por conta da febre maculosa na regi\u00e3o de Campinas. Na segunda (12), o Instituto confirmou que a dentista Mariana Giordano, de 36 anos, morreu em decorr\u00eancia da doen\u00e7a. &nbsp; A amostra do namorado dela, o piloto Douglas Costa, de 42, ainda \u00e9 analisada. Eles tinham [&hellip;]<\/p>\n","protected":false},"author":5,"featured_media":242445,"comment_status":"closed","ping_status":"closed","sticky":false,"template":"","format":"standard","meta":{"footnotes":""},"categories":[39],"tags":[],"class_list":["post-242444","post","type-post","status-publish","format-standard","has-post-thumbnail","hentry","category-saude"],"_links":{"self":[{"href":"https:\/\/www.ocorreionews.com.br\/acervo-correio\/index.php?rest_route=\/wp\/v2\/posts\/242444","targetHints":{"allow":["GET"]}}],"collection":[{"href":"https:\/\/www.ocorreionews.com.br\/acervo-correio\/index.php?rest_route=\/wp\/v2\/posts"}],"about":[{"href":"https:\/\/www.ocorreionews.com.br\/acervo-correio\/index.php?rest_route=\/wp\/v2\/types\/post"}],"author":[{"embeddable":true,"href":"https:\/\/www.ocorreionews.com.br\/acervo-correio\/index.php?rest_route=\/wp\/v2\/users\/5"}],"replies":[{"embeddable":true,"href":"https:\/\/www.ocorreionews.com.br\/acervo-correio\/index.php?rest_route=%2Fwp%2Fv2%2Fcomments&post=242444"}],"version-history":[{"count":1,"href":"https:\/\/www.ocorreionews.com.br\/acervo-correio\/index.php?rest_route=\/wp\/v2\/posts\/242444\/revisions"}],"predecessor-version":[{"id":242446,"href":"https:\/\/www.ocorreionews.com.br\/acervo-correio\/index.php?rest_route=\/wp\/v2\/posts\/242444\/revisions\/242446"}],"wp:featuredmedia":[{"embeddable":true,"href":"https:\/\/www.ocorreionews.com.br\/acervo-correio\/index.php?rest_route=\/wp\/v2\/media\/242445"}],"wp:attachment":[{"href":"https:\/\/www.ocorreionews.com.br\/acervo-correio\/index.php?rest_route=%2Fwp%2Fv2%2Fmedia&parent=242444"}],"wp:term":[{"taxonomy":"category","embeddable":true,"href":"https:\/\/www.ocorreionews.com.br\/acervo-correio\/index.php?rest_route=%2Fwp%2Fv2%2Fcategories&post=242444"},{"taxonomy":"post_tag","embeddable":true,"href":"https:\/\/www.ocorreionews.com.br\/acervo-correio\/index.php?rest_route=%2Fwp%2Fv2%2Ftags&post=242444"}],"curies":[{"name":"wp","href":"https:\/\/api.w.org\/{rel}","templated":true}]}}