{"id":242451,"date":"2023-06-14T04:23:50","date_gmt":"2023-06-14T08:23:50","guid":{"rendered":"https:\/\/www.ocorreionews.com.br\/acervo-correio\/?p=242451"},"modified":"2023-06-14T04:23:50","modified_gmt":"2023-06-14T08:23:50","slug":"mato-grosso-do-sul-ganha-reconhecimento-nacional-de-excelencia-em-gestao","status":"publish","type":"post","link":"https:\/\/www.ocorreionews.com.br\/acervo-correio\/?p=242451","title":{"rendered":"Mato Grosso do Sul ganha reconhecimento nacional de excel\u00eancia em gest\u00e3o"},"content":{"rendered":"<p>Semadesc (Secretaria de Estado de Meio Ambiente, Desenvolvimento, Ci\u00eancia, Tecnologia e Inova\u00e7\u00e3o) recebeu certificado de m\u00e9rito em reconhecimento de melhor coloca\u00e7\u00e3o na aplica\u00e7\u00e3o do IMGG (Instrumento de Melhoria da Governan\u00e7a e da Gest\u00e3o) durante esta ter\u00e7a-feira (13), em Bras\u00edlia.<\/p>\n<p>O pr\u00eamio foi concedido na modalidade &#8220;Organiza\u00e7\u00f5es P\u00fablicas, \u00d3rg\u00e3o ou Entidade do Poder Executivo de Natureza Jur\u00eddica Estadual&#8221; durante a abertura do 8\u00ba F\u00f3rum Nacional de Transfer\u00eancias e Parcerias da Uni\u00e3o.<\/p>\n<p>O secret\u00e1rio de Estado, Jaime Verruck, esteve acompanhado do governador Eduardo Riedel (PSDB) e afirmou que o certificado \u00e9 motivo de orgulho. &#8220;\u00c9 um reconhecimento do trabalho de gest\u00e3o feito na nossa secretaria que foi escolhida entre todas do Pa\u00eds e teve pontua\u00e7\u00e3o m\u00e1xima&#8221;.<\/p>\n<p>O evento \u00e9 uma a\u00e7\u00e3o estrat\u00e9gica promovida pelo Minist\u00e9rio da Gest\u00e3o e da Inova\u00e7\u00e3o em Servi\u00e7os P\u00fablicos, por meio da Seges (Secretaria de Gest\u00e3o e Inova\u00e7\u00e3o).<\/p>\n<p>\u201cQuando temos esse reconhecimento, sabemos que estamos no caminho certo sob o ponto de vista dos indicadores e tamb\u00e9m \u00e9 uma grande motiva\u00e7\u00e3o para toda a equipe. Quando temos um caso dentro do Estado sendo reconhecido, entendemos que isso pode ser replicado\u201d, concluiu Verruck.<\/p>\n<p>&nbsp;<\/p>\n<p><a href=\"https:\/\/www.ocorreionews.com.br\/acervo-correio\/wp-content\/uploads\/2023\/06\/192hlo3n653lv.webp\"><img loading=\"lazy\" decoding=\"async\" class=\"alignnone size-full wp-image-242453\" src=\"https:\/\/www.ocorreionews.com.br\/acervo-correio\/wp-content\/uploads\/2023\/06\/192hlo3n653lv.webp\" alt=\"\" width=\"911\" height=\"1024\" srcset=\"https:\/\/www.ocorreionews.com.br\/acervo-correio\/wp-content\/uploads\/2023\/06\/192hlo3n653lv.webp 911w, https:\/\/www.ocorreionews.com.br\/acervo-correio\/wp-content\/uploads\/2023\/06\/192hlo3n653lv-267x300.webp 267w, https:\/\/www.ocorreionews.com.br\/acervo-correio\/wp-content\/uploads\/2023\/06\/192hlo3n653lv-768x863.webp 768w\" sizes=\"auto, (max-width: 911px) 100vw, 911px\" \/><\/a><\/p>\n<p>Por Gustavo Bonotto &#8211; CAMPO GRANDE NEWS<\/p>\n","protected":false},"excerpt":{"rendered":"<p>Semadesc (Secretaria de Estado de Meio Ambiente, Desenvolvimento, Ci\u00eancia, Tecnologia e Inova\u00e7\u00e3o) recebeu certificado de m\u00e9rito em reconhecimento de melhor coloca\u00e7\u00e3o na aplica\u00e7\u00e3o do IMGG (Instrumento de Melhoria da Governan\u00e7a e da Gest\u00e3o) durante esta ter\u00e7a-feira (13), em Bras\u00edlia. O pr\u00eamio foi concedido na modalidade &#8220;Organiza\u00e7\u00f5es P\u00fablicas, \u00d3rg\u00e3o ou Entidade do Poder Executivo de Natureza [&hellip;]<\/p>\n","protected":false},"author":5,"featured_media":242452,"comment_status":"closed","ping_status":"closed","sticky":false,"template":"","format":"standard","meta":{"footnotes":""},"categories":[37],"tags":[],"class_list":["post-242451","post","type-post","status-publish","format-standard","has-post-thumbnail","hentry","category-politica"],"_links":{"self":[{"href":"https:\/\/www.ocorreionews.com.br\/acervo-correio\/index.php?rest_route=\/wp\/v2\/posts\/242451","targetHints":{"allow":["GET"]}}],"collection":[{"href":"https:\/\/www.ocorreionews.com.br\/acervo-correio\/index.php?rest_route=\/wp\/v2\/posts"}],"about":[{"href":"https:\/\/www.ocorreionews.com.br\/acervo-correio\/index.php?rest_route=\/wp\/v2\/types\/post"}],"author":[{"embeddable":true,"href":"https:\/\/www.ocorreionews.com.br\/acervo-correio\/index.php?rest_route=\/wp\/v2\/users\/5"}],"replies":[{"embeddable":true,"href":"https:\/\/www.ocorreionews.com.br\/acervo-correio\/index.php?rest_route=%2Fwp%2Fv2%2Fcomments&post=242451"}],"version-history":[{"count":1,"href":"https:\/\/www.ocorreionews.com.br\/acervo-correio\/index.php?rest_route=\/wp\/v2\/posts\/242451\/revisions"}],"predecessor-version":[{"id":242454,"href":"https:\/\/www.ocorreionews.com.br\/acervo-correio\/index.php?rest_route=\/wp\/v2\/posts\/242451\/revisions\/242454"}],"wp:featuredmedia":[{"embeddable":true,"href":"https:\/\/www.ocorreionews.com.br\/acervo-correio\/index.php?rest_route=\/wp\/v2\/media\/242452"}],"wp:attachment":[{"href":"https:\/\/www.ocorreionews.com.br\/acervo-correio\/index.php?rest_route=%2Fwp%2Fv2%2Fmedia&parent=242451"}],"wp:term":[{"taxonomy":"category","embeddable":true,"href":"https:\/\/www.ocorreionews.com.br\/acervo-correio\/index.php?rest_route=%2Fwp%2Fv2%2Fcategories&post=242451"},{"taxonomy":"post_tag","embeddable":true,"href":"https:\/\/www.ocorreionews.com.br\/acervo-correio\/index.php?rest_route=%2Fwp%2Fv2%2Ftags&post=242451"}],"curies":[{"name":"wp","href":"https:\/\/api.w.org\/{rel}","templated":true}]}}