{"id":242455,"date":"2023-06-14T04:59:24","date_gmt":"2023-06-14T08:59:24","guid":{"rendered":"https:\/\/www.ocorreionews.com.br\/acervo-correio\/?p=242455"},"modified":"2023-06-14T06:00:42","modified_gmt":"2023-06-14T10:00:42","slug":"bombeiro-lotado-em-costa-rica-teve-mao-amputada-apos-acidente-com-onibus-na-br-163","status":"publish","type":"post","link":"https:\/\/www.ocorreionews.com.br\/acervo-correio\/?p=242455","title":{"rendered":"Bombeiro lotado em Costa Rica teve m\u00e3o amputada ap\u00f3s acidente com \u00f4nibus na BR-163"},"content":{"rendered":"<p>O bombeiro militar Willian Eug\u00eanio do Nascimento, de 24 anos, uma das v\u00edtimas do acidente com um \u00f4nibus de viagem ocorrido nessa segunda-feira (12) na BR-163, em S\u00e3o Gabriel do Oeste, a 133 quil\u00f4metros da Capital, precisou passar por cirurgia e teve uma das m\u00e3os amputadas. Ainda internado na Santa Casa, ele lembra que acordou minutos antes do acidente e sentiu o ve\u00edculo balan\u00e7ar.<\/p>\n<p>Ap\u00f3s passar por cirurgia na tarde dessa segunda (12), ele conversou com o Jornal Midiamax e explicou que estava sentado nas poltronas do meio do \u00f4nibus. \u201cEu estava dormindo e quando acordei o \u00f4nibus estava chacoalhando. Tentei me segurar mas ele tombou. Como estava sentado na janela, eu cai e duas v\u00edtimas ca\u00edram em cima de mim\u201d, explica.<\/p>\n<p>Willian lembra que chegou a ver que um dos bra\u00e7os sangrava muito e o outro tinha cortes por conta do vidro da janela. Ele ainda conseguiu pegar a camiseta que usava e estancar o bra\u00e7o, al\u00e9m de sair do ve\u00edculo sozinho.<\/p>\n<p>Antes de pedir ajuda, o bombeiro ainda olhou algumas das v\u00edtimas e viu que o motorista parecia estar com TCE (Traumatismo Cr\u00e2nio Encef\u00e1lico). As v\u00edtimas mais graves foram encaminhadas para Santa Casa de Campo Grande. As outras, para o Hospital Municipal de S\u00e3o Gabriel do Oeste.<\/p>\n<p>Willian explica que estava vindo para Campo Grande para passar pela JISO (Junta de Inspe\u00e7\u00e3o de Sa\u00fade Ordin\u00e1ria) do Corpo de Bombeiros, j\u00e1 que precisaria fazer uma cirurgia de h\u00e9rnia, que ainda n\u00e3o estava marcada.<\/p>\n<p>Morador de Coxim, lotado em Costa Rica, o bombeiro afirma que costumava sempre fazer trajetos na rodovia, seja de \u00f4nibus ou de moto e carro. At\u00e9 agora, ele n\u00e3o tem previs\u00e3o de alta.<\/p>\n<p><strong>O acidente<\/strong><\/p>\n<figure id=\"attachment_242233\" aria-describedby=\"caption-attachment-242233\" style=\"width: 640px\" class=\"wp-caption alignnone\"><a href=\"https:\/\/www.ocorreionews.com.br\/acervo-correio\/wp-content\/uploads\/2023\/06\/ac-onibus-sgd.png\"><img loading=\"lazy\" decoding=\"async\" class=\"size-full wp-image-242233\" src=\"https:\/\/www.ocorreionews.com.br\/acervo-correio\/wp-content\/uploads\/2023\/06\/ac-onibus-sgd.png\" alt=\"\" width=\"640\" height=\"480\" srcset=\"https:\/\/www.ocorreionews.com.br\/acervo-correio\/wp-content\/uploads\/2023\/06\/ac-onibus-sgd.png 640w, https:\/\/www.ocorreionews.com.br\/acervo-correio\/wp-content\/uploads\/2023\/06\/ac-onibus-sgd-300x225.png 300w, https:\/\/www.ocorreionews.com.br\/acervo-correio\/wp-content\/uploads\/2023\/06\/ac-onibus-sgd-86x64.png 86w\" sizes=\"auto, (max-width: 640px) 100vw, 640px\" \/><\/a><figcaption id=\"caption-attachment-242233\" class=\"wp-caption-text\">(Foto: Sidney Assis)<\/figcaption><\/figure>\n<p>O \u00f4nibus teria sa\u00eddo de Cuiab\u00e1 (MT) na na noite de domingo, com destino a Campo Grande. A princ\u00edpio, o motorista teria perdido o controle da dire\u00e7\u00e3o na rotat\u00f3ria que d\u00e1 acesso ao assentamento Campan\u00e1rio.<\/p>\n<p>Ali, acabou saindo da pista e o ve\u00edculo tombou, conforme o site A Rota da Not\u00edcia. Uma passageira ficou presa nas ferragens e morreu no local. Ela foi identificada como Esmeralda Brites Marques, de 74 anos.<\/p>\n<figure id=\"attachment_242234\" aria-describedby=\"caption-attachment-242234\" style=\"width: 640px\" class=\"wp-caption alignnone\"><a href=\"https:\/\/www.ocorreionews.com.br\/acervo-correio\/wp-content\/uploads\/2023\/06\/ac-onibus-sgd2.png\"><img loading=\"lazy\" decoding=\"async\" class=\"size-full wp-image-242234\" src=\"https:\/\/www.ocorreionews.com.br\/acervo-correio\/wp-content\/uploads\/2023\/06\/ac-onibus-sgd2.png\" alt=\"\" width=\"640\" height=\"480\" srcset=\"https:\/\/www.ocorreionews.com.br\/acervo-correio\/wp-content\/uploads\/2023\/06\/ac-onibus-sgd2.png 640w, https:\/\/www.ocorreionews.com.br\/acervo-correio\/wp-content\/uploads\/2023\/06\/ac-onibus-sgd2-300x225.png 300w, https:\/\/www.ocorreionews.com.br\/acervo-correio\/wp-content\/uploads\/2023\/06\/ac-onibus-sgd2-86x64.png 86w\" sizes=\"auto, (max-width: 640px) 100vw, 640px\" \/><\/a><figcaption id=\"caption-attachment-242234\" class=\"wp-caption-text\">(Foto: Sidney Assis)<\/figcaption><\/figure>\n<p>*Midiamax,\u00a0 Danielle Errobidart<\/p>\n","protected":false},"excerpt":{"rendered":"<p>O bombeiro militar Willian Eug\u00eanio do Nascimento, de 24 anos, uma das v\u00edtimas do acidente com um \u00f4nibus de viagem ocorrido nessa segunda-feira (12) na BR-163, em S\u00e3o Gabriel do Oeste, a 133 quil\u00f4metros da Capital, precisou passar por cirurgia e teve uma das m\u00e3os amputadas. Ainda internado na Santa Casa, ele lembra que acordou [&hellip;]<\/p>\n","protected":false},"author":5,"featured_media":242456,"comment_status":"closed","ping_status":"closed","sticky":false,"template":"","format":"standard","meta":{"footnotes":""},"categories":[38],"tags":[],"class_list":["post-242455","post","type-post","status-publish","format-standard","has-post-thumbnail","hentry","category-policia"],"_links":{"self":[{"href":"https:\/\/www.ocorreionews.com.br\/acervo-correio\/index.php?rest_route=\/wp\/v2\/posts\/242455","targetHints":{"allow":["GET"]}}],"collection":[{"href":"https:\/\/www.ocorreionews.com.br\/acervo-correio\/index.php?rest_route=\/wp\/v2\/posts"}],"about":[{"href":"https:\/\/www.ocorreionews.com.br\/acervo-correio\/index.php?rest_route=\/wp\/v2\/types\/post"}],"author":[{"embeddable":true,"href":"https:\/\/www.ocorreionews.com.br\/acervo-correio\/index.php?rest_route=\/wp\/v2\/users\/5"}],"replies":[{"embeddable":true,"href":"https:\/\/www.ocorreionews.com.br\/acervo-correio\/index.php?rest_route=%2Fwp%2Fv2%2Fcomments&post=242455"}],"version-history":[{"count":1,"href":"https:\/\/www.ocorreionews.com.br\/acervo-correio\/index.php?rest_route=\/wp\/v2\/posts\/242455\/revisions"}],"predecessor-version":[{"id":242457,"href":"https:\/\/www.ocorreionews.com.br\/acervo-correio\/index.php?rest_route=\/wp\/v2\/posts\/242455\/revisions\/242457"}],"wp:featuredmedia":[{"embeddable":true,"href":"https:\/\/www.ocorreionews.com.br\/acervo-correio\/index.php?rest_route=\/wp\/v2\/media\/242456"}],"wp:attachment":[{"href":"https:\/\/www.ocorreionews.com.br\/acervo-correio\/index.php?rest_route=%2Fwp%2Fv2%2Fmedia&parent=242455"}],"wp:term":[{"taxonomy":"category","embeddable":true,"href":"https:\/\/www.ocorreionews.com.br\/acervo-correio\/index.php?rest_route=%2Fwp%2Fv2%2Fcategories&post=242455"},{"taxonomy":"post_tag","embeddable":true,"href":"https:\/\/www.ocorreionews.com.br\/acervo-correio\/index.php?rest_route=%2Fwp%2Fv2%2Ftags&post=242455"}],"curies":[{"name":"wp","href":"https:\/\/api.w.org\/{rel}","templated":true}]}}