{"id":242461,"date":"2023-06-14T04:59:59","date_gmt":"2023-06-14T08:59:59","guid":{"rendered":"https:\/\/www.ocorreionews.com.br\/acervo-correio\/?p=242461"},"modified":"2023-06-14T08:22:32","modified_gmt":"2023-06-14T12:22:32","slug":"presidente-da-serc-felix-foi-transferido-para-campo-grande","status":"publish","type":"post","link":"https:\/\/www.ocorreionews.com.br\/acervo-correio\/?p=242461","title":{"rendered":"Presidente da SERC Felix foi transferido para Campo Grande"},"content":{"rendered":"<p>Na tarde desta ter\u00e7a-feira, 13 de junho, a diretoria da SERC &#8211; Sociedade Esportiva Recreativa de Chapad\u00e3o informou que o seu presidente Jo\u00e3o Felix, que estava internado no Hospital Municipal de Chapad\u00e3o do Sul foi transferido para a capital Campo Grande, onde deve seguir com a sua recupera\u00e7\u00e3o.<\/p>\n<p>F\u00e9lix passou por uma dengue e em seguida foi diagnosticado com bronquite e cistite. Ele perdeu muito peso e est\u00e1 debilitado. Uma m\u00e9dica, vinda de Campo Grande realizou exames no paciente e solicitou a sua transfer\u00eancia a capital, onde, com uma junta m\u00e9dica dever\u00e1 seguir com o tratamento. Ela disse que est\u00e1 otimista em rela\u00e7\u00e3o \u00e0 recupera\u00e7\u00e3o breve de Jo\u00e3o F\u00e9lix.<\/p>\n<p>A princ\u00edpio havia a suspeita de hepatite, mas a m\u00e9dica infectologista que o examinou descartou e solicitou a sua transfer\u00eancia, que ocorreu na tarde desta ter\u00e7a-feira (13).<\/p>\n<p>Jo\u00e3o F\u00e9lix Botezeli est\u00e1 com 69 anos de idade \u00e9 pioneiro de Chapad\u00e3o do Sul, empres\u00e1rio e presidente da Serc por v\u00e1rios mandatos. A imprensa de Campo Grande e a Federa\u00e7\u00e3o de Futebol de Mato Grosso do Sul tamb\u00e9m acompanham o caso do dirigente esportivo e demonstram expectativas pela sua breve recupera\u00e7\u00e3o.<\/p>\n<p>&nbsp;<\/p>\n<p>&nbsp;<\/p>\n<p><em>Fonte: Jovemsulnews (Norbertino Angeli)<\/em><\/p>\n","protected":false},"excerpt":{"rendered":"<p>Na tarde desta ter\u00e7a-feira, 13 de junho, a diretoria da SERC &#8211; Sociedade Esportiva Recreativa de Chapad\u00e3o informou que o seu presidente Jo\u00e3o Felix, que estava internado no Hospital Municipal de Chapad\u00e3o do Sul foi transferido para a capital Campo Grande, onde deve seguir com a sua recupera\u00e7\u00e3o. F\u00e9lix passou por uma dengue e em [&hellip;]<\/p>\n","protected":false},"author":5,"featured_media":242462,"comment_status":"closed","ping_status":"closed","sticky":false,"template":"","format":"standard","meta":{"footnotes":""},"categories":[23],"tags":[],"class_list":["post-242461","post","type-post","status-publish","format-standard","has-post-thumbnail","hentry","category-chapadao-do-sul"],"_links":{"self":[{"href":"https:\/\/www.ocorreionews.com.br\/acervo-correio\/index.php?rest_route=\/wp\/v2\/posts\/242461","targetHints":{"allow":["GET"]}}],"collection":[{"href":"https:\/\/www.ocorreionews.com.br\/acervo-correio\/index.php?rest_route=\/wp\/v2\/posts"}],"about":[{"href":"https:\/\/www.ocorreionews.com.br\/acervo-correio\/index.php?rest_route=\/wp\/v2\/types\/post"}],"author":[{"embeddable":true,"href":"https:\/\/www.ocorreionews.com.br\/acervo-correio\/index.php?rest_route=\/wp\/v2\/users\/5"}],"replies":[{"embeddable":true,"href":"https:\/\/www.ocorreionews.com.br\/acervo-correio\/index.php?rest_route=%2Fwp%2Fv2%2Fcomments&post=242461"}],"version-history":[{"count":1,"href":"https:\/\/www.ocorreionews.com.br\/acervo-correio\/index.php?rest_route=\/wp\/v2\/posts\/242461\/revisions"}],"predecessor-version":[{"id":242485,"href":"https:\/\/www.ocorreionews.com.br\/acervo-correio\/index.php?rest_route=\/wp\/v2\/posts\/242461\/revisions\/242485"}],"wp:featuredmedia":[{"embeddable":true,"href":"https:\/\/www.ocorreionews.com.br\/acervo-correio\/index.php?rest_route=\/wp\/v2\/media\/242462"}],"wp:attachment":[{"href":"https:\/\/www.ocorreionews.com.br\/acervo-correio\/index.php?rest_route=%2Fwp%2Fv2%2Fmedia&parent=242461"}],"wp:term":[{"taxonomy":"category","embeddable":true,"href":"https:\/\/www.ocorreionews.com.br\/acervo-correio\/index.php?rest_route=%2Fwp%2Fv2%2Fcategories&post=242461"},{"taxonomy":"post_tag","embeddable":true,"href":"https:\/\/www.ocorreionews.com.br\/acervo-correio\/index.php?rest_route=%2Fwp%2Fv2%2Ftags&post=242461"}],"curies":[{"name":"wp","href":"https:\/\/api.w.org\/{rel}","templated":true}]}}