{"id":242467,"date":"2023-06-14T05:35:42","date_gmt":"2023-06-14T09:35:42","guid":{"rendered":"https:\/\/www.ocorreionews.com.br\/acervo-correio\/?p=242467"},"modified":"2023-06-14T05:35:42","modified_gmt":"2023-06-14T09:35:42","slug":"morre-adolescente-com-suspeita-de-febre-maculosa-apos-festa-em-sp-outros-3-que-estavam-no-evento-morreram-com-a-doenca","status":"publish","type":"post","link":"https:\/\/www.ocorreionews.com.br\/acervo-correio\/?p=242467","title":{"rendered":"Morre adolescente com suspeita de febre maculosa ap\u00f3s festa em SP; outros 3 que estavam no evento morreram com a doen\u00e7a"},"content":{"rendered":"<p>A Secretaria de Sa\u00fade de Campinas (SP) confirmou que a adolescente de 16 anos que estava internada com suspeita de febre maculosa morreu na noite desta ter\u00e7a-feira (13). A adolescente estava hospitalizada desde o dia 9 de junho, poucos dias depois de ir a uma festa na Fazenda Santa Margarida, no distrito de Joaquim Eg\u00eddio. Outras tr\u00eas pessoas que estiveram no mesmo evento morreram e j\u00e1 tiveram a doen\u00e7a como causa confirmada.<\/p>\n<div class=\"mc-article-body\">\n<article>\n<div id=\"chunk-26lgg\">\n<div class=\"mc-column content-text active-extra-styles active-capital-letter\" data-block-type=\"unstyled\" data-block-weight=\"72\" data-block-id=\"1\">\n<p data-track-category=\"Link no Texto\" data-track-links=\"\">\n<\/div>\n<\/div>\n<div class=\"wall protected-content\">\n<div id=\"chunk-7tqel\">\n<div class=\"mc-column content-text active-extra-styles \" data-block-type=\"unstyled\" data-block-weight=\"35\" data-block-id=\"3\">\n<p class=\"content-text__container \" data-track-category=\"Link no Texto\" data-track-links=\"\">Segundo a pasta, a menina estava em um hospital particular da metr\u00f3pole. At\u00e9 a \u00faltima atualiza\u00e7\u00e3o desta reportagem, o Instituto Adolfo Lutz n\u00e3o havia divulgado exames para confirmar ou descartar o diagn\u00f3stico de febre maculosa.<\/p>\n<p data-track-category=\"Link no Texto\" data-track-links=\"\">\n<\/div>\n<\/div>\n<div id=\"chunk-dvbpv\">\n<div class=\"mc-column content-text active-extra-styles \" data-block-type=\"unstyled\" data-block-weight=\"56\" data-block-id=\"4\">\n<p class=\"content-text__container \" data-track-category=\"Link no Texto\" data-track-links=\"\">Segundo o Minist\u00e9rio da Sa\u00fade, &#8220;a febre maculosa \u00e9 uma doen\u00e7a infecciosa, febril aguda e de gravidade vari\u00e1vel&#8221;, ou seja: h\u00e1 formas cl\u00ednicas leves e formas graves, &#8220;com elevada taxa de letalidade&#8221;. A doen\u00e7a \u00e9 causada por duas bact\u00e9rias do g\u00eanero\u00a0<em>Rickettsia<\/em>, e a transmiss\u00e3o ocorre por picada de carrapato, sobretudo aquele conhecido como carrapato estrela.<\/p>\n<p data-track-category=\"Link no Texto\" data-track-links=\"\">\n<\/div>\n<\/div>\n<div id=\"chunk-8h4f9\">\n<div class=\"mc-column content-text active-extra-styles \" data-block-type=\"unstyled\" data-block-weight=\"26\" data-block-id=\"5\">\n<p class=\"content-text__container \" data-track-category=\"Link no Texto\" data-track-links=\"\">A febre maculosa n\u00e3o \u00e9 transmitida diretamente de pessoa para pessoa, por contato. Os sintomas podem ser facilmente confundidos com outras doen\u00e7as que causam febre alta.<\/p>\n<p data-track-category=\"Link no Texto\" data-track-links=\"\">\n<\/div>\n<\/div>\n<div id=\"chunk-1pkt4\">\n<div class=\"mc-column content-text active-extra-styles \" data-block-type=\"unstyled\" data-block-weight=\"64\" data-block-id=\"6\">\n<p class=\"content-text__container \" data-track-category=\"Link no Texto\" data-track-links=\"\">A Secretaria de Estado da Sa\u00fade de S\u00e3o Paulo alerta que pessoas que moram ou se deslocam por \u00e1reas de transmiss\u00e3o fiquem atentas ao menor sinal de febre, dor no corpo, des\u00e2nimo, n\u00e1useas, v\u00f4mito, diarreia e dor abdominal e que procurem um servi\u00e7o m\u00e9dico. L\u00e1, devem informar que estiveram nessas regi\u00f5es, para evitar o agravamento do quadro. O tratamento \u00e9 realizado com antibi\u00f3tico espec\u00edfico.<\/p>\n<div class=\"mc-column content-text active-extra-styles\" data-block-type=\"raw\" data-block-weight=\"2\" data-block-id=\"11\">\n<div class=\"content-intertitle\">\n<h2>Outras mortes<\/h2>\n<\/div>\n<div class=\"content-media-container glb-skeleton-box\">\n<figure class=\"content-media-figure\">\n<p><figure style=\"width: 386px\" class=\"wp-caption aligncenter\"><img loading=\"lazy\" decoding=\"async\" class=\"i-amphtml-fill-content i-amphtml-replaced-content\" src=\"https:\/\/s2-g1.glbimg.com\/p0DuzI3Zkyt6_K458zHTHaxi7LY=\/0x0:720x738\/984x0\/smart\/filters:strip_icc()\/i.s3.glbimg.com\/v1\/AUTH_59edd422c0c84a879bd37670ae4f538a\/internal_photos\/bs\/2023\/B\/m\/UzWk57Q4ucvy4fx7zcgw\/whatsapp-image-2023-06-13-at-19.43.12.jpeg\" sizes=\"auto, (max-width: 435px) 387px, 100vw\" srcset=\"https:\/\/s2-g1.glbimg.com\/LzqgY_113YSzFEQpaGavt0lPG0o=\/0x0:720x738\/1000x0\/smart\/filters:strip_icc()\/i.s3.glbimg.com\/v1\/AUTH_59edd422c0c84a879bd37670ae4f538a\/internal_photos\/bs\/2023\/B\/m\/UzWk57Q4ucvy4fx7zcgw\/whatsapp-image-2023-06-13-at-19.43.12.jpeg 1000w, https:\/\/s2-g1.glbimg.com\/p0DuzI3Zkyt6_K458zHTHaxi7LY=\/0x0:720x738\/984x0\/smart\/filters:strip_icc()\/i.s3.glbimg.com\/v1\/AUTH_59edd422c0c84a879bd37670ae4f538a\/internal_photos\/bs\/2023\/B\/m\/UzWk57Q4ucvy4fx7zcgw\/whatsapp-image-2023-06-13-at-19.43.12.jpeg 984w, https:\/\/s2-g1.glbimg.com\/zSnYCiefoebGBGL_50bFmVdJHhg=\/0x0:720x738\/640x0\/smart\/filters:strip_icc()\/i.s3.glbimg.com\/v1\/AUTH_59edd422c0c84a879bd37670ae4f538a\/internal_photos\/bs\/2023\/B\/m\/UzWk57Q4ucvy4fx7zcgw\/whatsapp-image-2023-06-13-at-19.43.12.jpeg 640w, https:\/\/s2-g1.glbimg.com\/saeFYbspVmXp6tO2Hn1negZzRV0=\/0x0:720x738\/600x0\/smart\/filters:strip_icc()\/i.s3.glbimg.com\/v1\/AUTH_59edd422c0c84a879bd37670ae4f538a\/internal_photos\/bs\/2023\/B\/m\/UzWk57Q4ucvy4fx7zcgw\/whatsapp-image-2023-06-13-at-19.43.12.jpeg 600w\" alt=\"Evelyn Santos morava em Hortol\u00e2ndia (SP) e morreu ap\u00f3s ter febre maculosa \u2014 Foto: Elis\u00e2ngela Souza\/Arquivo Pessoal\" width=\"386\" height=\"396\" \/><figcaption class=\"wp-caption-text\">Evelyn Santos morava em Hortol\u00e2ndia (SP) e morreu ap\u00f3s ter febre maculosa \u2014 Foto: Elis\u00e2ngela Souza\/Arquivo Pessoal<\/figcaption><\/figure><\/figure>\n<\/div>\n<p class=\"content-media__description  \">\n<\/div>\n<div id=\"chunk-debho\">\n<div class=\"mc-column content-text active-extra-styles \" data-block-type=\"unstyled\" data-block-weight=\"48\" data-block-id=\"12\">\n<p class=\"content-text__container \" data-track-category=\"Link no Texto\" data-track-links=\"\">O Instituto Adolfo Lutz confirmou tamb\u00e9m nesta ter\u00e7a-feira duas mortes por febre maculosa. A amostra do piloto Douglas Costa, de 42 anos, deu positiva para a doen\u00e7a. Al\u00e9m dele, outra jovem, Evelyn Santos de 28 anos, tamb\u00e9m morreu com a doen\u00e7a, segundo a Secretaria da Sa\u00fade de S\u00e3o Paulo.<\/p>\n<p data-track-category=\"Link no Texto\" data-track-links=\"\">\n<\/div>\n<\/div>\n<div id=\"chunk-cigsm\">\n<div class=\"mc-column content-text active-extra-styles \" data-block-type=\"unstyled\" data-block-weight=\"18\" data-block-id=\"13\">\n<p class=\"content-text__container \" data-track-category=\"Link no Texto\" data-track-links=\"\">A confirma\u00e7\u00e3o da morte da namorada do piloto,\u00a0Mariana Giordano, de 36 anos, saiu na segunda-feira (12).<\/p>\n<div class=\"content-media-container glb-skeleton-box\">\n<figure class=\"content-media-figure\">&nbsp;<\/p>\n<figure class=\"wp-caption aligncenter\"><img loading=\"lazy\" decoding=\"async\" class=\"i-amphtml-fill-content i-amphtml-replaced-content\" src=\"https:\/\/s2-g1.glbimg.com\/HJ_aDopi-X6SnNOareQC1RrYuUM=\/0x0:519x550\/984x0\/smart\/filters:strip_icc()\/i.s3.glbimg.com\/v1\/AUTH_59edd422c0c84a879bd37670ae4f538a\/internal_photos\/bs\/2023\/9\/c\/4LvkbuQlGWgBn4UBYltA\/piloto-e-namorada.jpeg\" sizes=\"auto, (max-width: 1366px) 648px, 100vw\" srcset=\"https:\/\/s2-g1.glbimg.com\/iNt8dDb-ZGJI3tXZmLaO-ZgsM8A=\/0x0:519x550\/1000x0\/smart\/filters:strip_icc()\/i.s3.glbimg.com\/v1\/AUTH_59edd422c0c84a879bd37670ae4f538a\/internal_photos\/bs\/2023\/9\/c\/4LvkbuQlGWgBn4UBYltA\/piloto-e-namorada.jpeg 1000w, https:\/\/s2-g1.glbimg.com\/HJ_aDopi-X6SnNOareQC1RrYuUM=\/0x0:519x550\/984x0\/smart\/filters:strip_icc()\/i.s3.glbimg.com\/v1\/AUTH_59edd422c0c84a879bd37670ae4f538a\/internal_photos\/bs\/2023\/9\/c\/4LvkbuQlGWgBn4UBYltA\/piloto-e-namorada.jpeg 984w, https:\/\/s2-g1.glbimg.com\/XAqMLWQNFRYlcOORfR2hy3kkgOw=\/0x0:519x550\/640x0\/smart\/filters:strip_icc()\/i.s3.glbimg.com\/v1\/AUTH_59edd422c0c84a879bd37670ae4f538a\/internal_photos\/bs\/2023\/9\/c\/4LvkbuQlGWgBn4UBYltA\/piloto-e-namorada.jpeg 640w, https:\/\/s2-g1.glbimg.com\/qPuPELPSvJVVmLP9wXVQVXorIiA=\/0x0:519x550\/600x0\/smart\/filters:strip_icc()\/i.s3.glbimg.com\/v1\/AUTH_59edd422c0c84a879bd37670ae4f538a\/internal_photos\/bs\/2023\/9\/c\/4LvkbuQlGWgBn4UBYltA\/piloto-e-namorada.jpeg 600w\" alt=\"O piloto de Jundia\u00ed (SP), Douglas Costa, e a namorada, Mariana Giordano, morreram ap\u00f3s terem sintomas de febre e dor  \u2014 Foto: Reprodu\u00e7\u00e3o\/Instagram\" width=\"647\" height=\"686\" \/><figcaption class=\"wp-caption-text\">O piloto de Jundia\u00ed (SP), Douglas Costa, e a namorada, Mariana Giordano, morreram ap\u00f3s terem sintomas de febre e dor \u2014 Foto: Reprodu\u00e7\u00e3o\/Instagram<\/figcaption><\/figure>\n<\/figure>\n<\/div>\n<p data-track-category=\"Link no Texto\" data-track-links=\"\">\n<\/div>\n<\/div>\n<div id=\"chunk-5pmse\">\n<div class=\"mc-column content-text active-extra-styles \" data-block-type=\"unstyled\" data-block-weight=\"41\" data-block-id=\"14\">\n<p class=\"content-text__container \" data-track-category=\"Link no Texto\" data-track-links=\"\">Essas tr\u00eas pessoas e a adolescente estiveram na Fazenda Santa Margarida no dia 27 de maio, quando o local sediou o evento &#8220;Feijoada do Rosa&#8221;, que tem 22 anos de tradi\u00e7\u00e3o. O evento contou com a apresenta\u00e7\u00e3o de v\u00e1rios DJs.<\/p>\n<div id=\"chunk-312pu\">\n<div class=\"mc-column content-text active-extra-styles \" data-block-type=\"unstyled\" data-block-weight=\"46\" data-block-id=\"16\">\n<p class=\"content-text__container \" data-track-category=\"Link no Texto\" data-track-links=\"\">Douglas e Mariana passaram a ter sintomas de febre, manchas avermelhadas pelo corpo e dores no dia 3 de junho e\u00a0morreram cinco dias depois. J\u00e1 a jovem de 28 anos apresentou febre, cefal\u00e9ia, choque e crise convulsiva, e morreu tamb\u00e9m em 8 de junho.<\/p>\n<p data-track-category=\"Link no Texto\" data-track-links=\"\">\n<\/div>\n<\/div>\n<div id=\"chunk-3q4bs\">\n<div class=\"mc-column content-text active-extra-styles \" data-block-type=\"unstyled\" data-block-weight=\"19\" data-block-id=\"17\">\n<p class=\"content-text__container \" data-track-category=\"Link no Texto\" data-track-links=\"\">Com essas tr\u00eas mortes, vai a seis o n\u00famero de mortos com a doen\u00e7a no estado de S\u00e3o Paulo.<\/p>\n<p data-track-category=\"Link no Texto\" data-track-links=\"\">\n<\/div>\n<\/div>\n<div id=\"chunk-888nt\">\n<div class=\"mc-column content-text active-extra-styles \" data-block-type=\"unstyled\" data-block-weight=\"47\" data-block-id=\"18\">\n<p class=\"content-text__container \" data-track-category=\"Link no Texto\" data-track-links=\"\">&#8220;Em 2023, foram registrados 12 casos de febre maculosa com 6 \u00f3bitos, incluindo os tr\u00eas confirmados desde segunda-feira (12) em todo o estado. Em 2022, foram registrados 53 casos, com 37 \u00f3bitos confirmados. J\u00e1 em 2021, foram 76 casos e 42 \u00f3bitos&#8221;, diz boletim do Adolfo Lutz.<\/p>\n<\/div>\n<\/div>\n<div class=\"mc-column content-text active-extra-styles\" data-block-type=\"raw\" data-block-weight=\"4\" data-block-id=\"19\">\n<p class=\"content-text__container\">\n<div class=\"content-intertitle\">\n<h2>Fazenda tem eventos suspensos<\/h2>\n<\/div>\n<p>&nbsp;<\/p>\n<\/div>\n<div id=\"chunk-1j8j2\">\n<div class=\"row medium-uncollapsed content-media content-photo\" data-block-type=\"backstage-photo\" data-block-id=\"20\">\n<div class=\" mc-column  content-media__container\">\n<div class=\"content-media-container glb-skeleton-box\">\n<figure class=\"content-media-figure\">\n<p><figure style=\"width: 386px\" class=\"wp-caption aligncenter\"><img loading=\"lazy\" decoding=\"async\" class=\"i-amphtml-fill-content i-amphtml-replaced-content\" src=\"https:\/\/s2-g1.glbimg.com\/bY8-cpLHBfwxTFNbdllxg_QB4NM=\/0x0:640x427\/984x0\/smart\/filters:strip_icc()\/i.s3.glbimg.com\/v1\/AUTH_59edd422c0c84a879bd37670ae4f538a\/internal_photos\/bs\/2023\/W\/B\/A1iT14QMyf23hMXZgBtw\/352013114-618173290270247-5090608309837698305-n.jpg\" sizes=\"auto, (max-width: 435px) 387px, 100vw\" srcset=\"https:\/\/s2-g1.glbimg.com\/yFHAB8oqVIR23cncskTD6tI-Zbk=\/0x0:640x427\/1000x0\/smart\/filters:strip_icc()\/i.s3.glbimg.com\/v1\/AUTH_59edd422c0c84a879bd37670ae4f538a\/internal_photos\/bs\/2023\/W\/B\/A1iT14QMyf23hMXZgBtw\/352013114-618173290270247-5090608309837698305-n.jpg 1000w, https:\/\/s2-g1.glbimg.com\/bY8-cpLHBfwxTFNbdllxg_QB4NM=\/0x0:640x427\/984x0\/smart\/filters:strip_icc()\/i.s3.glbimg.com\/v1\/AUTH_59edd422c0c84a879bd37670ae4f538a\/internal_photos\/bs\/2023\/W\/B\/A1iT14QMyf23hMXZgBtw\/352013114-618173290270247-5090608309837698305-n.jpg 984w, https:\/\/s2-g1.glbimg.com\/vOCdk6izaqQ5vVuK4CEcxJsai2o=\/0x0:640x427\/640x0\/smart\/filters:strip_icc()\/i.s3.glbimg.com\/v1\/AUTH_59edd422c0c84a879bd37670ae4f538a\/internal_photos\/bs\/2023\/W\/B\/A1iT14QMyf23hMXZgBtw\/352013114-618173290270247-5090608309837698305-n.jpg 640w, https:\/\/s2-g1.glbimg.com\/NW5jQdxxD6h0_IT-5xhUG4V1smI=\/0x0:640x427\/600x0\/smart\/filters:strip_icc()\/i.s3.glbimg.com\/v1\/AUTH_59edd422c0c84a879bd37670ae4f538a\/internal_photos\/bs\/2023\/W\/B\/A1iT14QMyf23hMXZgBtw\/352013114-618173290270247-5090608309837698305-n.jpg 600w\" alt=\"22\u00aa edi\u00e7\u00e3o da 'Feijoada do Rosa', na Fazenda Santa Margarida, no distrito de Joaquim Eg\u00eddio, em Campinas  \u2014 Foto: Redes sociais\" width=\"386\" height=\"258\" \/><figcaption class=\"wp-caption-text\">22\u00aa edi\u00e7\u00e3o da &#8216;Feijoada do Rosa&#8217;, na Fazenda Santa Margarida, no distrito de Joaquim Eg\u00eddio, em Campinas \u2014 Foto: Redes sociais<\/figcaption><\/figure><\/figure>\n<\/div>\n<p class=\"content-media__description  \">\n<p>&nbsp;<\/p>\n<\/div>\n<\/div>\n<\/div>\n<div id=\"chunk-a4ahc\">\n<div class=\"mc-column content-text active-extra-styles \" data-block-type=\"unstyled\" data-block-weight=\"51\" data-block-id=\"22\">\n<p class=\"content-text__container \" data-track-category=\"Link no Texto\" data-track-links=\"\">Diante dos casos, a Prefeitura de Campinas disse que a fazenda vive um surto da doen\u00e7a e que, por isso, ela s\u00f3 poder\u00e1 fazer novos eventos quando apresentar um plano de conting\u00eancia ambiental e de comunica\u00e7\u00e3o. A administra\u00e7\u00e3o municipal explicou que a suspens\u00e3o dos eventos n\u00e3o significa uma interdi\u00e7\u00e3o da fazenda.<\/p>\n<p data-track-category=\"Link no Texto\" data-track-links=\"\">\n<\/div>\n<\/div>\n<div id=\"chunk-4m8rk\">\n<div class=\"mc-column content-text active-extra-styles \" data-block-type=\"unstyled\" data-block-weight=\"31\" data-block-id=\"23\">\n<p class=\"content-text__container \" data-track-category=\"Link no Texto\" data-track-links=\"\">Em nota, a fazenda disse que sempre age de acordo com as exig\u00eancias relacionadas \u00e0 Vigil\u00e2ncia Sanit\u00e1ria e que mant\u00e9m um &#8220;rigoroso processo de manuten\u00e7\u00e3o e cuidados em rela\u00e7\u00e3o ao espa\u00e7o&#8221;.<\/p>\n<p data-track-category=\"Link no Texto\" data-track-links=\"\">\n<\/div>\n<\/div>\n<div id=\"chunk-8rc58\">\n<div class=\"mc-column content-text active-extra-styles \" data-block-type=\"unstyled\" data-block-weight=\"21\" data-block-id=\"24\">\n<p class=\"content-text__container \" data-track-category=\"Link no Texto\" data-track-links=\"\">&#8220;A Fazenda Santa Margarida se coloca \u00e0 disposi\u00e7\u00e3o das autoridades competentes para qualquer aux\u00edlio necess\u00e1rio na investiga\u00e7\u00e3o desse triste acontecimento&#8221;, disse.<\/p>\n<p data-track-category=\"Link no Texto\" data-track-links=\"\">\n<\/div>\n<\/div>\n<div id=\"chunk-2jkvt\">\n<div class=\"mc-column content-text active-extra-styles \" data-block-type=\"unstyled\" data-block-weight=\"27\" data-block-id=\"25\">\n<p class=\"content-text__container \" data-track-category=\"Link no Texto\" data-track-links=\"\">J\u00e1 a organiza\u00e7\u00e3o do evento se solidarizou com amigos e familiares das v\u00edtimas e alegou que n\u00e3o houve &#8220;correla\u00e7\u00e3o entre as atra\u00e7\u00f5es oferecidas com as causas anunciadas&#8221;.<\/p>\n<p data-track-category=\"Link no Texto\" data-track-links=\"\">\n<\/div>\n<\/div>\n<div id=\"chunk-18s3q\">\n<div class=\"mc-column content-text active-extra-styles \" data-block-type=\"unstyled\" data-block-weight=\"44\" data-block-id=\"26\">\n<p class=\"content-text__container \" data-track-category=\"Link no Texto\" data-track-links=\"\">&#8220;At\u00e9 o momento, n\u00e3o se pode descartar que as contamina\u00e7\u00f5es tenham eventualmente ocorrido durante essa frequ\u00eancia na Fazenda Santa Margarida, mesmo porque a Vigil\u00e2ncia Sanit\u00e1ria local veio \u00e0 p\u00fablico refor\u00e7ar que a cidade de Campinas ganha especial express\u00e3o como foco da referida doen\u00e7a&#8221;, completou.<\/p>\n<div class=\"mc-column content-text active-extra-styles\" data-block-type=\"raw\" data-block-weight=\"3\" data-block-id=\"33\">\n<div class=\"content-intertitle\">\n<h2>Casos no pa\u00eds<\/h2>\n<\/div>\n<p>&nbsp;<\/p>\n<\/div>\n<div id=\"chunk-1b1js\">\n<div class=\"mc-column content-text active-extra-styles \" data-block-type=\"unstyled\" data-block-weight=\"39\" data-block-id=\"34\">\n<p class=\"content-text__container \" data-track-category=\"Link no Texto\" data-track-links=\"\">Em nota, o Minist\u00e9rio da Sa\u00fade disse que mant\u00e9m contato com o Centro de Vigil\u00e2ncia Epidemiol\u00f3gica do estado de S\u00e3o Paulo e com o Centro Informa\u00e7\u00f5es Estrat\u00e9gicas De Vigil\u00e2ncia Em Sa\u00fade (CIEVS-Nacional) para acompanhar as investiga\u00e7\u00f5es do caso.<\/p>\n<p data-track-category=\"Link no Texto\" data-track-links=\"\">\n<\/div>\n<\/div>\n<div id=\"chunk-enjdo\">\n<div class=\"mc-column content-text active-extra-styles \" data-block-type=\"unstyled\" data-block-weight=\"46\" data-block-id=\"35\">\n<p class=\"content-text__container \" data-track-category=\"Link no Texto\" data-track-links=\"\">A pasta ainda afirma que realiza a distribui\u00e7\u00e3o de antimicrobiano para o tratamento da febre maculosa aos estados e vem promovendo a\u00e7\u00f5es de capacita\u00e7\u00f5es direcionadas \u00e0s vigil\u00e2ncias estaduais e municipais, assim como vem realizando a divulga\u00e7\u00e3o de diretrizes t\u00e9cnicas com orienta\u00e7\u00f5es de manejo cl\u00ednico e ambiental.<\/p>\n<\/div>\n<\/div>\n<div id=\"chunk-1cfbp\">\n<div class=\"mc-column content-text active-extra-styles \" data-block-type=\"unstyled\" data-block-weight=\"12\" data-block-id=\"36\">\n<p class=\"content-text__container \" data-track-category=\"Link no Texto\" data-track-links=\"\"><strong>Mortes por conta da doen\u00e7a no pa\u00eds at\u00e9 in\u00edcio do m\u00eas:<\/strong><\/p>\n<p data-track-category=\"Link no Texto\" data-track-links=\"\">\n<\/div>\n<\/div>\n<div class=\"mc-column content-text active-extra-styles\" data-block-type=\"raw\" data-block-weight=\"12\" data-block-id=\"38\">\n<p class=\"content-text__container\">\n<ul class=\"content-unordered-list\">\n<li>2020: 191 casos<\/li>\n<li>2021: 231 casos<\/li>\n<li>2022: 190 casos<\/li>\n<li>2023: 48 casos<\/li>\n<\/ul>\n<\/div>\n<p>&nbsp;<\/p>\n<div class=\"mc-column content-text active-extra-styles\" data-block-type=\"raw\" data-block-weight=\"6\" data-block-id=\"39\">\n<p class=\"content-text__container\">\n<div class=\"content-intertitle\">\n<h2>Quais s\u00e3o os sintomas da doen\u00e7a?<\/h2>\n<\/div>\n<\/div>\n<p>&nbsp;<\/p>\n<div id=\"chunk-2k30u\">\n<div class=\"mc-column content-text active-extra-styles \" data-block-type=\"unstyled\" data-block-weight=\"11\" data-block-id=\"40\">\n<p class=\"content-text__container \" data-track-category=\"Link no Texto\" data-track-links=\"\">Conforme o Minist\u00e9rio da Sa\u00fade, os principais sintomas da doen\u00e7a s\u00e3o:<\/p>\n<\/div>\n<\/div>\n<p class=\"content-text__container\">\n<div class=\"mc-column content-text active-extra-styles\" data-block-type=\"raw\" data-block-weight=\"47\" data-block-id=\"41\">\n<ul class=\"content-unordered-list\">\n<li>Febre<\/li>\n<li>Dor de cabe\u00e7a intensa<\/li>\n<li>N\u00e1useas e v\u00f4mitos<\/li>\n<li>Diarreia e dor abdominal<\/li>\n<li>Dor muscular constante<\/li>\n<li>Incha\u00e7o e vermelhid\u00e3o nas palmas das m\u00e3os e sola dos p\u00e9s<\/li>\n<li>Gangrena nos dedos e orelhas<\/li>\n<li>Paralisia dos membros que inicia nas pernas e vai subindo at\u00e9 os pulm\u00f5es, causando paragem respirat\u00f3ria<\/li>\n<\/ul>\n<\/div>\n<\/div>\n<\/div>\n<\/div>\n<\/div>\n<\/div>\n<\/div>\n<\/div>\n<\/article>\n<\/div>\n<p>&nbsp;<\/p>\n<p>Por Helio Carvalho e Jo\u00e3o Alvarenga, g1 Campinas e Regi\u00e3o e<\/p>\n","protected":false},"excerpt":{"rendered":"<p>A Secretaria de Sa\u00fade de Campinas (SP) confirmou que a adolescente de 16 anos que estava internada com suspeita de febre maculosa morreu na noite desta ter\u00e7a-feira (13). A adolescente estava hospitalizada desde o dia 9 de junho, poucos dias depois de ir a uma festa na Fazenda Santa Margarida, no distrito de Joaquim Eg\u00eddio. [&hellip;]<\/p>\n","protected":false},"author":5,"featured_media":242445,"comment_status":"closed","ping_status":"closed","sticky":false,"template":"","format":"standard","meta":{"footnotes":""},"categories":[39],"tags":[],"class_list":["post-242467","post","type-post","status-publish","format-standard","has-post-thumbnail","hentry","category-saude"],"_links":{"self":[{"href":"https:\/\/www.ocorreionews.com.br\/acervo-correio\/index.php?rest_route=\/wp\/v2\/posts\/242467","targetHints":{"allow":["GET"]}}],"collection":[{"href":"https:\/\/www.ocorreionews.com.br\/acervo-correio\/index.php?rest_route=\/wp\/v2\/posts"}],"about":[{"href":"https:\/\/www.ocorreionews.com.br\/acervo-correio\/index.php?rest_route=\/wp\/v2\/types\/post"}],"author":[{"embeddable":true,"href":"https:\/\/www.ocorreionews.com.br\/acervo-correio\/index.php?rest_route=\/wp\/v2\/users\/5"}],"replies":[{"embeddable":true,"href":"https:\/\/www.ocorreionews.com.br\/acervo-correio\/index.php?rest_route=%2Fwp%2Fv2%2Fcomments&post=242467"}],"version-history":[{"count":1,"href":"https:\/\/www.ocorreionews.com.br\/acervo-correio\/index.php?rest_route=\/wp\/v2\/posts\/242467\/revisions"}],"predecessor-version":[{"id":242468,"href":"https:\/\/www.ocorreionews.com.br\/acervo-correio\/index.php?rest_route=\/wp\/v2\/posts\/242467\/revisions\/242468"}],"wp:featuredmedia":[{"embeddable":true,"href":"https:\/\/www.ocorreionews.com.br\/acervo-correio\/index.php?rest_route=\/wp\/v2\/media\/242445"}],"wp:attachment":[{"href":"https:\/\/www.ocorreionews.com.br\/acervo-correio\/index.php?rest_route=%2Fwp%2Fv2%2Fmedia&parent=242467"}],"wp:term":[{"taxonomy":"category","embeddable":true,"href":"https:\/\/www.ocorreionews.com.br\/acervo-correio\/index.php?rest_route=%2Fwp%2Fv2%2Fcategories&post=242467"},{"taxonomy":"post_tag","embeddable":true,"href":"https:\/\/www.ocorreionews.com.br\/acervo-correio\/index.php?rest_route=%2Fwp%2Fv2%2Ftags&post=242467"}],"curies":[{"name":"wp","href":"https:\/\/api.w.org\/{rel}","templated":true}]}}