{"id":242471,"date":"2023-06-14T04:30:46","date_gmt":"2023-06-14T08:30:46","guid":{"rendered":"https:\/\/www.ocorreionews.com.br\/acervo-correio\/?p=242471"},"modified":"2023-06-14T05:59:35","modified_gmt":"2023-06-14T09:59:35","slug":"ginecologista-e-condenado-a-mais-de-270-anos-de-prisao-por-estupro-de-21-mulheres-em-goias","status":"publish","type":"post","link":"https:\/\/www.ocorreionews.com.br\/acervo-correio\/?p=242471","title":{"rendered":"Ginecologista \u00e9 condenado a mais de 270 anos de pris\u00e3o por estupro de 21 mulheres, em Goi\u00e1s"},"content":{"rendered":"<p>A Justi\u00e7a condenou a 277 anos de pris\u00e3o o m\u00e9dico ginecologista Nicodemos J\u00fanior Estanislau Morais pelo crime de estupro de vulner\u00e1vel contra 21 mulheres, em An\u00e1polis, a 55 km de Goi\u00e2nia. \u201cA medicina existe para curar as pessoas, n\u00e3o para feri-las ainda mais\u201d, destacou a ju\u00edza L\u00edgia Nunes de Paula na decis\u00e3o.<\/p>\n<p>O g1 entrou em contato com o advogado Carlos Eduardo Gon\u00e7alves Martins, que defende o m\u00e9dico, que afirmou que vai recorrer da condena\u00e7\u00e3o e informou que o condenado est\u00e1 preso. Nicodemos j\u00e1 havia sido condenado em abril de 2022 a 35 anos de pris\u00e3o pela justi\u00e7a de Abadi\u00e2nia, no Entorno do Distrito Federal.<\/p>\n<p>De acordo com o Tribunal de Justi\u00e7a do Estado de Goi\u00e1s (TJ-GO), o m\u00e9dico foi condenado a 163 anos de pris\u00e3o pelo crime contra 12 v\u00edtimas e, no outro processo, envolvendo 9 mulheres, a 114 anos. Al\u00e9m disso, informa que ele dever\u00e1 pagar R$100 mil de indeniza\u00e7\u00e3o por danos morais para cada uma das v\u00edtimas.<\/p>\n<div class=\"mc-article-body\">\n<article>\n<div class=\"wall protected-content\">\n<div id=\"chunk-4vop5\">\n<div class=\"mc-column\" data-block-type=\"ads\" data-block-id=\"9\">\n<div id=\"content-ads-banner_materia2\" class=\"content-ads content-ads--regular content-ads--smart-size\"><\/div>\n<\/div>\n<\/div>\n<div id=\"chunk-bp7b2\">\n<div class=\"mc-column content-text active-extra-styles \" data-block-type=\"unstyled\" data-block-weight=\"57\" data-block-id=\"10\">\n<p class=\"content-text__container \" data-track-category=\"Link no Texto\" data-track-links=\"\">As senten\u00e7as foram dadas pela ju\u00edza titular da 2\u00aa Vara Criminal da comarca de An\u00e1polis, L\u00edgia Nunes de Paula, no dia 7 de junho. No total, a pena para o ginecologista \u00e9 de 277 anos, 2 meses e 19 dias de pris\u00e3o em regime fechado. Na decis\u00e3o, a magistrada destacou a import\u00e2ncia da dignidade sexual das pacientes.<\/p>\n<p data-track-category=\"Link no Texto\" data-track-links=\"\">\n<\/div>\n<\/div>\n<div id=\"chunk-dp5cr\">\n<div class=\"mc-column content-text active-extra-styles \" data-block-type=\"unstyled\" data-block-weight=\"50\" data-block-id=\"11\">\n<p class=\"content-text__container \" data-track-category=\"Link no Texto\" data-track-links=\"\">\u201cA medicina existe para curar as pessoas, n\u00e3o para feri-las ainda mais. Essa indispens\u00e1vel profiss\u00e3o, apesar de fundamental para a manuten\u00e7\u00e3o sadia da coletividade, n\u00e3o se sobrep\u00f5e a direitos de estirpe constitucional e tutelados pelo direito penal, como, dentro outros, o direito \u00e0 liberdade e dignidade sexual\u201d, escreveu a ju\u00edza.<\/p>\n<p data-track-category=\"Link no Texto\" data-track-links=\"\">\n<\/div>\n<\/div>\n<div id=\"chunk-7v6hj\">\n<div class=\"row medium-uncollapsed content-media content-photo\" data-block-type=\"backstage-photo\" data-block-id=\"12\">\n<div class=\" mc-column content-media__container\">\n<div class=\"content-media-container glb-skeleton-box\">\n<figure class=\"content-media-figure\">\n<p><figure style=\"width: 386px\" class=\"wp-caption aligncenter\"><img loading=\"lazy\" decoding=\"async\" class=\"i-amphtml-fill-content i-amphtml-replaced-content\" src=\"https:\/\/s2-g1.glbimg.com\/rRKNix2MCdVpimfUyRmagXztLto=\/0x0:1700x1065\/984x0\/smart\/filters:strip_icc()\/i.s3.glbimg.com\/v1\/AUTH_59edd422c0c84a879bd37670ae4f538a\/internal_photos\/bs\/2021\/U\/W\/yrCdn6RtCiAWG5fVFzsg\/prisao.jpg\" sizes=\"auto, (max-width: 435px) 387px, 100vw\" srcset=\"https:\/\/s2-g1.glbimg.com\/TeRecoAZgmkCu6ZOmIMfNuFa6h4=\/0x0:1700x1065\/1000x0\/smart\/filters:strip_icc()\/i.s3.glbimg.com\/v1\/AUTH_59edd422c0c84a879bd37670ae4f538a\/internal_photos\/bs\/2021\/U\/W\/yrCdn6RtCiAWG5fVFzsg\/prisao.jpg 1000w, https:\/\/s2-g1.glbimg.com\/rRKNix2MCdVpimfUyRmagXztLto=\/0x0:1700x1065\/984x0\/smart\/filters:strip_icc()\/i.s3.glbimg.com\/v1\/AUTH_59edd422c0c84a879bd37670ae4f538a\/internal_photos\/bs\/2021\/U\/W\/yrCdn6RtCiAWG5fVFzsg\/prisao.jpg 984w, https:\/\/s2-g1.glbimg.com\/lRIaE6cdMApjY8C0Tb-CC0FJpn4=\/0x0:1700x1065\/640x0\/smart\/filters:strip_icc()\/i.s3.glbimg.com\/v1\/AUTH_59edd422c0c84a879bd37670ae4f538a\/internal_photos\/bs\/2021\/U\/W\/yrCdn6RtCiAWG5fVFzsg\/prisao.jpg 640w, https:\/\/s2-g1.glbimg.com\/9pYXnoS6HBgQJARiZbI0A9x6pYM=\/0x0:1700x1065\/600x0\/smart\/filters:strip_icc()\/i.s3.glbimg.com\/v1\/AUTH_59edd422c0c84a879bd37670ae4f538a\/internal_photos\/bs\/2021\/U\/W\/yrCdn6RtCiAWG5fVFzsg\/prisao.jpg 600w\" alt=\"Ginecologista Nicodemos J\u00fanior Estanislau Morais \u00e9 preso novamente em An\u00e1polis, Goi\u00e1s \u2014 Foto: Pol\u00edcia Civil\/Divulga\u00e7\u00e3o\" width=\"386\" height=\"242\" \/><figcaption class=\"wp-caption-text\">Ginecologista Nicodemos J\u00fanior Estanislau Morais \u00e9 preso novamente em An\u00e1polis, Goi\u00e1s \u2014 Foto: Pol\u00edcia Civil\/Divulga\u00e7\u00e3o<\/figcaption><\/figure><\/figure>\n<p>&nbsp;<\/p>\n<\/div>\n<\/div>\n<p class=\"content-media__description \">Paula ainda diz que a \u201ct\u00e9cnica de anamnese mais completa\u201d, que o m\u00e9dico disse usar para perguntar e examinar as pacientes em maiores detalhes durante as consultas, \u00e9 uma uma maneira de mascarar o intuito lascivo travestido de t\u00e9cnica m\u00e9dica, apesar da apar\u00eancia de \u201czelo\u201d. A ju\u00edza ainda enfatizou que Nicodemos usou a profiss\u00e3o de ginecologista como pretextos para cometer os crimes.<\/p>\n<p class=\"content-media__description \">A culpabilidade do r\u00e9u \u00e9 desfavor\u00e1vel, uma vez que os estupros foram praticados por meio de ardil, se valendo do pretexto de realizar um exame ginecol\u00f3gico para praticar os atos libidinosos, demonstrando a maior reprovabilidade de seu comportamento. Em refor\u00e7o, o agente se valeu da sua condi\u00e7\u00e3o de m\u00e9dico ginecologista para praticar os atos, desprestigiando sua profiss\u00e3o e demonstrando um alto n\u00edvel de instru\u00e7\u00e3o\u201d, disse.<\/p>\n<div class=\"mc-column content-text active-extra-styles\" data-block-type=\"raw\" data-block-weight=\"1\" data-block-id=\"18\">\n<div class=\"content-intertitle\">\n<h2>Investiga\u00e7\u00e3o<\/h2>\n<\/div>\n<p>&nbsp;<\/p>\n<\/div>\n<div id=\"chunk-di8kj\">\n<div class=\"mc-column content-text active-extra-styles \" data-block-type=\"unstyled\" data-block-weight=\"49\" data-block-id=\"19\">\n<p class=\"content-text__container \" data-track-category=\"Link no Texto\" data-track-links=\"\">Nicodemos se tornou alvo de investiga\u00e7\u00e3o depois que mulheres procuraram a Delegacia de Atendimento \u00e0 Mulher (Deam) de An\u00e1polis para denunciar que foram v\u00edtimas de crimes sexuais dentro do consult\u00f3rio. No in\u00edcio foram tr\u00eas, mas o caso ganhou repercuss\u00e3o e outras v\u00edtimas se sentiram seguras para registrar os crimes.<\/p>\n<p data-track-category=\"Link no Texto\" data-track-links=\"\">\n<\/div>\n<\/div>\n<div id=\"chunk-66ooj\">\n<div class=\"mc-column content-text active-extra-styles \" data-block-type=\"unstyled\" data-block-weight=\"27\" data-block-id=\"20\">\n<p class=\"content-text__container \" data-track-category=\"Link no Texto\" data-track-links=\"\">O m\u00e9dico foi preso pela primeira vez pris\u00e3o dele foi em 29 de setembro de 2021, ap\u00f3s as tr\u00eas priemeiras pacientes relatarem os abusos \u00e0 Pol\u00edcia Civil.<\/p>\n<p data-track-category=\"Link no Texto\" data-track-links=\"\">\n<\/div>\n<\/div>\n<div id=\"chunk-buajt\">\n<div class=\"mc-column content-text active-extra-styles \" data-block-type=\"unstyled\" data-block-weight=\"44\" data-block-id=\"21\">\n<p class=\"content-text__container \" data-track-category=\"Link no Texto\" data-track-links=\"\">Apesar do n\u00famero de den\u00fancias, o m\u00e9dico foi\u00a0<strong>solto em 4 de outubro por decis\u00e3o da Justi\u00e7a<\/strong>, passou a ser monitorado por tornozeleira eletr\u00f4nica. No entanto, mais v\u00edtimas de Abadi\u00e2nia registraram ocorr\u00eancias e<strong>\u00a0ele foi preso novamente em 8 de outubro do mesmo ano<\/strong>.<\/p>\n<p data-track-category=\"Link no Texto\" data-track-links=\"\">\n<\/div>\n<\/div>\n<div id=\"chunk-ct073\">\n<div class=\"row medium-uncollapsed content-media content-photo\" data-block-type=\"backstage-photo\" data-block-id=\"22\">\n<div class=\" mc-column content-media__container\">\n<div class=\"content-media-container glb-skeleton-box\">\n<figure class=\"content-media-figure\">\n<p><figure style=\"width: 386px\" class=\"wp-caption aligncenter\"><img loading=\"lazy\" decoding=\"async\" class=\"i-amphtml-fill-content i-amphtml-replaced-content\" src=\"https:\/\/s2-g1.glbimg.com\/1JRxv2qnrBNSVjuHEtJnp9vkowU=\/0x0:1700x1065\/984x0\/smart\/filters:strip_icc()\/i.s3.glbimg.com\/v1\/AUTH_59edd422c0c84a879bd37670ae4f538a\/internal_photos\/bs\/2021\/1\/6\/BOXxYaQoenZAZN3FJc3g\/medico.jpg\" sizes=\"auto, (max-width: 435px) 387px, 100vw\" srcset=\"https:\/\/s2-g1.glbimg.com\/fFC3Ek-Zp6Ae1qKCfqKm5B0V0uk=\/0x0:1700x1065\/1000x0\/smart\/filters:strip_icc()\/i.s3.glbimg.com\/v1\/AUTH_59edd422c0c84a879bd37670ae4f538a\/internal_photos\/bs\/2021\/1\/6\/BOXxYaQoenZAZN3FJc3g\/medico.jpg 1000w, https:\/\/s2-g1.glbimg.com\/1JRxv2qnrBNSVjuHEtJnp9vkowU=\/0x0:1700x1065\/984x0\/smart\/filters:strip_icc()\/i.s3.glbimg.com\/v1\/AUTH_59edd422c0c84a879bd37670ae4f538a\/internal_photos\/bs\/2021\/1\/6\/BOXxYaQoenZAZN3FJc3g\/medico.jpg 984w, https:\/\/s2-g1.glbimg.com\/7tzQ8frWUHqse8rNv9WGlIWdHPs=\/0x0:1700x1065\/640x0\/smart\/filters:strip_icc()\/i.s3.glbimg.com\/v1\/AUTH_59edd422c0c84a879bd37670ae4f538a\/internal_photos\/bs\/2021\/1\/6\/BOXxYaQoenZAZN3FJc3g\/medico.jpg 640w, https:\/\/s2-g1.glbimg.com\/RaIJk70zYgzM377ka54aOysidm0=\/0x0:1700x1065\/600x0\/smart\/filters:strip_icc()\/i.s3.glbimg.com\/v1\/AUTH_59edd422c0c84a879bd37670ae4f538a\/internal_photos\/bs\/2021\/1\/6\/BOXxYaQoenZAZN3FJc3g\/medico.jpg 600w\" alt=\"Ginecologista Nicodemos J\u00fanior Estanislau Morais, de 41 anos, chegando em audi\u00eancia de cust\u00f3dia, em An\u00e1polis \u2014 Foto: Reprodu\u00e7\u00e3o\/TV Anhanguera\" width=\"386\" height=\"242\" \/><figcaption class=\"wp-caption-text\">Ginecologista Nicodemos J\u00fanior Estanislau Morais, de 41 anos, chegando em audi\u00eancia de cust\u00f3dia, em An\u00e1polis \u2014 Foto: Reprodu\u00e7\u00e3o\/TV Anhanguera<\/figcaption><\/figure><\/figure>\n<\/div>\n<p class=\"content-media__description \">\n<\/div>\n<\/div>\n<\/div>\n<div class=\"mc-column content-text active-extra-styles\" data-block-type=\"raw\" data-block-weight=\"3\" data-block-id=\"24\">\n<div class=\"content-intertitle\">\n<h2>Relatos de pacientes<\/h2>\n<\/div>\n<p>&nbsp;<\/p>\n<\/div>\n<div id=\"chunk-1cr7t\">\n<div class=\"mc-column content-text active-extra-styles \" data-block-type=\"unstyled\" data-block-weight=\"16\" data-block-id=\"25\">\n<p class=\"content-text__container \" data-track-category=\"Link no Texto\" data-track-links=\"\">As v\u00edtimas relatam diversos tipos de comportamento e coment\u00e1rios com conota\u00e7\u00f5es sexuais por parte do ginecologista.<\/p>\n<\/div>\n<\/div>\n<div id=\"chunk-3gn64\">\n<div class=\"mc-column content-text active-extra-styles \" data-block-type=\"unstyled\" data-block-weight=\"28\" data-block-id=\"26\">\n<p class=\"content-text__container \" data-track-category=\"Link no Texto\" data-track-links=\"\">Uma das mulheres disse que, durante uma consulta, o m\u00e9dico elogiou os olhos e o \u00f3rg\u00e3o genital dela. Em seguida, perguntou sobre sua rela\u00e7\u00e3o sexual com o marido.<\/p>\n<p data-track-category=\"Link no Texto\" data-track-links=\"\">\n<\/div>\n<\/div>\n<div id=\"chunk-17ran\">\n<div class=\"mc-column content-text active-extra-styles \" data-block-type=\"unstyled\" data-block-weight=\"36\" data-block-id=\"27\">\n<p class=\"content-text__container \" data-track-category=\"Link no Texto\" data-track-links=\"\">&#8220;Eu fiquei congelada e ele fazendo manipula\u00e7\u00f5es, isso tudo com os dois dedos introduzidos na minha vagina. Eu n\u00e3o consegui nem respirar no momento. \u00c9 uma situa\u00e7\u00e3o que a gente nunca espera que vai acontecer&#8221;, contou.<\/p>\n<p data-track-category=\"Link no Texto\" data-track-links=\"\">\n<\/div>\n<\/div>\n<div id=\"chunk-f4sc3\">\n<div class=\"mc-column content-text active-extra-styles \" data-block-type=\"unstyled\" data-block-weight=\"22\" data-block-id=\"28\">\n<p class=\"content-text__container \" data-track-category=\"Link no Texto\" data-track-links=\"\">Outra paciente disse que foi abusada pelo ginecologista durante o atendimento. Ela decidiu falar sobre o caso ap\u00f3s a pris\u00e3o do m\u00e9dico.<\/p>\n<div id=\"chunk-ekfkv\">\n<div class=\"mc-column content-text active-extra-styles \" data-block-type=\"unstyled\" data-block-weight=\"33\" data-block-id=\"29\">\n<p class=\"content-text__container \" data-track-category=\"Link no Texto\" data-track-links=\"\">&#8220;Ele teve conversas inadequadas, me mostrou sites obscenos, brinquedos er\u00f3ticos e tocou em mim n\u00e3o da forma que um ginecologista deveria tocar. Quando ele colocou minha m\u00e3o na parte \u00edntima dele, sabe?\u201d, descreveu.<\/p>\n<\/div>\n<\/div>\n<div id=\"chunk-fnf1g\">\n<div class=\"row medium-uncollapsed content-media content-photo\" data-block-type=\"backstage-photo\" data-block-id=\"30\">\n<div class=\" mc-column content-media__container\">\n<div class=\"content-media-container glb-skeleton-box\">\n<figure class=\"content-media-figure\">\n<figure style=\"width: 386px\" class=\"wp-caption aligncenter\"><img loading=\"lazy\" decoding=\"async\" class=\"i-amphtml-fill-content i-amphtml-replaced-content\" src=\"https:\/\/s2-g1.glbimg.com\/DHb4Vddl0-53RkfswzTBQpMmKCg=\/0x0:1700x1065\/984x0\/smart\/filters:strip_icc()\/i.s3.glbimg.com\/v1\/AUTH_59edd422c0c84a879bd37670ae4f538a\/internal_photos\/bs\/2021\/2\/B\/80DQF9TSmf9f5dGAysew\/kethlen.jpg\" sizes=\"auto, (max-width: 435px) 387px, 100vw\" srcset=\"https:\/\/s2-g1.glbimg.com\/bqLn0jM2MEUAQi_pAiT1rYdJZnc=\/0x0:1700x1065\/1000x0\/smart\/filters:strip_icc()\/i.s3.glbimg.com\/v1\/AUTH_59edd422c0c84a879bd37670ae4f538a\/internal_photos\/bs\/2021\/2\/B\/80DQF9TSmf9f5dGAysew\/kethlen.jpg 1000w, https:\/\/s2-g1.glbimg.com\/DHb4Vddl0-53RkfswzTBQpMmKCg=\/0x0:1700x1065\/984x0\/smart\/filters:strip_icc()\/i.s3.glbimg.com\/v1\/AUTH_59edd422c0c84a879bd37670ae4f538a\/internal_photos\/bs\/2021\/2\/B\/80DQF9TSmf9f5dGAysew\/kethlen.jpg 984w, https:\/\/s2-g1.glbimg.com\/37qpWuLg8HRqJmewqrQSrGV1uYo=\/0x0:1700x1065\/640x0\/smart\/filters:strip_icc()\/i.s3.glbimg.com\/v1\/AUTH_59edd422c0c84a879bd37670ae4f538a\/internal_photos\/bs\/2021\/2\/B\/80DQF9TSmf9f5dGAysew\/kethlen.jpg 640w, https:\/\/s2-g1.glbimg.com\/l9RXJs5HSp10SRtLwI8RjUn_ets=\/0x0:1700x1065\/600x0\/smart\/filters:strip_icc()\/i.s3.glbimg.com\/v1\/AUTH_59edd422c0c84a879bd37670ae4f538a\/internal_photos\/bs\/2021\/2\/B\/80DQF9TSmf9f5dGAysew\/kethlen.jpg 600w\" alt=\"Aromaterapeuta Kethlen Carneiro, 20 anos, denunciou que foi abusada por ginecologista Nicodemos em An\u00e1polis quando tinha 12 anos Goi\u00e1s \u2014 Foto: Reprodu\u00e7\u00e3o\/Arquivo pessoal\" width=\"386\" height=\"242\" \/><figcaption class=\"wp-caption-text\">Aromaterapeuta Kethlen Carneiro, 20 anos, denunciou que foi abusada por ginecologista Nicodemos em An\u00e1polis quando tinha 12 anos Goi\u00e1s \u2014 Foto: Reprodu\u00e7\u00e3o\/Arquivo pessoal<\/figcaption><\/figure>\n<p>&nbsp;<\/figure>\n<\/div>\n<\/div>\n<\/div>\n<\/div>\n<div id=\"chunk-dl7pu\">\n<div class=\"mc-column content-text active-extra-styles \" data-block-type=\"unstyled\" data-block-weight=\"42\" data-block-id=\"32\">\n<p class=\"content-text__container \" data-track-category=\"Link no Texto\" data-track-links=\"\">Entre as den\u00fancias, tamb\u00e9m est\u00e1 a da aromaterapeuta Kethlen Carneiro, de 20 anos, que procurou a Pol\u00edcia Civil para relatar que foi abusada por ele quando tinha 12 anos. Durante o atendimento, segunda ela, o m\u00e9dico sugeriu a leitura de material pornogr\u00e1fico.<\/p>\n<p data-track-category=\"Link no Texto\" data-track-links=\"\">\n<\/div>\n<\/div>\n<div id=\"chunk-dgrjs\">\n<div class=\"mc-column content-text active-extra-styles \" data-block-type=\"unstyled\" data-block-weight=\"41\" data-block-id=\"33\">\n<p class=\"content-text__container \" data-track-category=\"Link no Texto\" data-track-links=\"\">&#8220;Ele veio me falar que eu podia come\u00e7ar a me masturbar. Me mostrou hist\u00f3rias em quadrinho porn\u00f4 e v\u00eddeos. Me mandando os links e quais eu podia assistir. Depois levantou, pegou minha m\u00e3o e colocou nele, na parte \u00edntima dele&#8221;, disse.<\/p>\n<p data-track-category=\"Link no Texto\" data-track-links=\"\">\n<\/div>\n<\/div>\n<div id=\"chunk-7kico\">\n<div class=\"mc-column content-text active-extra-styles \" data-block-type=\"unstyled\" data-block-weight=\"44\" data-block-id=\"34\">\n<p class=\"content-text__container \" data-track-category=\"Link no Texto\" data-track-links=\"\">Em conversa por uma rede social, outra paciente pede informa\u00e7\u00f5es ao ginecologista sobre o uso do anel vaginal, um m\u00e9todo contraceptivo. Em um momento, ela pergunta se ele n\u00e3o atrapalha a rela\u00e7\u00e3o sexual e se o parceiro n\u00e3o o sentiria. O m\u00e9dico, ent\u00e3o, responde:<\/p>\n<p data-track-category=\"Link no Texto\" data-track-links=\"\">\n<\/div>\n<\/div>\n<div id=\"chunk-4b51a\">\n<div class=\"mc-column content-text active-extra-styles \" data-block-type=\"unstyled\" data-block-weight=\"15\" data-block-id=\"35\">\n<p class=\"content-text__container \" data-track-category=\"Link no Texto\" data-track-links=\"\">\u201cBom, minha namorada j\u00e1 usou e eu n\u00e3o percebi diferen\u00e7a alguma. Posso testar kkk. Brincadeira\u201d.<\/p>\n<\/div>\n<\/div>\n<p data-track-category=\"Link no Texto\" data-track-links=\"\">\n<\/div>\n<\/div>\n<p>&nbsp;<\/p>\n<div class=\" mc-column content-media__container\">\n<p>Por Augusto Sobrinho e Vanessa Martins, g1 Goi\u00e1s<\/p>\n<\/div>\n<\/div>\n<\/div>\n<\/div>\n<\/article>\n<\/div>\n","protected":false},"excerpt":{"rendered":"<p>A Justi\u00e7a condenou a 277 anos de pris\u00e3o o m\u00e9dico ginecologista Nicodemos J\u00fanior Estanislau Morais pelo crime de estupro de vulner\u00e1vel contra 21 mulheres, em An\u00e1polis, a 55 km de Goi\u00e2nia. \u201cA medicina existe para curar as pessoas, n\u00e3o para feri-las ainda mais\u201d, destacou a ju\u00edza L\u00edgia Nunes de Paula na decis\u00e3o. O g1 entrou [&hellip;]<\/p>\n","protected":false},"author":5,"featured_media":242472,"comment_status":"closed","ping_status":"closed","sticky":false,"template":"","format":"standard","meta":{"footnotes":""},"categories":[141],"tags":[],"class_list":["post-242471","post","type-post","status-publish","format-standard","has-post-thumbnail","hentry","category-goias"],"_links":{"self":[{"href":"https:\/\/www.ocorreionews.com.br\/acervo-correio\/index.php?rest_route=\/wp\/v2\/posts\/242471","targetHints":{"allow":["GET"]}}],"collection":[{"href":"https:\/\/www.ocorreionews.com.br\/acervo-correio\/index.php?rest_route=\/wp\/v2\/posts"}],"about":[{"href":"https:\/\/www.ocorreionews.com.br\/acervo-correio\/index.php?rest_route=\/wp\/v2\/types\/post"}],"author":[{"embeddable":true,"href":"https:\/\/www.ocorreionews.com.br\/acervo-correio\/index.php?rest_route=\/wp\/v2\/users\/5"}],"replies":[{"embeddable":true,"href":"https:\/\/www.ocorreionews.com.br\/acervo-correio\/index.php?rest_route=%2Fwp%2Fv2%2Fcomments&post=242471"}],"version-history":[{"count":1,"href":"https:\/\/www.ocorreionews.com.br\/acervo-correio\/index.php?rest_route=\/wp\/v2\/posts\/242471\/revisions"}],"predecessor-version":[{"id":242475,"href":"https:\/\/www.ocorreionews.com.br\/acervo-correio\/index.php?rest_route=\/wp\/v2\/posts\/242471\/revisions\/242475"}],"wp:featuredmedia":[{"embeddable":true,"href":"https:\/\/www.ocorreionews.com.br\/acervo-correio\/index.php?rest_route=\/wp\/v2\/media\/242472"}],"wp:attachment":[{"href":"https:\/\/www.ocorreionews.com.br\/acervo-correio\/index.php?rest_route=%2Fwp%2Fv2%2Fmedia&parent=242471"}],"wp:term":[{"taxonomy":"category","embeddable":true,"href":"https:\/\/www.ocorreionews.com.br\/acervo-correio\/index.php?rest_route=%2Fwp%2Fv2%2Fcategories&post=242471"},{"taxonomy":"post_tag","embeddable":true,"href":"https:\/\/www.ocorreionews.com.br\/acervo-correio\/index.php?rest_route=%2Fwp%2Fv2%2Ftags&post=242471"}],"curies":[{"name":"wp","href":"https:\/\/api.w.org\/{rel}","templated":true}]}}