{"id":242478,"date":"2023-06-14T08:06:11","date_gmt":"2023-06-14T12:06:11","guid":{"rendered":"https:\/\/www.ocorreionews.com.br\/acervo-correio\/?p=242478"},"modified":"2023-06-14T09:28:23","modified_gmt":"2023-06-14T13:28:23","slug":"chapadao-show-de-fernando-e-sorocaba-vira-palco-para-pedido-de-casamento","status":"publish","type":"post","link":"https:\/\/www.ocorreionews.com.br\/acervo-correio\/?p=242478","title":{"rendered":"V\u00eddeo: Show de Fernando e Sorocaba durante a 29\u00aa Exposul vira palco para pedido de casamento em Chapad\u00e3o do Sul"},"content":{"rendered":"<p>Mesmo sem se considerar corajoso o suficiente, o engenheiro Tiago Amado Vera Veron decidiu aproveitar o clima de romance provocado por junho e pedir a ent\u00e3o namorada em casamento na frente de mais de 7 mil pessoas. Transformando um show da dupla Fernando e Sorocaba na cidade de Chapad\u00e3o do Sul &#8211; MS, em palco para o pedido, o jovem de 24 anos garantiu o \u201csim\u201d ao lado dos cantores.<\/p>\n<p>Ainda em \u00eaxtase, Tiago conta que tudo come\u00e7ou com uma ideia mais simples, j\u00e1 que o objetivo seria propor o casamento no meio da plateia, em Chapad\u00e3o do Sul. \u201cFiquei sabendo que a gente iria na Exposul e o lugar mais perfeito para pedir seria l\u00e1. Foi na cidade em que tudo entre n\u00f3s come\u00e7ou, em que a gente passou a se gostar, sair, enfim, tivemos o primeiro beijo\u201d.<\/p>\n<p>Pedindo o apoio da sogra, ele narra que no momento momento as poss\u00edveis estrat\u00e9gias para o pedido ocorrer j\u00e1 foram sendo esquematizadas. \u201cEla achou perfeita a ideia, mas eu ia pedir na plateia mesmo, fazer a surpresa ali embaixo. Quando contei, minha sogra perguntou se eu tinha coragem de subir no palco e eu falei que n\u00e3o, mas que subiria mesmo assim porque seria legal\u201d, explica.<\/p>\n<figure id=\"attachment_242481\" aria-describedby=\"caption-attachment-242481\" style=\"width: 528px\" class=\"wp-caption aligncenter\"><a href=\"https:\/\/www.ocorreionews.com.br\/acervo-correio\/wp-content\/uploads\/2023\/06\/pedido-casamento2.png\"><img loading=\"lazy\" decoding=\"async\" class=\"wp-image-242481 size-full\" src=\"https:\/\/www.ocorreionews.com.br\/acervo-correio\/wp-content\/uploads\/2023\/06\/pedido-casamento2.png\" alt=\"\" width=\"528\" height=\"640\" srcset=\"https:\/\/www.ocorreionews.com.br\/acervo-correio\/wp-content\/uploads\/2023\/06\/pedido-casamento2.png 528w, https:\/\/www.ocorreionews.com.br\/acervo-correio\/wp-content\/uploads\/2023\/06\/pedido-casamento2-248x300.png 248w, https:\/\/www.ocorreionews.com.br\/acervo-correio\/wp-content\/uploads\/2023\/06\/pedido-casamento2-180x217.png 180w, https:\/\/www.ocorreionews.com.br\/acervo-correio\/wp-content\/uploads\/2023\/06\/pedido-casamento2-368x445.png 368w\" sizes=\"auto, (max-width: 528px) 100vw, 528px\" \/><\/a><figcaption id=\"caption-attachment-242481\" class=\"wp-caption-text\">Ap\u00f3s Alice aceitar, pedido foi comemorado tamb\u00e9m no palco. (Foto: Arquivo pessoal)<\/figcaption><\/figure>\n<p>De acordo com o noivo, seu sogro possui uma empresa de transportes e, por isso, costuma levar cantores em viagens pelo Estado. \u201cEm uma dessas viagens, a ideia seria que ele pedisse para que os produtores deixassem que eu subisse ao palco\u201d.<\/p>\n<p>Mas, antes de precisar incluir o sogro na estrat\u00e9gia, o engenheiro acionou outros contatos para fazer a ideia funcionar. \u201cTenho uma conhecida que conhece o assessor do profissional que faz os shows. Ela ligou, falou da ideia, passou pelo assessor e o respons\u00e1vel topou na hora\u201d.<\/p>\n<p>Com essa primeira autoriza\u00e7\u00e3o em mente, Thiago explica que ficou aguardando a autoriza\u00e7\u00e3o para que conseguisse subir ao palco da dupla Fernando e Sorocaba durante o dia do show. \u201cFalaram com eles e a dupla tamb\u00e9m aceitou na hora, depois fomos aos preparativos. A Alice, minha noiva, n\u00e3o sabia de absolutamente nada, mas levamos minha m\u00e3e e minha irm\u00e3 para tamb\u00e9m participarem da surpresa\u201d, diz.<\/p>\n<figure style=\"width: 640px\" class=\"wp-caption aligncenter\"><img loading=\"lazy\" decoding=\"async\" src=\"https:\/\/cdn6.campograndenews.com.br\/uploads\/noticias\/2023\/06\/13\/2a7pw1bbgkiso.jpg\" alt=\"\" width=\"640\" height=\"370\" \/><figcaption class=\"wp-caption-text\">Momento durante o show recebeu o apoio dos cantores. (Foto: Arquivo pessoal)<\/figcaption><\/figure>\n<p>Tendo todo apoio necess\u00e1rio, o engenheiro narra que s\u00f3 precisou levar Alice para perto do palco e aguardar os sinais dos produtores. Ap\u00f3s cerca de uma hora de show, ele foi at\u00e9 a equipe e conseguiu subir ao palco.<\/p>\n<p>\u201cPeguei o buqu\u00ea que estava escondido e anunciei meu nome para a equipe, em 20 minutos me chamaram. Achei que eu fosse ficar nervoso, travar porque tinha mais ou menos 6 mil pessoas, mas foi tranquilo\u201d, comenta o engenheiro.<\/p>\n<p>Ao chamar Alice para o palco, Tiago ainda contou com o apoio dos cantores e conseguiu se declarar, finalizando o plano com um \u201csim\u201d. Agora, a pr\u00f3xima etapa j\u00e1 est\u00e1 marcada para o dia 10 de dezembro, data de dizer mais uma confirma\u00e7\u00e3o.<\/p>\n<div style=\"width: 854px;\" class=\"wp-video\"><!--[if lt IE 9]><script>document.createElement('video');<\/script><![endif]-->\n<video class=\"wp-video-shortcode\" id=\"video-242478-1\" width=\"854\" height=\"480\" preload=\"metadata\" controls=\"controls\"><source type=\"video\/mp4\" src=\"https:\/\/www.ocorreionews.com.br\/acervo-correio\/wp-content\/uploads\/2023\/06\/1325726.mp4?_=1\" \/><a href=\"https:\/\/www.ocorreionews.com.br\/acervo-correio\/wp-content\/uploads\/2023\/06\/1325726.mp4\">https:\/\/www.ocorreionews.com.br\/acervo-correio\/wp-content\/uploads\/2023\/06\/1325726.mp4<\/a><\/video><\/div>\n<p>&nbsp;<\/p>\n<p>Por Aletheya Alves, Campo Grande News &#8211; Lado B<\/p>\n","protected":false},"excerpt":{"rendered":"<p>Mesmo sem se considerar corajoso o suficiente, o engenheiro Tiago Amado Vera Veron decidiu aproveitar o clima de romance provocado por junho e pedir a ent\u00e3o namorada em casamento na frente de mais de 7 mil pessoas. Transformando um show da dupla Fernando e Sorocaba na cidade de Chapad\u00e3o do Sul &#8211; MS, em palco [&hellip;]<\/p>\n","protected":false},"author":4,"featured_media":242492,"comment_status":"closed","ping_status":"closed","sticky":false,"template":"","format":"standard","meta":{"footnotes":""},"categories":[23,41],"tags":[],"class_list":["post-242478","post","type-post","status-publish","format-standard","has-post-thumbnail","hentry","category-chapadao-do-sul","category-destaque"],"_links":{"self":[{"href":"https:\/\/www.ocorreionews.com.br\/acervo-correio\/index.php?rest_route=\/wp\/v2\/posts\/242478","targetHints":{"allow":["GET"]}}],"collection":[{"href":"https:\/\/www.ocorreionews.com.br\/acervo-correio\/index.php?rest_route=\/wp\/v2\/posts"}],"about":[{"href":"https:\/\/www.ocorreionews.com.br\/acervo-correio\/index.php?rest_route=\/wp\/v2\/types\/post"}],"author":[{"embeddable":true,"href":"https:\/\/www.ocorreionews.com.br\/acervo-correio\/index.php?rest_route=\/wp\/v2\/users\/4"}],"replies":[{"embeddable":true,"href":"https:\/\/www.ocorreionews.com.br\/acervo-correio\/index.php?rest_route=%2Fwp%2Fv2%2Fcomments&post=242478"}],"version-history":[{"count":1,"href":"https:\/\/www.ocorreionews.com.br\/acervo-correio\/index.php?rest_route=\/wp\/v2\/posts\/242478\/revisions"}],"predecessor-version":[{"id":242494,"href":"https:\/\/www.ocorreionews.com.br\/acervo-correio\/index.php?rest_route=\/wp\/v2\/posts\/242478\/revisions\/242494"}],"wp:featuredmedia":[{"embeddable":true,"href":"https:\/\/www.ocorreionews.com.br\/acervo-correio\/index.php?rest_route=\/wp\/v2\/media\/242492"}],"wp:attachment":[{"href":"https:\/\/www.ocorreionews.com.br\/acervo-correio\/index.php?rest_route=%2Fwp%2Fv2%2Fmedia&parent=242478"}],"wp:term":[{"taxonomy":"category","embeddable":true,"href":"https:\/\/www.ocorreionews.com.br\/acervo-correio\/index.php?rest_route=%2Fwp%2Fv2%2Fcategories&post=242478"},{"taxonomy":"post_tag","embeddable":true,"href":"https:\/\/www.ocorreionews.com.br\/acervo-correio\/index.php?rest_route=%2Fwp%2Fv2%2Ftags&post=242478"}],"curies":[{"name":"wp","href":"https:\/\/api.w.org\/{rel}","templated":true}]}}