{"id":242517,"date":"2023-06-14T16:10:43","date_gmt":"2023-06-14T20:10:43","guid":{"rendered":"https:\/\/www.ocorreionews.com.br\/acervo-correio\/?p=242517"},"modified":"2023-06-14T16:10:43","modified_gmt":"2023-06-14T20:10:43","slug":"policia-investiga-se-dois-homens-encontrados-mortos-em-ms-morreram-por-hipotermia","status":"publish","type":"post","link":"https:\/\/www.ocorreionews.com.br\/acervo-correio\/?p=242517","title":{"rendered":"Pol\u00edcia investiga se dois homens encontrados mortos em MS morreram por hipotermia"},"content":{"rendered":"<p>Uma frente fria derrubou a temperatura em Mato Grosso do Sul, deixando a temperatura com sensa\u00e7\u00e3o t\u00e9rmica abaixo de 0\u00b0 em algumas cidades no estado.<\/p>\n<p><strong>Primeiro caso<\/strong><\/p>\n<p>Sidinei Carvalho, de 57 anos, foi encontrado morto na manh\u00e3 desta quarta-feira (14), na cal\u00e7ada de uma empresa madeireira, na Rua Osvaldo Aranha, no Jardim Monumento, em Campo Grande. Ele apresenta sinais de hipotermia, de acordo com a Pol\u00edcia Militar.<\/p>\n<figure style=\"width: 600px\" class=\"wp-caption aligncenter\"><img loading=\"lazy\" decoding=\"async\" class=\"img-fluid\" src=\"https:\/\/cdn6.campograndenews.com.br\/uploads\/noticias\/2023\/06\/14\/2pv9ezf8f12cg.jpeg\" sizes=\"auto, (min-width: 1024px) calc(.5 * (100vw - 21.875em)), 100vw\" srcset=\"https:\/\/cdn6.campograndenews.com.br\/uploads\/noticias\/2023\/06\/14\/3r5w7oybg668w.jpeg 1024w, https:\/\/cdn6.campograndenews.com.br\/uploads\/noticias\/2023\/06\/14\/2hv9sl01qxog0.jpeg 640w, https:\/\/cdn6.campograndenews.com.br\/uploads\/noticias\/2023\/06\/14\/2pv9ezf8f12cg.jpeg 320w\" alt=\"Local onde a v\u00edtima foi encontrada na manh\u00e3 de hoje. (Foto: Marcos Maluf)\" width=\"600\" height=\"400\" \/><figcaption class=\"wp-caption-text\">Local onde a v\u00edtima foi encontrada na manh\u00e3 de hoje. (Foto: Marcos Maluf)<\/figcaption><\/figure>\n<p>O morador foi encontrado pelo funcion\u00e1rio da madeireira que chegou cedo para trabalhar. Ele tentou acordar o homem, mas sem sucesso. Notando que ele n\u00e3o apresentava mais sinais de vida, acionou o socorro e a pol\u00edcia.<\/p>\n<p>A PM chegou antes do Samu (Servi\u00e7o de Atendimento M\u00f3vel de Urg\u00eancia). Os militares adiantaram \u00e0 reportagem do Campo Grande News que havia sinais de rigidez cadav\u00e9rica e que o morador de rua provavelmente morreu por hipotermia durante a madrugada. Contudo, apenas exame detalhado ir\u00e1 apontar a causa da morte.<\/p>\n<p>A Pol\u00edcia Civil e per\u00edcia chegaram pouco tempo depois. Foi constatado que n\u00e3o havia sinais de viol\u00eancia no corpo.<\/p>\n<p><strong>Segundo caso<\/strong><\/p>\n<p>Homem, ainda n\u00e3o identificado, mas conhecido como \u201cBrian\u201d na fronteira, foi encontrado morto na MS-164, pr\u00f3ximo \u00e0 empresa Correcta Ind\u00fastria e Com\u00e9rcio, em Ponta Por\u00e3 \u2013 cidade a 323 km de Campo Grande, na fronteira com o Paraguai. A suspeita \u00e9 que ele seja mais uma v\u00edtima do frio, com sensa\u00e7\u00e3o t\u00e9rmica de -2,8\u00baC na linha internacional.<\/p>\n<p>De acordo com o secret\u00e1rio de Seguran\u00e7a de Ponta Por\u00e3, Marcelino Nunes, pol\u00edcia e GCMFRON (Guarda Civil Municipal de Fronteira) foram acionadas no fim da manh\u00e3 desta quarta-feira (14) e investigam o ocorrido.<\/p>\n<p>\u201cDe acordo com os peritos presentes no local, est\u00e3o sendo realizados levantamentos para determinar a causa exata da morte. Suspeita-se que o homem tenha sido v\u00edtima de hipotermia, devido \u00e0s baixas temperaturas registradas durante a madrugada\u201d, informou o secret\u00e1rio.<\/p>\n<figure style=\"width: 602px\" class=\"wp-caption aligncenter\"><img loading=\"lazy\" decoding=\"async\" class=\"img-fluid\" src=\"https:\/\/cdn6.campograndenews.com.br\/uploads\/noticias\/2023\/06\/14\/1wtxp541yx85e.jpg\" sizes=\"auto, (min-width: 1024px) calc(.5 * (100vw - 21.875em)), 100vw\" srcset=\"https:\/\/cdn6.campograndenews.com.br\/uploads\/noticias\/2023\/06\/14\/71epel9ckis9.jpg 1024w, https:\/\/cdn6.campograndenews.com.br\/uploads\/noticias\/2023\/06\/14\/398pobtxjzggc.jpg 640w, https:\/\/cdn6.campograndenews.com.br\/uploads\/noticias\/2023\/06\/14\/1wtxp541yx85e.jpg 320w\" alt=\"Morador de rua em Ponta Por\u00e3, com a apar\u00eancia bem magra e sem roupas de frio. (Foto: Divulga\u00e7\u00e3o)\" width=\"602\" height=\"525\" \/><figcaption class=\"wp-caption-text\">Morador de rua em Ponta Por\u00e3, com a apar\u00eancia bem magra e sem roupas de frio. (Foto: Divulga\u00e7\u00e3o)<\/figcaption><\/figure>\n<p>&nbsp;<\/p>\n<p>Uma equipe da assist\u00eancia social tamb\u00e9m foi acionada para auxiliar no processo de identifica\u00e7\u00e3o dos familiares do falecido e providenciar os tr\u00e2mites necess\u00e1rios para o sepultamento. \u201c\u00c9 importante ressaltar que o homem vivia em situa\u00e7\u00e3o de rua\u201d, completa Nunes.<\/p>\n<p>Ponta Por\u00e3 enfrentou uma das noites mais frias do ano, com term\u00f4metros variando entre 3\u00b0C e 5\u00b0C e sensa\u00e7\u00e3o de frio, por causa do vento, de temperaturas negativas.<\/p>\n<p>&nbsp;<\/p>\n<p>*Campo Grande News, Anahi Zurutuza, Dayene Paz e Idaicy Solano<\/p>\n","protected":false},"excerpt":{"rendered":"<p>Uma frente fria derrubou a temperatura em Mato Grosso do Sul, deixando a temperatura com sensa\u00e7\u00e3o t\u00e9rmica abaixo de 0\u00b0 em algumas cidades no estado. Primeiro caso Sidinei Carvalho, de 57 anos, foi encontrado morto na manh\u00e3 desta quarta-feira (14), na cal\u00e7ada de uma empresa madeireira, na Rua Osvaldo Aranha, no Jardim Monumento, em Campo [&hellip;]<\/p>\n","protected":false},"author":5,"featured_media":242518,"comment_status":"closed","ping_status":"closed","sticky":false,"template":"","format":"standard","meta":{"footnotes":""},"categories":[38],"tags":[],"class_list":["post-242517","post","type-post","status-publish","format-standard","has-post-thumbnail","hentry","category-policia"],"_links":{"self":[{"href":"https:\/\/www.ocorreionews.com.br\/acervo-correio\/index.php?rest_route=\/wp\/v2\/posts\/242517","targetHints":{"allow":["GET"]}}],"collection":[{"href":"https:\/\/www.ocorreionews.com.br\/acervo-correio\/index.php?rest_route=\/wp\/v2\/posts"}],"about":[{"href":"https:\/\/www.ocorreionews.com.br\/acervo-correio\/index.php?rest_route=\/wp\/v2\/types\/post"}],"author":[{"embeddable":true,"href":"https:\/\/www.ocorreionews.com.br\/acervo-correio\/index.php?rest_route=\/wp\/v2\/users\/5"}],"replies":[{"embeddable":true,"href":"https:\/\/www.ocorreionews.com.br\/acervo-correio\/index.php?rest_route=%2Fwp%2Fv2%2Fcomments&post=242517"}],"version-history":[{"count":1,"href":"https:\/\/www.ocorreionews.com.br\/acervo-correio\/index.php?rest_route=\/wp\/v2\/posts\/242517\/revisions"}],"predecessor-version":[{"id":242520,"href":"https:\/\/www.ocorreionews.com.br\/acervo-correio\/index.php?rest_route=\/wp\/v2\/posts\/242517\/revisions\/242520"}],"wp:featuredmedia":[{"embeddable":true,"href":"https:\/\/www.ocorreionews.com.br\/acervo-correio\/index.php?rest_route=\/wp\/v2\/media\/242518"}],"wp:attachment":[{"href":"https:\/\/www.ocorreionews.com.br\/acervo-correio\/index.php?rest_route=%2Fwp%2Fv2%2Fmedia&parent=242517"}],"wp:term":[{"taxonomy":"category","embeddable":true,"href":"https:\/\/www.ocorreionews.com.br\/acervo-correio\/index.php?rest_route=%2Fwp%2Fv2%2Fcategories&post=242517"},{"taxonomy":"post_tag","embeddable":true,"href":"https:\/\/www.ocorreionews.com.br\/acervo-correio\/index.php?rest_route=%2Fwp%2Fv2%2Ftags&post=242517"}],"curies":[{"name":"wp","href":"https:\/\/api.w.org\/{rel}","templated":true}]}}