{"id":242526,"date":"2023-06-14T16:42:28","date_gmt":"2023-06-14T20:42:28","guid":{"rendered":"https:\/\/www.ocorreionews.com.br\/acervo-correio\/?p=242526"},"modified":"2023-06-14T16:42:28","modified_gmt":"2023-06-14T20:42:28","slug":"vereador-tuta-agradeceu-ao-governo-do-estado-pela-destinacao-de-papiloscopista","status":"publish","type":"post","link":"https:\/\/www.ocorreionews.com.br\/acervo-correio\/?p=242526","title":{"rendered":"Vereador Tuta agradeceu ao Governo do Estado pela destina\u00e7\u00e3o de Papiloscopista"},"content":{"rendered":"<p>O vereador Tuta (PSDB) agradeceu ao governador Eduardo Riedel (PSDB) e ao secret\u00e1rio de Estado de Seguran\u00e7a P\u00fablica de Mato Grosso do Sul, Ant\u00f4nio Carlos Videira, pela destina\u00e7\u00e3o de uma profissional papiloscopista para atender ao munic\u00edpio de Para\u00edso das \u00c1guas.<\/p>\n<p>Para Tuta, uma satisfa\u00e7\u00e3o ter este atendimento no munic\u00edpio, que tanto necessitava. &#8220;Em 2021 fiz este pedido por meio da indica\u00e7\u00e3o N\u00ba 120\/2021 e agora, estamos sendo atendidos, motivo de muita alegria para todos n\u00f3s cidad\u00e3os paraisenses&#8221;, destacou.<\/p>\n<p>A indica\u00e7\u00e3o tamb\u00e9m foi assinada por todos os demais vereadores.<\/p>\n<p><img decoding=\"async\" src=\"https:\/\/www.bncnoticias.com.br\/arquivos\/img-uploads\/ximagem_115.jpeg.pagespeed.ic.TT0qopaH0P.jpg\" \/><\/p>\n<p>A papiloscopista Graziela Portilho Monteiro Soares, assumiu a Delegacia de Para\u00edso das \u00c1guas na semana passada, sendo a primeira profissional nesta \u00e1rea, efetiva no munic\u00edpio. Antes, o atendimento era por Costa Rica, distante 120 quil\u00f4metros, onde deslocava uma equipe para atender no munic\u00edpio periodicamente.<\/p>\n<p><img decoding=\"async\" src=\"https:\/\/www.bncnoticias.com.br\/arquivos\/img-uploads\/700xNximagem_649.jpg.pagespeed.ic.pHmci4qUHa.jpg\" \/><\/p>\n<p>BNC Noticias<\/p>\n","protected":false},"excerpt":{"rendered":"<p>O vereador Tuta (PSDB) agradeceu ao governador Eduardo Riedel (PSDB) e ao secret\u00e1rio de Estado de Seguran\u00e7a P\u00fablica de Mato Grosso do Sul, Ant\u00f4nio Carlos Videira, pela destina\u00e7\u00e3o de uma profissional papiloscopista para atender ao munic\u00edpio de Para\u00edso das \u00c1guas. Para Tuta, uma satisfa\u00e7\u00e3o ter este atendimento no munic\u00edpio, que tanto necessitava. &#8220;Em 2021 fiz [&hellip;]<\/p>\n","protected":false},"author":4,"featured_media":242527,"comment_status":"closed","ping_status":"closed","sticky":false,"template":"","format":"standard","meta":{"footnotes":""},"categories":[20,36],"tags":[],"class_list":["post-242526","post","type-post","status-publish","format-standard","has-post-thumbnail","hentry","category-camara-municipal","category-paraiso-das-aguas"],"_links":{"self":[{"href":"https:\/\/www.ocorreionews.com.br\/acervo-correio\/index.php?rest_route=\/wp\/v2\/posts\/242526","targetHints":{"allow":["GET"]}}],"collection":[{"href":"https:\/\/www.ocorreionews.com.br\/acervo-correio\/index.php?rest_route=\/wp\/v2\/posts"}],"about":[{"href":"https:\/\/www.ocorreionews.com.br\/acervo-correio\/index.php?rest_route=\/wp\/v2\/types\/post"}],"author":[{"embeddable":true,"href":"https:\/\/www.ocorreionews.com.br\/acervo-correio\/index.php?rest_route=\/wp\/v2\/users\/4"}],"replies":[{"embeddable":true,"href":"https:\/\/www.ocorreionews.com.br\/acervo-correio\/index.php?rest_route=%2Fwp%2Fv2%2Fcomments&post=242526"}],"version-history":[{"count":1,"href":"https:\/\/www.ocorreionews.com.br\/acervo-correio\/index.php?rest_route=\/wp\/v2\/posts\/242526\/revisions"}],"predecessor-version":[{"id":242528,"href":"https:\/\/www.ocorreionews.com.br\/acervo-correio\/index.php?rest_route=\/wp\/v2\/posts\/242526\/revisions\/242528"}],"wp:featuredmedia":[{"embeddable":true,"href":"https:\/\/www.ocorreionews.com.br\/acervo-correio\/index.php?rest_route=\/wp\/v2\/media\/242527"}],"wp:attachment":[{"href":"https:\/\/www.ocorreionews.com.br\/acervo-correio\/index.php?rest_route=%2Fwp%2Fv2%2Fmedia&parent=242526"}],"wp:term":[{"taxonomy":"category","embeddable":true,"href":"https:\/\/www.ocorreionews.com.br\/acervo-correio\/index.php?rest_route=%2Fwp%2Fv2%2Fcategories&post=242526"},{"taxonomy":"post_tag","embeddable":true,"href":"https:\/\/www.ocorreionews.com.br\/acervo-correio\/index.php?rest_route=%2Fwp%2Fv2%2Ftags&post=242526"}],"curies":[{"name":"wp","href":"https:\/\/api.w.org\/{rel}","templated":true}]}}