{"id":242529,"date":"2023-06-14T16:44:38","date_gmt":"2023-06-14T20:44:38","guid":{"rendered":"https:\/\/www.ocorreionews.com.br\/acervo-correio\/?p=242529"},"modified":"2023-06-14T16:44:38","modified_gmt":"2023-06-14T20:44:38","slug":"vereador-carrerinha-solicita-vagas-preferencias-em-estacionamentos-em-orgaos-publicos-de-paraiso-das-aguas","status":"publish","type":"post","link":"https:\/\/www.ocorreionews.com.br\/acervo-correio\/?p=242529","title":{"rendered":"Vereador Carrerinha solicita vagas preferencias em estacionamentos em \u00f3rg\u00e3os p\u00fablicos de Para\u00edso das \u00c1guas"},"content":{"rendered":"<p>O vereador Denivaldo Carrerinha (Uni\u00e3o) apresentou a indica\u00e7\u00e3o N\u00ba 114\/2023, solicitando ao Executivo Municipal a implanta\u00e7\u00e3o de vagas preferenciais em estacionamentos em \u00f3rg\u00e3os p\u00fablicos de Para\u00edso das \u00c1guas.<\/p>\n<p>A justificativa \u00e9 pelo fato de facilitar o acesso aos \u00f3rg\u00e3os p\u00fablicos do munic\u00edpios, principalmente \u00e0s pessoas idosas e portadoras de defici\u00eancias.<\/p>\n<p>O vereador tamb\u00e9m apresentou a indica\u00e7\u00e3o N\u00ba 113\/2023, solicitando ao Executivo Municipal a aquisi\u00e7\u00e3o de equipamentos EPI&#8217;s e uniformiza\u00e7\u00e3o da equipe dos servi\u00e7os bra\u00e7ais e pesados, que trabalham na \u00e1rea urbana, a fim de garanti-los maior seguran\u00e7a e identifica\u00e7\u00e3o.<\/p>\n","protected":false},"excerpt":{"rendered":"<p>O vereador Denivaldo Carrerinha (Uni\u00e3o) apresentou a indica\u00e7\u00e3o N\u00ba 114\/2023, solicitando ao Executivo Municipal a implanta\u00e7\u00e3o de vagas preferenciais em estacionamentos em \u00f3rg\u00e3os p\u00fablicos de Para\u00edso das \u00c1guas. A justificativa \u00e9 pelo fato de facilitar o acesso aos \u00f3rg\u00e3os p\u00fablicos do munic\u00edpios, principalmente \u00e0s pessoas idosas e portadoras de defici\u00eancias. O vereador tamb\u00e9m apresentou a [&hellip;]<\/p>\n","protected":false},"author":4,"featured_media":242530,"comment_status":"closed","ping_status":"closed","sticky":false,"template":"","format":"standard","meta":{"footnotes":""},"categories":[20,36],"tags":[],"class_list":["post-242529","post","type-post","status-publish","format-standard","has-post-thumbnail","hentry","category-camara-municipal","category-paraiso-das-aguas"],"_links":{"self":[{"href":"https:\/\/www.ocorreionews.com.br\/acervo-correio\/index.php?rest_route=\/wp\/v2\/posts\/242529","targetHints":{"allow":["GET"]}}],"collection":[{"href":"https:\/\/www.ocorreionews.com.br\/acervo-correio\/index.php?rest_route=\/wp\/v2\/posts"}],"about":[{"href":"https:\/\/www.ocorreionews.com.br\/acervo-correio\/index.php?rest_route=\/wp\/v2\/types\/post"}],"author":[{"embeddable":true,"href":"https:\/\/www.ocorreionews.com.br\/acervo-correio\/index.php?rest_route=\/wp\/v2\/users\/4"}],"replies":[{"embeddable":true,"href":"https:\/\/www.ocorreionews.com.br\/acervo-correio\/index.php?rest_route=%2Fwp%2Fv2%2Fcomments&post=242529"}],"version-history":[{"count":1,"href":"https:\/\/www.ocorreionews.com.br\/acervo-correio\/index.php?rest_route=\/wp\/v2\/posts\/242529\/revisions"}],"predecessor-version":[{"id":242532,"href":"https:\/\/www.ocorreionews.com.br\/acervo-correio\/index.php?rest_route=\/wp\/v2\/posts\/242529\/revisions\/242532"}],"wp:featuredmedia":[{"embeddable":true,"href":"https:\/\/www.ocorreionews.com.br\/acervo-correio\/index.php?rest_route=\/wp\/v2\/media\/242530"}],"wp:attachment":[{"href":"https:\/\/www.ocorreionews.com.br\/acervo-correio\/index.php?rest_route=%2Fwp%2Fv2%2Fmedia&parent=242529"}],"wp:term":[{"taxonomy":"category","embeddable":true,"href":"https:\/\/www.ocorreionews.com.br\/acervo-correio\/index.php?rest_route=%2Fwp%2Fv2%2Fcategories&post=242529"},{"taxonomy":"post_tag","embeddable":true,"href":"https:\/\/www.ocorreionews.com.br\/acervo-correio\/index.php?rest_route=%2Fwp%2Fv2%2Ftags&post=242529"}],"curies":[{"name":"wp","href":"https:\/\/api.w.org\/{rel}","templated":true}]}}