{"id":242533,"date":"2023-06-14T16:46:46","date_gmt":"2023-06-14T20:46:46","guid":{"rendered":"https:\/\/www.ocorreionews.com.br\/acervo-correio\/?p=242533"},"modified":"2023-06-14T16:46:46","modified_gmt":"2023-06-14T20:46:46","slug":"vereador-edson-da-oficina-solicita-reparos-em-estradas-rurais-e-reforma-de-ponte-no-corrego-lagoa-na-regiao-de-bela-alvorada","status":"publish","type":"post","link":"https:\/\/www.ocorreionews.com.br\/acervo-correio\/?p=242533","title":{"rendered":"Vereador Edson da Oficina solicita reparos em estradas rurais e reforma de ponte no C\u00f3rrego Lagoa, na regi\u00e3o de Bela Alvorada"},"content":{"rendered":"<p>O vereador Edson da Oficina (DEM) apresentou as indica\u00e7\u00f5es N\u00ba 115,116 e 117 de 2023, solicitando ao Executivo Municipal, por meio da Secretaria Municipal de Infraestrutura Rural e Urbana, a recupera\u00e7\u00e3o e manuten\u00e7\u00e3o das estradas rurais na regi\u00e3o das\u00a0fazendas Mangaba e Olho D&#8217;\u00c1gua e reforma da ponte sobre o\u00a0\u00a0C\u00f3rrego Lagoa.<\/p>\n<p>&#8220;A regi\u00e3o fica no Distrito de Bela Alvorada e necessita de reparos urgentes para facilitar o transporte escolar, a chegada de insumos agr\u00edcolas e o escoamento da produ\u00e7\u00e3o&#8221;, justifica o vereador Edson da Oficina, presidente do Legislativo Municipal de Para\u00edso das \u00c1guas.<\/p>\n<p>BNC noticias<\/p>\n","protected":false},"excerpt":{"rendered":"<p>O vereador Edson da Oficina (DEM) apresentou as indica\u00e7\u00f5es N\u00ba 115,116 e 117 de 2023, solicitando ao Executivo Municipal, por meio da Secretaria Municipal de Infraestrutura Rural e Urbana, a recupera\u00e7\u00e3o e manuten\u00e7\u00e3o das estradas rurais na regi\u00e3o das\u00a0fazendas Mangaba e Olho D&#8217;\u00c1gua e reforma da ponte sobre o\u00a0\u00a0C\u00f3rrego Lagoa. &#8220;A regi\u00e3o fica no Distrito [&hellip;]<\/p>\n","protected":false},"author":4,"featured_media":242534,"comment_status":"closed","ping_status":"closed","sticky":false,"template":"","format":"standard","meta":{"footnotes":""},"categories":[20,36],"tags":[],"class_list":["post-242533","post","type-post","status-publish","format-standard","has-post-thumbnail","hentry","category-camara-municipal","category-paraiso-das-aguas"],"_links":{"self":[{"href":"https:\/\/www.ocorreionews.com.br\/acervo-correio\/index.php?rest_route=\/wp\/v2\/posts\/242533","targetHints":{"allow":["GET"]}}],"collection":[{"href":"https:\/\/www.ocorreionews.com.br\/acervo-correio\/index.php?rest_route=\/wp\/v2\/posts"}],"about":[{"href":"https:\/\/www.ocorreionews.com.br\/acervo-correio\/index.php?rest_route=\/wp\/v2\/types\/post"}],"author":[{"embeddable":true,"href":"https:\/\/www.ocorreionews.com.br\/acervo-correio\/index.php?rest_route=\/wp\/v2\/users\/4"}],"replies":[{"embeddable":true,"href":"https:\/\/www.ocorreionews.com.br\/acervo-correio\/index.php?rest_route=%2Fwp%2Fv2%2Fcomments&post=242533"}],"version-history":[{"count":1,"href":"https:\/\/www.ocorreionews.com.br\/acervo-correio\/index.php?rest_route=\/wp\/v2\/posts\/242533\/revisions"}],"predecessor-version":[{"id":242535,"href":"https:\/\/www.ocorreionews.com.br\/acervo-correio\/index.php?rest_route=\/wp\/v2\/posts\/242533\/revisions\/242535"}],"wp:featuredmedia":[{"embeddable":true,"href":"https:\/\/www.ocorreionews.com.br\/acervo-correio\/index.php?rest_route=\/wp\/v2\/media\/242534"}],"wp:attachment":[{"href":"https:\/\/www.ocorreionews.com.br\/acervo-correio\/index.php?rest_route=%2Fwp%2Fv2%2Fmedia&parent=242533"}],"wp:term":[{"taxonomy":"category","embeddable":true,"href":"https:\/\/www.ocorreionews.com.br\/acervo-correio\/index.php?rest_route=%2Fwp%2Fv2%2Fcategories&post=242533"},{"taxonomy":"post_tag","embeddable":true,"href":"https:\/\/www.ocorreionews.com.br\/acervo-correio\/index.php?rest_route=%2Fwp%2Fv2%2Ftags&post=242533"}],"curies":[{"name":"wp","href":"https:\/\/api.w.org\/{rel}","templated":true}]}}