{"id":242536,"date":"2023-06-14T17:03:51","date_gmt":"2023-06-14T21:03:51","guid":{"rendered":"https:\/\/www.ocorreionews.com.br\/acervo-correio\/?p=242536"},"modified":"2023-06-14T17:03:51","modified_gmt":"2023-06-14T21:03:51","slug":"exposul-2023-e-camara-vai-a-escola-sao-destaques-na-sessao","status":"publish","type":"post","link":"https:\/\/www.ocorreionews.com.br\/acervo-correio\/?p=242536","title":{"rendered":"Exposul 2023 e C\u00e2mara Vai \u00e0 Escola s\u00e3o destaques na sess\u00e3o"},"content":{"rendered":"<div class=\"leitura\">\n<p>A C\u00e2mara Municipal de Chapad\u00e3o do Sul recebeu na Sess\u00e3o Ordin\u00e1ria desta segunda-feira (12), os alunos do Col\u00e9gio Atenas, representado pela aluna Ana Lu\u00edsa Dantas Prehl, onde foram apresentadas algumas necessidades da comunidade escolar. A visita faz parte da segunda etapa do Projeto C\u00e2mara Vai \u00e0 Escola.<\/p>\n<p>Em seu discurso, a aluna Ana Lu\u00edsa, afirmou estar atenta \u00e0s necessidades e desafios enfrentados pelos moradores de Chapad\u00e3o do Sul e disse acreditar que algumas mudan\u00e7as s\u00e3o necess\u00e1rias para tornar a cidade um lugar mais justo, seguro e acolhedor para todos. A estudante solicitou melhorias na infraestrutura urbana e tamb\u00e9m pediu obras de pavimenta\u00e7\u00e3o, ilumina\u00e7\u00e3o p\u00fablica, sinaliza\u00e7\u00e3o, com sem\u00e1foros nas avenidas e saneamento b\u00e1sico, al\u00e9m de melhorias para a seguran\u00e7a p\u00fablica.<\/p>\n<p>Em rela\u00e7\u00e3o \u00e0s melhorias no ambiente escolar, Ana Lu\u00edsa, sugeriu que as aulas sejam mais din\u00e2micas, onde os temas abordados, sejam relacionados com situa\u00e7\u00f5es do dia a dia, e que os espa\u00e7os culturais, que possibilitam o acesso da popula\u00e7\u00e3o a atividades culturais, como, arte, m\u00fasica, dan\u00e7a e teatro, sejam acess\u00edveis a todos os moradores da cidade, inclusive os dos bairros mais distantes. \u201cGostaria de elogiar o di\u00e1logo constante entre os cidad\u00e3os e as autoridades. A participa\u00e7\u00e3o ativa da popula\u00e7\u00e3o \u00e9 fundamental para identificar os problemas da cidade e buscar solu\u00e7\u00f5es conjuntas. Por isso \u00e9 essencial que os poderes Executivo e Legislativo estejam abertos para o di\u00e1logo com os moradores e se empenhem em ouvir suas sugest\u00f5es\u201d, discursou Ana Lu\u00edsa.<\/p>\n<p><img decoding=\"async\" src=\"https:\/\/www.camarachapadaodosul.ms.gov.br\/uploads\/galeria\/img5644.jpg\" alt=\"\" \/><\/p>\n<p>O Presidente da C\u00e2mara de Vereadores, Airton Ant\u00f4nio Schwantes (Tucano), agradeceu a participa\u00e7\u00e3o do Col\u00e9gio Atenas, e ressaltou a import\u00e2ncia do projeto, de ouvir as solicita\u00e7\u00f5es dos alunos, de permitir que eles participem da vida pol\u00edtica da cidade, para que conhe\u00e7am como funcionam os poderes Executivo, Legislativo e judici\u00e1rio.<\/p>\n<p>O Vereador tamb\u00e9m parabenizou, em seu discurso, o Sindicato Rural de Chapad\u00e3o do Sul pela organiza\u00e7\u00e3o e realiza\u00e7\u00e3o da 29\u00aa EXPOSUL, um evento de grande import\u00e2ncia para toda a regi\u00e3o, que contou com a presen\u00e7a de autoridades importantes para o estado, como o Governador Eduardo Riedel e a Senadora Tereza Cristina. \u201cQuero deixar aqui meus parab\u00e9ns \u00e0 dire\u00e7\u00e3o do Sindicato Rural pela brilhante feira, realizada na semana passada. Sem sombra de d\u00favidas, foi uma das maiores feiras que Chapad\u00e3o do Sul j\u00e1 vivenciou, com a participa\u00e7\u00e3o de grandes empresas, com grandes oportunidades para nossa cidade\u201d, destacou.<\/p>\n<p>Al\u00e9m de participarem da abertura da EXPOSUL 2023, Riedel e Tereza Cristina visitaram v\u00e1rias obras que est\u00e3o em andamento, no munic\u00edpio, da entrega da obra de amplia\u00e7\u00e3o do Hospital Municipal, do lan\u00e7amento da Pedra Fundamental do Contorno Vi\u00e1rio de Chapad\u00e3o do Sul (Way-306 Concession\u00e1ria da MS-306), entre outros.<\/p>\n<p>Os vereadores Emerson Sapo, Vanderson Cardoso, Mika, Alline Tontini e Andr\u00e9 dos Anjos tamb\u00e9m discursaram no Plen\u00e1rio da C\u00e2mara. Eles agradeceram a presen\u00e7a dos alunos do Col\u00e9gio Atenas e tamb\u00e9m parabenizaram o Sindicato Rural de Chapad\u00e3o do Sul, que \u00e9 o respons\u00e1vel pela realiza\u00e7\u00e3o da Exposul, pela realiza\u00e7\u00e3o e toda a popula\u00e7\u00e3o e as autoridades que prestigiaram o evento.<\/p>\n<p><img decoding=\"async\" src=\"https:\/\/www.camarachapadaodosul.ms.gov.br\/uploads\/galeria\/img5833.jpg\" alt=\"\" \/><\/p>\n<p>Confira as indica\u00e7\u00f5es e requerimentos do dia clicando no link: C\u00e2mara Municipal de Chapad\u00e3o do Sul &#8211; MS <a href=\"https:\/\/www.camarachapadaodosul.ms.gov.br\/site\/\">https:\/\/www.camarachapadaodosul.ms.gov.br\/site\/<\/a><\/p>\n<p>Assessoria camara<\/p>\n<\/div>\n","protected":false},"excerpt":{"rendered":"<p>A C\u00e2mara Municipal de Chapad\u00e3o do Sul recebeu na Sess\u00e3o Ordin\u00e1ria desta segunda-feira (12), os alunos do Col\u00e9gio Atenas, representado pela aluna Ana Lu\u00edsa Dantas Prehl, onde foram apresentadas algumas necessidades da comunidade escolar. A visita faz parte da segunda etapa do Projeto C\u00e2mara Vai \u00e0 Escola. Em seu discurso, a aluna Ana Lu\u00edsa, afirmou [&hellip;]<\/p>\n","protected":false},"author":4,"featured_media":242537,"comment_status":"closed","ping_status":"closed","sticky":false,"template":"","format":"standard","meta":{"footnotes":""},"categories":[20,41],"tags":[],"class_list":["post-242536","post","type-post","status-publish","format-standard","has-post-thumbnail","hentry","category-camara-municipal","category-destaque"],"_links":{"self":[{"href":"https:\/\/www.ocorreionews.com.br\/acervo-correio\/index.php?rest_route=\/wp\/v2\/posts\/242536","targetHints":{"allow":["GET"]}}],"collection":[{"href":"https:\/\/www.ocorreionews.com.br\/acervo-correio\/index.php?rest_route=\/wp\/v2\/posts"}],"about":[{"href":"https:\/\/www.ocorreionews.com.br\/acervo-correio\/index.php?rest_route=\/wp\/v2\/types\/post"}],"author":[{"embeddable":true,"href":"https:\/\/www.ocorreionews.com.br\/acervo-correio\/index.php?rest_route=\/wp\/v2\/users\/4"}],"replies":[{"embeddable":true,"href":"https:\/\/www.ocorreionews.com.br\/acervo-correio\/index.php?rest_route=%2Fwp%2Fv2%2Fcomments&post=242536"}],"version-history":[{"count":1,"href":"https:\/\/www.ocorreionews.com.br\/acervo-correio\/index.php?rest_route=\/wp\/v2\/posts\/242536\/revisions"}],"predecessor-version":[{"id":242538,"href":"https:\/\/www.ocorreionews.com.br\/acervo-correio\/index.php?rest_route=\/wp\/v2\/posts\/242536\/revisions\/242538"}],"wp:featuredmedia":[{"embeddable":true,"href":"https:\/\/www.ocorreionews.com.br\/acervo-correio\/index.php?rest_route=\/wp\/v2\/media\/242537"}],"wp:attachment":[{"href":"https:\/\/www.ocorreionews.com.br\/acervo-correio\/index.php?rest_route=%2Fwp%2Fv2%2Fmedia&parent=242536"}],"wp:term":[{"taxonomy":"category","embeddable":true,"href":"https:\/\/www.ocorreionews.com.br\/acervo-correio\/index.php?rest_route=%2Fwp%2Fv2%2Fcategories&post=242536"},{"taxonomy":"post_tag","embeddable":true,"href":"https:\/\/www.ocorreionews.com.br\/acervo-correio\/index.php?rest_route=%2Fwp%2Fv2%2Ftags&post=242536"}],"curies":[{"name":"wp","href":"https:\/\/api.w.org\/{rel}","templated":true}]}}