{"id":242554,"date":"2023-06-15T08:32:11","date_gmt":"2023-06-15T12:32:11","guid":{"rendered":"https:\/\/www.ocorreionews.com.br\/acervo-correio\/?p=242554"},"modified":"2023-06-15T13:58:37","modified_gmt":"2023-06-15T17:58:37","slug":"em-acao-rapida-policia-civil-prende-mulher-por-furto-de-mil-reais-em-costa-rica","status":"publish","type":"post","link":"https:\/\/www.ocorreionews.com.br\/acervo-correio\/?p=242554","title":{"rendered":"Em a\u00e7\u00e3o r\u00e1pida policia civil prende funcion\u00e1ria de Supermercado por furtar dinheiro da carteira de cliente"},"content":{"rendered":"<p>A Pol\u00edcia Civil, por meio da Se\u00e7\u00e3o de Investiga\u00e7\u00f5es Gerais (SIG), obteve \u00eaxito em uma a\u00e7\u00e3o r\u00e1pida, nesta quarta-feira (14), resultando na pris\u00e3o em flagrante de uma mulher(n\u00e3o teve a identidade e idade revelada), que furtou a quantia de mil reais de dentro da carteira de uma v\u00edtima do sexo feminino. A a\u00e7\u00e3o criminosa foi registrada pelas c\u00e2meras de seguran\u00e7a do local, e gra\u00e7as \u00e0 pronta atua\u00e7\u00e3o dos policiais, a autora foi identificada e detida.<\/p>\n<p>Segundo apurado, o furto foi em um supermercado no centro da cidade. A v\u00edtima estava fazendo compras e acabou esquecendo a carteira em cima da g\u00f4ndola de lim\u00e3o, na sess\u00e3o de verduras. Conforme levantado pela equipe de investiga\u00e7\u00e3o, uma funcion\u00e1ria achou a carteira, entregou para uma outra trabalhadora, que teria ido at\u00e9 o banheiro com a carteira e depois de um tempo entregou para uma fiscal de caixa, que identificou quem era a v\u00edtima e pediu para que esta conferisse se estava tudo conforme ela havia deixado.<\/p>\n<p>A v\u00edtima ent\u00e3o percebeu que seu dinheiro n\u00e3o estava mais l\u00e1.<\/p>\n<p>A Pol\u00edcia Civil foi acionada e ao perceber a movimenta\u00e7\u00e3o no local, a autora (funcion\u00e1ria do mercado) bateu o cart\u00e3o e foi embora, por\u00e9m, a a\u00e7\u00e3o foi percebida pelos policiais, que a localizaram, a prenderam em flagrante por furto e apreenderam o dinheiro que ela havia escondido dentro de um rolo de papel higi\u00eanico.<\/p>\n<p>Ela foi conduzida \u00e0 Delegacia de Pol\u00edcia Civil de Costa Rica, onde ser\u00e3o realizados os procedimentos legais cab\u00edveis.<\/p>\n<p>A atua\u00e7\u00e3o r\u00e1pida e eficiente da Pol\u00edcia Civil, por meio da Se\u00e7\u00e3o de Investiga\u00e7\u00f5es Gerais (SIG), demonstra o comprometimento da institui\u00e7\u00e3o em garantir a seguran\u00e7a e a justi\u00e7a para a popula\u00e7\u00e3o. O trabalho em conjunto entre as equipes de investiga\u00e7\u00e3o e o aux\u00edlio das c\u00e2meras de seguran\u00e7a foi fundamental para a r\u00e1pida resolu\u00e7\u00e3o desse caso.<\/p>\n<p>A Pol\u00edcia Civil refor\u00e7a a import\u00e2ncia de denunciar qualquer atividade suspeita, contribuindo assim para a preven\u00e7\u00e3o e repress\u00e3o de crimes. A colabora\u00e7\u00e3o da popula\u00e7\u00e3o \u00e9 essencial para o \u00eaxito das investiga\u00e7\u00f5es.<\/p>\n<p>&nbsp;<\/p>\n<p><em>*Com informa\u00e7\u00f5es da Pol\u00edcia Civil de Costa Rica<\/em><\/p>\n<p>&nbsp;<\/p>\n<p>*Editado para acr\u00e9scimo de informa\u00e7\u00f5es<\/p>\n","protected":false},"excerpt":{"rendered":"<p>A Pol\u00edcia Civil, por meio da Se\u00e7\u00e3o de Investiga\u00e7\u00f5es Gerais (SIG), obteve \u00eaxito em uma a\u00e7\u00e3o r\u00e1pida, nesta quarta-feira (14), resultando na pris\u00e3o em flagrante de uma mulher(n\u00e3o teve a identidade e idade revelada), que furtou a quantia de mil reais de dentro da carteira de uma v\u00edtima do sexo feminino. A a\u00e7\u00e3o criminosa foi [&hellip;]<\/p>\n","protected":false},"author":5,"featured_media":242558,"comment_status":"closed","ping_status":"closed","sticky":false,"template":"","format":"standard","meta":{"footnotes":""},"categories":[25,38],"tags":[],"class_list":["post-242554","post","type-post","status-publish","format-standard","has-post-thumbnail","hentry","category-costa-rica","category-policia"],"_links":{"self":[{"href":"https:\/\/www.ocorreionews.com.br\/acervo-correio\/index.php?rest_route=\/wp\/v2\/posts\/242554","targetHints":{"allow":["GET"]}}],"collection":[{"href":"https:\/\/www.ocorreionews.com.br\/acervo-correio\/index.php?rest_route=\/wp\/v2\/posts"}],"about":[{"href":"https:\/\/www.ocorreionews.com.br\/acervo-correio\/index.php?rest_route=\/wp\/v2\/types\/post"}],"author":[{"embeddable":true,"href":"https:\/\/www.ocorreionews.com.br\/acervo-correio\/index.php?rest_route=\/wp\/v2\/users\/5"}],"replies":[{"embeddable":true,"href":"https:\/\/www.ocorreionews.com.br\/acervo-correio\/index.php?rest_route=%2Fwp%2Fv2%2Fcomments&post=242554"}],"version-history":[{"count":1,"href":"https:\/\/www.ocorreionews.com.br\/acervo-correio\/index.php?rest_route=\/wp\/v2\/posts\/242554\/revisions"}],"predecessor-version":[{"id":242604,"href":"https:\/\/www.ocorreionews.com.br\/acervo-correio\/index.php?rest_route=\/wp\/v2\/posts\/242554\/revisions\/242604"}],"wp:featuredmedia":[{"embeddable":true,"href":"https:\/\/www.ocorreionews.com.br\/acervo-correio\/index.php?rest_route=\/wp\/v2\/media\/242558"}],"wp:attachment":[{"href":"https:\/\/www.ocorreionews.com.br\/acervo-correio\/index.php?rest_route=%2Fwp%2Fv2%2Fmedia&parent=242554"}],"wp:term":[{"taxonomy":"category","embeddable":true,"href":"https:\/\/www.ocorreionews.com.br\/acervo-correio\/index.php?rest_route=%2Fwp%2Fv2%2Fcategories&post=242554"},{"taxonomy":"post_tag","embeddable":true,"href":"https:\/\/www.ocorreionews.com.br\/acervo-correio\/index.php?rest_route=%2Fwp%2Fv2%2Ftags&post=242554"}],"curies":[{"name":"wp","href":"https:\/\/api.w.org\/{rel}","templated":true}]}}