{"id":242557,"date":"2023-06-15T09:06:36","date_gmt":"2023-06-15T13:06:36","guid":{"rendered":"https:\/\/www.ocorreionews.com.br\/acervo-correio\/?p=242557"},"modified":"2023-06-15T09:06:36","modified_gmt":"2023-06-15T13:06:36","slug":"faleceu-o-produtor-rural-e-empresario-tome-arantes-do-grupo-cangalha","status":"publish","type":"post","link":"https:\/\/www.ocorreionews.com.br\/acervo-correio\/?p=242557","title":{"rendered":"Faleceu o produtor rural e empres\u00e1rio Tom\u00e9 Arantes do Grupo Cangalha"},"content":{"rendered":"<p><em><strong>PARA\u00cdSO DAS \u00c1GUAS<\/strong><\/em>&#8211; Faleceu na madrugada desta quinta-feira (15) em Ara\u00e7atuba (SP), o produtor rural e empres\u00e1rio Tom\u00e9 Arantes Sobrinho, aos 63 anos de idade.<\/p>\n<p>Tom\u00e9 lutava contra um c\u00e2ncer. Ele foi um dos maiores produtores rurais e investidores na regi\u00e3o do distrito de Pouso Alto, em Para\u00edso das \u00c1guas, na divisa com o munic\u00edpio de \u00c1gua Clara (MS).<\/p>\n<p>Tamb\u00e9m investia em leil\u00f5es e em hotel fazenda, no lazer e entretenimento, al\u00e9m da piscicultura.<\/p>\n<p>N\u00e3o h\u00e1 informa\u00e7\u00f5es sobre local do vel\u00f3rio e sepultamento. Em instantes atualizaremos esta mat\u00e9ria.<\/p>\n<p>Manifestamos nosso profundo pesar. Que Deus conforte toda sua fam\u00edlia.<\/p>\n<p>O prefeito Aniz\u00edo Andrade, vice-prefeiro Roberto Carlos, ex-prefeito Ivan Xixi, os vereadores e v\u00e1rios amigos de Para\u00edso das \u00c1guas, em que cultivou grandes e s\u00f3lidas amizades, manifestam seu profundo pesar.<\/p>\n<p>Tom\u00e9 Arantes era ativo na sociedade da regi\u00e3o, em especial, do distrito de Pouso Alto.<\/p>\n","protected":false},"excerpt":{"rendered":"<p>PARA\u00cdSO DAS \u00c1GUAS&#8211; Faleceu na madrugada desta quinta-feira (15) em Ara\u00e7atuba (SP), o produtor rural e empres\u00e1rio Tom\u00e9 Arantes Sobrinho, aos 63 anos de idade. Tom\u00e9 lutava contra um c\u00e2ncer. Ele foi um dos maiores produtores rurais e investidores na regi\u00e3o do distrito de Pouso Alto, em Para\u00edso das \u00c1guas, na divisa com o munic\u00edpio [&hellip;]<\/p>\n","protected":false},"author":4,"featured_media":242575,"comment_status":"closed","ping_status":"closed","sticky":false,"template":"","format":"standard","meta":{"footnotes":""},"categories":[31],"tags":[],"class_list":["post-242557","post","type-post","status-publish","format-standard","has-post-thumbnail","hentry","category-geral"],"_links":{"self":[{"href":"https:\/\/www.ocorreionews.com.br\/acervo-correio\/index.php?rest_route=\/wp\/v2\/posts\/242557","targetHints":{"allow":["GET"]}}],"collection":[{"href":"https:\/\/www.ocorreionews.com.br\/acervo-correio\/index.php?rest_route=\/wp\/v2\/posts"}],"about":[{"href":"https:\/\/www.ocorreionews.com.br\/acervo-correio\/index.php?rest_route=\/wp\/v2\/types\/post"}],"author":[{"embeddable":true,"href":"https:\/\/www.ocorreionews.com.br\/acervo-correio\/index.php?rest_route=\/wp\/v2\/users\/4"}],"replies":[{"embeddable":true,"href":"https:\/\/www.ocorreionews.com.br\/acervo-correio\/index.php?rest_route=%2Fwp%2Fv2%2Fcomments&post=242557"}],"version-history":[{"count":1,"href":"https:\/\/www.ocorreionews.com.br\/acervo-correio\/index.php?rest_route=\/wp\/v2\/posts\/242557\/revisions"}],"predecessor-version":[{"id":242589,"href":"https:\/\/www.ocorreionews.com.br\/acervo-correio\/index.php?rest_route=\/wp\/v2\/posts\/242557\/revisions\/242589"}],"wp:featuredmedia":[{"embeddable":true,"href":"https:\/\/www.ocorreionews.com.br\/acervo-correio\/index.php?rest_route=\/wp\/v2\/media\/242575"}],"wp:attachment":[{"href":"https:\/\/www.ocorreionews.com.br\/acervo-correio\/index.php?rest_route=%2Fwp%2Fv2%2Fmedia&parent=242557"}],"wp:term":[{"taxonomy":"category","embeddable":true,"href":"https:\/\/www.ocorreionews.com.br\/acervo-correio\/index.php?rest_route=%2Fwp%2Fv2%2Fcategories&post=242557"},{"taxonomy":"post_tag","embeddable":true,"href":"https:\/\/www.ocorreionews.com.br\/acervo-correio\/index.php?rest_route=%2Fwp%2Fv2%2Ftags&post=242557"}],"curies":[{"name":"wp","href":"https:\/\/api.w.org\/{rel}","templated":true}]}}