{"id":242562,"date":"2023-06-15T08:41:28","date_gmt":"2023-06-15T12:41:28","guid":{"rendered":"https:\/\/www.ocorreionews.com.br\/acervo-correio\/?p=242562"},"modified":"2023-06-15T08:41:28","modified_gmt":"2023-06-15T12:41:28","slug":"paraiso-das-aguas-esta-com-campanha-de-arrecadacao-de-agasalho-2023","status":"publish","type":"post","link":"https:\/\/www.ocorreionews.com.br\/acervo-correio\/?p=242562","title":{"rendered":"Para\u00edso das \u00c1guas est\u00e1 com Campanha de Arrecada\u00e7\u00e3o de Agasalho 2023"},"content":{"rendered":"<p>O inverno est\u00e1 chegando e as temperaturas devem cair ainda mais nas pr\u00f3ximas semanas. Sendo assim, chegou a hora de dar aquela organizada nos arm\u00e1rios e separar as pe\u00e7as de frio, que estejam em bom estado de uso, e que voc\u00ea provavelmente n\u00e3o ir\u00e1 usar mais.<\/p>\n<p>Essas cal\u00e7as, camisas, abrigos, cal\u00e7ados, moletons e cobertores far\u00e3o toda a diferen\u00e7a para que a popula\u00e7\u00e3o mais carente de recursos enfrente as baixas temperaturas com mais conforto e seguran\u00e7a.<\/p>\n<p>Ent\u00e3o chegou a hora, separe suas pe\u00e7as e entregue-as no Posto de Arrecada\u00e7\u00e3o localizado na Secretaria de Assist\u00eancia Social \u2013 Rua Ant\u00f4nio Dias Rocha, n\u00ba 238, ao lado do antigo Banco do Brasil.<\/p>\n<p>As doa\u00e7\u00f5es poder\u00e3o ser entregues de segunda a sexta-feira no hor\u00e1rio comercial da institui\u00e7\u00e3o, das 7 \u00e0s 11 da manh\u00e3 e das 13 \u00e0s 17 horas.<\/p>\n<p>O pouco que voc\u00ea contribuir, com certeza, far\u00e1 toda a diferen\u00e7a para diversas fam\u00edlias de nossa cidade. Colabore!<\/p>\n<p><img decoding=\"async\" src=\"https:\/\/www.paraisodasaguas.ms.gov.br\/\/uploads\/wysiwyg\/\/34ec2369.jpg\" alt=\"\" \/><\/p>\n<p>&nbsp;<\/p>\n<p>&nbsp;<\/p>\n<p>*Assecom PMPA<\/p>\n","protected":false},"excerpt":{"rendered":"<p>O inverno est\u00e1 chegando e as temperaturas devem cair ainda mais nas pr\u00f3ximas semanas. Sendo assim, chegou a hora de dar aquela organizada nos arm\u00e1rios e separar as pe\u00e7as de frio, que estejam em bom estado de uso, e que voc\u00ea provavelmente n\u00e3o ir\u00e1 usar mais. Essas cal\u00e7as, camisas, abrigos, cal\u00e7ados, moletons e cobertores far\u00e3o [&hellip;]<\/p>\n","protected":false},"author":5,"featured_media":242570,"comment_status":"closed","ping_status":"closed","sticky":false,"template":"","format":"standard","meta":{"footnotes":""},"categories":[36],"tags":[],"class_list":["post-242562","post","type-post","status-publish","format-standard","has-post-thumbnail","hentry","category-paraiso-das-aguas"],"_links":{"self":[{"href":"https:\/\/www.ocorreionews.com.br\/acervo-correio\/index.php?rest_route=\/wp\/v2\/posts\/242562","targetHints":{"allow":["GET"]}}],"collection":[{"href":"https:\/\/www.ocorreionews.com.br\/acervo-correio\/index.php?rest_route=\/wp\/v2\/posts"}],"about":[{"href":"https:\/\/www.ocorreionews.com.br\/acervo-correio\/index.php?rest_route=\/wp\/v2\/types\/post"}],"author":[{"embeddable":true,"href":"https:\/\/www.ocorreionews.com.br\/acervo-correio\/index.php?rest_route=\/wp\/v2\/users\/5"}],"replies":[{"embeddable":true,"href":"https:\/\/www.ocorreionews.com.br\/acervo-correio\/index.php?rest_route=%2Fwp%2Fv2%2Fcomments&post=242562"}],"version-history":[{"count":1,"href":"https:\/\/www.ocorreionews.com.br\/acervo-correio\/index.php?rest_route=\/wp\/v2\/posts\/242562\/revisions"}],"predecessor-version":[{"id":242571,"href":"https:\/\/www.ocorreionews.com.br\/acervo-correio\/index.php?rest_route=\/wp\/v2\/posts\/242562\/revisions\/242571"}],"wp:featuredmedia":[{"embeddable":true,"href":"https:\/\/www.ocorreionews.com.br\/acervo-correio\/index.php?rest_route=\/wp\/v2\/media\/242570"}],"wp:attachment":[{"href":"https:\/\/www.ocorreionews.com.br\/acervo-correio\/index.php?rest_route=%2Fwp%2Fv2%2Fmedia&parent=242562"}],"wp:term":[{"taxonomy":"category","embeddable":true,"href":"https:\/\/www.ocorreionews.com.br\/acervo-correio\/index.php?rest_route=%2Fwp%2Fv2%2Fcategories&post=242562"},{"taxonomy":"post_tag","embeddable":true,"href":"https:\/\/www.ocorreionews.com.br\/acervo-correio\/index.php?rest_route=%2Fwp%2Fv2%2Ftags&post=242562"}],"curies":[{"name":"wp","href":"https:\/\/api.w.org\/{rel}","templated":true}]}}