{"id":242580,"date":"2023-06-15T09:06:25","date_gmt":"2023-06-15T13:06:25","guid":{"rendered":"https:\/\/www.ocorreionews.com.br\/acervo-correio\/?p=242580"},"modified":"2023-06-16T07:52:17","modified_gmt":"2023-06-16T11:52:17","slug":"prefeitura-de-paraiso-das-aguas-investe-mais-de-r880-mil-para-zerar-fila-de-consultas-para-tomografia-e-ultrassom","status":"publish","type":"post","link":"https:\/\/www.ocorreionews.com.br\/acervo-correio\/?p=242580","title":{"rendered":"Prefeitura de Para\u00edso das \u00c1guas investe mais de R$880 mil para zerar fila de consultas para tomografia e ultrassom"},"content":{"rendered":"<p>A Prefeitura de Para\u00edso das \u00c1guas, por meio da Secretaria Municipal de Sa\u00fade, vai investir cerca de 885 mil reais, em recursos pr\u00f3prios, para garantir o atendimento da popula\u00e7\u00e3o paraisense que necessite de exames de tomografia e ultrassom.<\/p>\n<p>Os recursos ser\u00e3o destinados para a promo\u00e7\u00e3o de mutir\u00f5es para zerar a fila de espera por esses atendimentos, al\u00e9m de garantir o atendimento para essas especialidades durante 1 (um) ano.<\/p>\n<p>Os mutir\u00f5es de exames ser\u00e3o realizados nos dias 16,17,23 e 24 de junho. Os exames de ultrassom ser\u00e3o realizados aqui mesmo em Para\u00edso das \u00c1guas, por um m\u00e9dico especialista credenciado pela Prefeitura, no Pronto Atendimento. J\u00e1 os exames de tomografia ser\u00e3o feitos em Chapad\u00e3o do Sul, na Cl\u00ednica IMD Centro M\u00e9dico, tamb\u00e9m credenciada para atender o munic\u00edpio de Para\u00edso das \u00c1guas.<\/p>\n<p>Nesta semana, o prefeito An\u00edzio de Andrade, acompanhado do vice-prefeito Roberto Carlos da Silva, do secret\u00e1rio municipal de Sa\u00fade U\u00e9der Pereira de Paula, e da Chefe da Central de Regula\u00e7\u00e3o Carla Domingues Figueira, esteve na Cl\u00ednica IMD de Chapad\u00e3o do Sul, onde foi recepcionado pelo m\u00e9dico credenciado respons\u00e1vel pelos exames de ultrassom, Dr. Tiago Esquerdo. O m\u00e9dico apresentou os equipamentos de \u00faltima gera\u00e7\u00e3o que realizar\u00e3o os exames nos pacientes de Para\u00edso das \u00c1guas.<\/p>\n<p>De acordo com o prefeito An\u00edzio Andrade, esta importante a\u00e7\u00e3o da gest\u00e3o p\u00fablica exemplifica o compromisso em oferecer um atendimento \u00e1gil e de qualidade a todos os pacientes que recorrem ao atendimento p\u00fablico por meio do Sistema \u00danico de Sa\u00fade (SUS) e do munic\u00edpio.<\/p>\n<p>\u201c\u00c9 dever do executivo municipal garantir atendimento m\u00e9dico especializado para a popula\u00e7\u00e3o, sendo assim, n\u00f3s da prefeitura por meio de nossa secretaria de sa\u00fade garantimos os recursos necess\u00e1rios para zerar a fila de espera por esses exames, bem como garantir a realiza\u00e7\u00e3o dos mesmos pelo prazo inicial de 12 meses\u201d, afirmou o prefeito.<\/p>\n<p>Os cidad\u00e3os que necessitem destes exames dever\u00e3o procurar com urg\u00eancia a Central de Regula\u00e7\u00e3o na Rua Valdeci Feltrin, N\u00ba 127, \u00a0anexa \u00e0 Secretaria Municipal de Sa\u00fade, munido dos documentos pessoais, cart\u00e3o do SUS e telefone de contato. A Central funciona de segunda a sexta-feira das 7 \u00e0s 11 e das 13 \u00e0s 17 horas.<\/p>\n<p>&#8220;Refor\u00e7amos a todos os pacientes que aguardam por esses exames que n\u00e3o percam a oportunidade de participar desses mutir\u00f5es e garantir um cuidado de sa\u00fade completo. Juntos podemos melhorar a qualidade de vida em nossa comunidade\u201d, finaliza o prefeito.<\/p>\n<p>O Secret\u00e1rio de Sa\u00fade, U\u00e9der de Paula, destacou a import\u00e2ncia destes mutir\u00f5es de sa\u00fade.<\/p>\n<p>A gest\u00e3o municipal trabalha para proporcionar uma sa\u00fade de qualidade e agilidade no acesso aos exames. \u00a0A Tomografia e a Ultrassonografia s\u00e3o essenciais para um diagn\u00f3stico precoce e um tratamento adequado das condi\u00e7\u00f5es de sa\u00fade. Mais uma vez nosso munic\u00edpio sai na frente, pensando no bem-estar e sa\u00fade de todos os cidad\u00e3os. Contamos com a participa\u00e7\u00e3o de todos para o sucesso dessas a\u00e7\u00f5es, colaborando para um sistema de sa\u00fade \u00e1gil, humanizado e de qualidade em nosso munic\u00edpio&#8221;, enfatizou.<\/p>\n<p>&nbsp;<\/p>\n<p>Texto: Diogo Rondon com Informa\u00e7\u00f5es Fernando Brito<\/p>\n","protected":false},"excerpt":{"rendered":"<p>A Prefeitura de Para\u00edso das \u00c1guas, por meio da Secretaria Municipal de Sa\u00fade, vai investir cerca de 885 mil reais, em recursos pr\u00f3prios, para garantir o atendimento da popula\u00e7\u00e3o paraisense que necessite de exames de tomografia e ultrassom. Os recursos ser\u00e3o destinados para a promo\u00e7\u00e3o de mutir\u00f5es para zerar a fila de espera por esses [&hellip;]<\/p>\n","protected":false},"author":5,"featured_media":242582,"comment_status":"closed","ping_status":"closed","sticky":false,"template":"","format":"standard","meta":{"footnotes":""},"categories":[41,36],"tags":[],"class_list":["post-242580","post","type-post","status-publish","format-standard","has-post-thumbnail","hentry","category-destaque","category-paraiso-das-aguas"],"_links":{"self":[{"href":"https:\/\/www.ocorreionews.com.br\/acervo-correio\/index.php?rest_route=\/wp\/v2\/posts\/242580","targetHints":{"allow":["GET"]}}],"collection":[{"href":"https:\/\/www.ocorreionews.com.br\/acervo-correio\/index.php?rest_route=\/wp\/v2\/posts"}],"about":[{"href":"https:\/\/www.ocorreionews.com.br\/acervo-correio\/index.php?rest_route=\/wp\/v2\/types\/post"}],"author":[{"embeddable":true,"href":"https:\/\/www.ocorreionews.com.br\/acervo-correio\/index.php?rest_route=\/wp\/v2\/users\/5"}],"replies":[{"embeddable":true,"href":"https:\/\/www.ocorreionews.com.br\/acervo-correio\/index.php?rest_route=%2Fwp%2Fv2%2Fcomments&post=242580"}],"version-history":[{"count":1,"href":"https:\/\/www.ocorreionews.com.br\/acervo-correio\/index.php?rest_route=\/wp\/v2\/posts\/242580\/revisions"}],"predecessor-version":[{"id":242691,"href":"https:\/\/www.ocorreionews.com.br\/acervo-correio\/index.php?rest_route=\/wp\/v2\/posts\/242580\/revisions\/242691"}],"wp:featuredmedia":[{"embeddable":true,"href":"https:\/\/www.ocorreionews.com.br\/acervo-correio\/index.php?rest_route=\/wp\/v2\/media\/242582"}],"wp:attachment":[{"href":"https:\/\/www.ocorreionews.com.br\/acervo-correio\/index.php?rest_route=%2Fwp%2Fv2%2Fmedia&parent=242580"}],"wp:term":[{"taxonomy":"category","embeddable":true,"href":"https:\/\/www.ocorreionews.com.br\/acervo-correio\/index.php?rest_route=%2Fwp%2Fv2%2Fcategories&post=242580"},{"taxonomy":"post_tag","embeddable":true,"href":"https:\/\/www.ocorreionews.com.br\/acervo-correio\/index.php?rest_route=%2Fwp%2Fv2%2Ftags&post=242580"}],"curies":[{"name":"wp","href":"https:\/\/api.w.org\/{rel}","templated":true}]}}