{"id":242587,"date":"2023-06-15T09:16:40","date_gmt":"2023-06-15T13:16:40","guid":{"rendered":"https:\/\/www.ocorreionews.com.br\/acervo-correio\/?p=242587"},"modified":"2023-06-15T09:16:40","modified_gmt":"2023-06-15T13:16:40","slug":"mae-suspeita-de-torturar-filho-de-4-anos-em-chapadao-do-sul-tem-prisao-preventiva-decretada","status":"publish","type":"post","link":"https:\/\/www.ocorreionews.com.br\/acervo-correio\/?p=242587","title":{"rendered":"M\u00e3e suspeita de torturar filho de 4 anos em Chapad\u00e3o do Sul tem pris\u00e3o preventiva decretada"},"content":{"rendered":"<p>A mulher, de 21 anos, presa sob suspeita de torturar o filho de 4 anos, em Chapad\u00e3o do Sul &#8211; MS, teve a pris\u00e3o preventiva decretada pela Justi\u00e7a, ap\u00f3s passar por audi\u00eancia de cust\u00f3dia nesta quarta-feira (14). Ela foi encaminhada para o pres\u00eddio local.<\/p>\n<p>Ao site Campo Grande News, o delegado Felipe Machado Potter afirmou que prossegue com as investiga\u00e7\u00f5es e aguarda laudos. O menino ainda se encontra internado na Santa Casa da Capital. N\u00e3o h\u00e1 informa\u00e7\u00f5es atualizadas sobre o estado de sa\u00fade dele.<\/p>\n<p>A pris\u00e3o da m\u00e3e ocorreu na segunda-feira, dia 12 de junho, ap\u00f3s a Pol\u00edcia Militar ser acionada pelo hospital, devido \u00e0s graves les\u00f5es encontradas na testa e olhos da crian\u00e7a. A equipe m\u00e9dica contou que o pai levou o filho at\u00e9 a unidade e estava se contradizendo sobre o que causou os ferimentos.<\/p>\n<p>Como o pai havia sa\u00eddo para pegar roupas e acompanhar a transfer\u00eancia da crian\u00e7a para a Capital, os militares conversaram brevemente com o menino. Ele contou que tinha medo, era amea\u00e7ado pela m\u00e3e e havia sido agredido com uma pedrada, causando o corte na cabe\u00e7a. Tamb\u00e9m relatou que a m\u00e3e jogou uma bicicleta nele, ocasionando no ferimento na testa.<\/p>\n<p>Consta em registro policial que o garoto j\u00e1 havia dado entrada no hospital em outras ocasi\u00f5es, tamb\u00e9m apresentando les\u00f5es. A PM, ent\u00e3o, foi at\u00e9 a casa da m\u00e3e e a prendeu por tortura. No im\u00f3vel, constatou que havia outras quatro crian\u00e7as, entre idades de quatro meses e sete anos. As crian\u00e7as com idade escolar nunca frequentaram a escola.<\/p>\n<p><strong>Depoimento &#8211;<\/strong> Ouvida na delegacia, a m\u00e3e negou agress\u00e3o ao filho. Contou que no s\u00e1bado (10) a irm\u00e3 caiu em cima do garoto, que bateu a cabe\u00e7a no ch\u00e3o. No momento, o ferimento n\u00e3o ficou feio, ent\u00e3o n\u00e3o o levou ao m\u00e9dico. Somente na segunda-feira (12), com o ferimento mais vis\u00edvel, o marido levou o filho ao hospital.<\/p>\n<p>Ainda, segundo a m\u00e3e, no dia 24 de maio, o garoto pulou o muro e se machucou, sendo, inclusive, socorrido pelo Corpo de Bombeiros. Ela s\u00f3 tomou conhecimento dos fatos pelo Conselho Tutelar, pois estava trabalhando e n\u00e3o sabe quem acionou o socorro.<\/p>\n<p>Sobre os filhos n\u00e3o estarem matriculados na escola, alegou que est\u00e1 morando em Chapad\u00e3o do Sul h\u00e1 cerca de um ano e n\u00e3o havia conseguido a transfer\u00eancia da filha mais velha, de 7 anos, j\u00e1 que era natural de Alagoas. Com isso, acabou n\u00e3o matriculando o menino, porque queria que fosse para a escola junto com a irm\u00e3.<\/p>\n<p>No relato, a m\u00e3e diz que o menino de 4 anos \u00e9 o &#8220;\u00fanico que d\u00e1 trabalho, pois n\u00e3o para quieto&#8221;. Ao negar o crime, afirma que corrige as crian\u00e7as \u00e0s vezes com chineladas nas pernas e outras restringe que elas assistam \u00e0 televis\u00e3o.<\/p>\n<p>&nbsp;<\/p>\n<p>&nbsp;<\/p>\n<p>Por Dayene Paz &#8211;\u00a0 CAMPO GRANDE NEWS<\/p>\n","protected":false},"excerpt":{"rendered":"<p>A mulher, de 21 anos, presa sob suspeita de torturar o filho de 4 anos, em Chapad\u00e3o do Sul &#8211; MS, teve a pris\u00e3o preventiva decretada pela Justi\u00e7a, ap\u00f3s passar por audi\u00eancia de cust\u00f3dia nesta quarta-feira (14). Ela foi encaminhada para o pres\u00eddio local. Ao site Campo Grande News, o delegado Felipe Machado Potter afirmou [&hellip;]<\/p>\n","protected":false},"author":5,"featured_media":223876,"comment_status":"closed","ping_status":"closed","sticky":false,"template":"","format":"standard","meta":{"footnotes":""},"categories":[23,41],"tags":[],"class_list":["post-242587","post","type-post","status-publish","format-standard","has-post-thumbnail","hentry","category-chapadao-do-sul","category-destaque"],"_links":{"self":[{"href":"https:\/\/www.ocorreionews.com.br\/acervo-correio\/index.php?rest_route=\/wp\/v2\/posts\/242587","targetHints":{"allow":["GET"]}}],"collection":[{"href":"https:\/\/www.ocorreionews.com.br\/acervo-correio\/index.php?rest_route=\/wp\/v2\/posts"}],"about":[{"href":"https:\/\/www.ocorreionews.com.br\/acervo-correio\/index.php?rest_route=\/wp\/v2\/types\/post"}],"author":[{"embeddable":true,"href":"https:\/\/www.ocorreionews.com.br\/acervo-correio\/index.php?rest_route=\/wp\/v2\/users\/5"}],"replies":[{"embeddable":true,"href":"https:\/\/www.ocorreionews.com.br\/acervo-correio\/index.php?rest_route=%2Fwp%2Fv2%2Fcomments&post=242587"}],"version-history":[{"count":1,"href":"https:\/\/www.ocorreionews.com.br\/acervo-correio\/index.php?rest_route=\/wp\/v2\/posts\/242587\/revisions"}],"predecessor-version":[{"id":242597,"href":"https:\/\/www.ocorreionews.com.br\/acervo-correio\/index.php?rest_route=\/wp\/v2\/posts\/242587\/revisions\/242597"}],"wp:featuredmedia":[{"embeddable":true,"href":"https:\/\/www.ocorreionews.com.br\/acervo-correio\/index.php?rest_route=\/wp\/v2\/media\/223876"}],"wp:attachment":[{"href":"https:\/\/www.ocorreionews.com.br\/acervo-correio\/index.php?rest_route=%2Fwp%2Fv2%2Fmedia&parent=242587"}],"wp:term":[{"taxonomy":"category","embeddable":true,"href":"https:\/\/www.ocorreionews.com.br\/acervo-correio\/index.php?rest_route=%2Fwp%2Fv2%2Fcategories&post=242587"},{"taxonomy":"post_tag","embeddable":true,"href":"https:\/\/www.ocorreionews.com.br\/acervo-correio\/index.php?rest_route=%2Fwp%2Fv2%2Ftags&post=242587"}],"curies":[{"name":"wp","href":"https:\/\/api.w.org\/{rel}","templated":true}]}}