{"id":242605,"date":"2023-06-15T14:20:58","date_gmt":"2023-06-15T18:20:58","guid":{"rendered":"https:\/\/www.ocorreionews.com.br\/acervo-correio\/?p=242605"},"modified":"2023-06-15T14:20:58","modified_gmt":"2023-06-15T18:20:58","slug":"saude-de-costa-rica-realiza-mais-de-148-atendimentos-na-germinex-agropecuaria","status":"publish","type":"post","link":"https:\/\/www.ocorreionews.com.br\/acervo-correio\/?p=242605","title":{"rendered":"Sa\u00fade de Costa Rica realiza mais de 148 atendimentos na Germinex Agropecu\u00e1ria"},"content":{"rendered":"<div class=\"ntc_cont_descricao_noticia sw_txteditor\">Na \u00faltima quarta-feira (14), a Prefeitura de Costa Rica por interm\u00e9dio da Secretaria Municipal de Sa\u00fade, realizou mais uma a\u00e7\u00e3o da ESF Rural na Germinex Agropecu\u00e1ria, oferecendo atendimentos de sa\u00fade preventiva para a popula\u00e7\u00e3o. A a\u00e7\u00e3o contou com a presen\u00e7a do prefeito, delegado Cleverson Alves dos Santos, e do vice-prefeito, Roni Cota, que estiveram presentes para ouvir as demandas dos moradores da regi\u00e3o. Mesmo com o frio, os atendimentos foram procurados tanto pelos moradores da localidade como da regi\u00e3o inteira.<\/p>\n<p>O prefeito, Cleverson Alves dos Santos, destacou a import\u00e2ncia da a\u00e7\u00e3o da ESF Rural para levar atendimentos de sa\u00fade para a popula\u00e7\u00e3o que vive em \u00e1reas rurais e distantes da cidade. &#8220;Estamos trabalhando para garantir que todos os moradores de Costa Rica tenham acesso \u00e0 sa\u00fade de qualidade, seja na cidade ou no campo&#8221;, afirmou o prefeito.<\/p>\n<p>Foram realizadas 32 vacinas, entre rotina, gripe e covid-19, 29 consultas m\u00e9dicas e 116 testes r\u00e1pidos para s\u00edfilis, HIV (Aids), hepatite B e hepatite C. Al\u00e9m disso, foram feitos alguns encaminhamentos para outras especialidades m\u00e9dicas e tiradas d\u00favidas da popula\u00e7\u00e3o.<\/p>\n<p>O vice-prefeito, Roni Cota, ressaltou a import\u00e2ncia de ouvir as demandas da popula\u00e7\u00e3o e buscar solu\u00e7\u00f5es para melhorar a qualidade de vida dos moradores. &#8220;Estamos aqui para ouvir a popula\u00e7\u00e3o e buscar solu\u00e7\u00f5es para as demandas apresentadas. A sa\u00fade \u00e9 uma prioridade para a nossa gest\u00e3o e vamos continuar trabalhando para levar atendimentos de qualidade para todos os moradores&#8221;, disse o vice-prefeito.<\/p>\n<p>A a\u00e7\u00e3o da ESF Rural na Germinex Agropecu\u00e1ria \u00e9 mais uma iniciativa da Prefeitura de Costa Rica para garantir o acesso \u00e0 sa\u00fade preventiva para todos os moradores do munic\u00edpio.<\/p><\/div>\n<div class=\"ntc_cont_descricao_noticia sw_txteditor\"><img decoding=\"async\" class=\"imgcentraliza\" src=\"https:\/\/www.costarica.ms.gov.br\/fotos\/24dfc98c8f9ae885f077a8c358de50a7.jpg\" alt=\"Foto Noticia Principal Grande\" \/>\n<\/div>\n<div class=\"ntc_area_info_noticia sw_lato\">\n<div>\n<div class=\"ntc_info_noticia\"><strong class=\"sw_lato_black\">Fonte: <\/strong>Assessoria de Comunica\u00e7\u00e3o &#8211; PMCR,<strong class=\"sw_lato_black\">\u00a0<\/strong>Silvestre de Castro<\/div>\n<\/div>\n<\/div>\n","protected":false},"excerpt":{"rendered":"<p>Na \u00faltima quarta-feira (14), a Prefeitura de Costa Rica por interm\u00e9dio da Secretaria Municipal de Sa\u00fade, realizou mais uma a\u00e7\u00e3o da ESF Rural na Germinex Agropecu\u00e1ria, oferecendo atendimentos de sa\u00fade preventiva para a popula\u00e7\u00e3o. A a\u00e7\u00e3o contou com a presen\u00e7a do prefeito, delegado Cleverson Alves dos Santos, e do vice-prefeito, Roni Cota, que estiveram presentes [&hellip;]<\/p>\n","protected":false},"author":5,"featured_media":242606,"comment_status":"closed","ping_status":"closed","sticky":false,"template":"","format":"standard","meta":{"footnotes":""},"categories":[25],"tags":[],"class_list":["post-242605","post","type-post","status-publish","format-standard","has-post-thumbnail","hentry","category-costa-rica"],"_links":{"self":[{"href":"https:\/\/www.ocorreionews.com.br\/acervo-correio\/index.php?rest_route=\/wp\/v2\/posts\/242605","targetHints":{"allow":["GET"]}}],"collection":[{"href":"https:\/\/www.ocorreionews.com.br\/acervo-correio\/index.php?rest_route=\/wp\/v2\/posts"}],"about":[{"href":"https:\/\/www.ocorreionews.com.br\/acervo-correio\/index.php?rest_route=\/wp\/v2\/types\/post"}],"author":[{"embeddable":true,"href":"https:\/\/www.ocorreionews.com.br\/acervo-correio\/index.php?rest_route=\/wp\/v2\/users\/5"}],"replies":[{"embeddable":true,"href":"https:\/\/www.ocorreionews.com.br\/acervo-correio\/index.php?rest_route=%2Fwp%2Fv2%2Fcomments&post=242605"}],"version-history":[{"count":1,"href":"https:\/\/www.ocorreionews.com.br\/acervo-correio\/index.php?rest_route=\/wp\/v2\/posts\/242605\/revisions"}],"predecessor-version":[{"id":242607,"href":"https:\/\/www.ocorreionews.com.br\/acervo-correio\/index.php?rest_route=\/wp\/v2\/posts\/242605\/revisions\/242607"}],"wp:featuredmedia":[{"embeddable":true,"href":"https:\/\/www.ocorreionews.com.br\/acervo-correio\/index.php?rest_route=\/wp\/v2\/media\/242606"}],"wp:attachment":[{"href":"https:\/\/www.ocorreionews.com.br\/acervo-correio\/index.php?rest_route=%2Fwp%2Fv2%2Fmedia&parent=242605"}],"wp:term":[{"taxonomy":"category","embeddable":true,"href":"https:\/\/www.ocorreionews.com.br\/acervo-correio\/index.php?rest_route=%2Fwp%2Fv2%2Fcategories&post=242605"},{"taxonomy":"post_tag","embeddable":true,"href":"https:\/\/www.ocorreionews.com.br\/acervo-correio\/index.php?rest_route=%2Fwp%2Fv2%2Ftags&post=242605"}],"curies":[{"name":"wp","href":"https:\/\/api.w.org\/{rel}","templated":true}]}}