{"id":242608,"date":"2023-06-15T14:27:27","date_gmt":"2023-06-15T18:27:27","guid":{"rendered":"https:\/\/www.ocorreionews.com.br\/acervo-correio\/?p=242608"},"modified":"2023-06-15T14:27:27","modified_gmt":"2023-06-15T18:27:27","slug":"costa-rica-inaugura-novas-e-modernas-instalacoes-do-centro-de-referencia-de-assistencia-social","status":"publish","type":"post","link":"https:\/\/www.ocorreionews.com.br\/acervo-correio\/?p=242608","title":{"rendered":"Costa Rica inaugura novas e modernas instala\u00e7\u00f5es do Centro de Refer\u00eancia de Assist\u00eancia Social"},"content":{"rendered":"<div class=\"ntc_cont_descricao_noticia sw_txteditor\">Nesta quinta-feira (15), a Prefeitura de Costa Rica inaugurou o novo Centro de Refer\u00eancia de Assist\u00eancia Social (CREAS). A obra \u00e9 de extrema import\u00e2ncia para o atendimento \u00e0s fam\u00edlias em situa\u00e7\u00e3o de vulnerabilidade social, oferecendo servi\u00e7os de orienta\u00e7\u00e3o, apoio psicossocial e encaminhamento para outros servi\u00e7os socioassistenciais.<\/p>\n<p>Com a presen\u00e7a das autoridades municipais, o prefeito de Costa Rica, delegado Cleverson Alves dos Santos, destacou a import\u00e2ncia das novas instala\u00e7\u00f5es, que v\u00e3o proporcionar um atendimento ainda mais adequado e eficiente aos usu\u00e1rios. O gestor fez um balan\u00e7o das principais a\u00e7\u00f5es de seu governo em dois anos e meio, agradeceu a senadora Tereza Cristina pela parceria que est\u00e1 resultando em muitas melhorias para o munic\u00edpio de Costa Rica. J\u00e1 o presidente da C\u00e2mara de Vereadores, Ailton Martins de Amorim, enfatizou o compromisso do poder p\u00fablico com a popula\u00e7\u00e3o mais vulner\u00e1vel e do conforto que o novo CREAS ir\u00e1 ofertar aos servidores daquele setor.<\/p><\/div>\n<div class=\"ntc_cont_descricao_noticia sw_txteditor\"><img decoding=\"async\" class=\"imgcentraliza\" src=\"https:\/\/www.costarica.ms.gov.br\/fotos\/31f23dc540eb1b53e158e38a41f954c5.jpg\" alt=\"Foto Noticia Principal Grande\" \/><\/p>\n<p>A secret\u00e1ria municipal de Assist\u00eancia Social, Evair Gomes Nogueira, ressaltou a import\u00e2ncia do CREAS como um \u00f3rg\u00e3o fundamental para a assist\u00eancia social e agradeceu o empenho da equipe respons\u00e1vel pela realiza\u00e7\u00e3o da obra e ao prefeito Cleverson Alves que tem um olhar voltado para o ser humano. Destacou que o novo espa\u00e7o ir\u00e1 garantir qualidade no trabalho por parte do servidor p\u00fablico e um bom atendimento ao idoso, a mulher e a crian\u00e7a e a agradeceu a parceria da senadora por MS, Tereza Cristina pelo apoio incondicional na constru\u00e7\u00e3o da obra.<\/p>\n<p>A constru\u00e7\u00e3o do novo CREAS custou um total de R$ 464.608,48, sendo R$ 339.236,92 provenientes de repasse da Uni\u00e3o, do Governo Federal, e R$ 125.371,56 de contrapartida do Munic\u00edpio de Costa Rica. As novas instala\u00e7\u00f5es s\u00e3o modernas, bem localizadas e v\u00e3o abrigar a equipe t\u00e9cnica do CREAS, formada por psic\u00f3logo, assistente social, assessoria jur\u00eddica, educador e coordena\u00e7\u00e3o.<\/p>\n<p>Durante a inaugura\u00e7\u00e3o, o pastor Jos\u00e9 Catarino Castro fez uma reflex\u00e3o sobre as escrituras sagradas e, em seguida, foi realizada a cerim\u00f4nia de corte da fita e descerramento da placa inaugural. Os presentes puderam conhecer as novas instala\u00e7\u00f5es, que s\u00e3o compostas por sala de recep\u00e7\u00e3o, sala de reuni\u00e3o, cinco salas funcionais, cinco banheiros e alguns adaptados para pessoas com defici\u00eancia, copa e dispensa. A nova sede situa-se na Rua Jos\u00e9 Pereira da Silva ao lado do PROCON.<\/p>\n<p>A inaugura\u00e7\u00e3o do novo CREAS \u00e9 um importante marco para a assist\u00eancia social de Costa Rica e refor\u00e7a o compromisso do poder p\u00fablico com a popula\u00e7\u00e3o mais vulner\u00e1vel.<\/p>\n<p>Tamb\u00e9m estiveram presentes ao ato, o vice-prefeito, Roni Cota; os secret\u00e1rios municipais, de Educa\u00e7\u00e3o Maria F. Almeida; de Pol\u00edticas P\u00fablicas para Mulheres e 1\u00aa dama, M\u00e1rcia Alves; de Governo, Rayner Moraes; de Turismo, Meio Ambiente, Esporte e Cultura, Jo\u00e3o Carlos Candido Rocha; de Sa\u00fade, Jovenaldo Francisco dos Santos; vereadores Waldomiro Bocalan, Adair Tiago de Oliveira, Artur Baird, Evaldo Paulino Garcia e professora Manuelina Martins da Silva Arantes Cabral; o pastor Osmar Gomes; coordenadores, da Vigil\u00e2ncia em Sa\u00fade, Laura Viviane Gomes; do Conviver, S\u00f4nia Ferrraz, entre outros.<\/p><\/div>\n<div><\/div>\n<div class=\"ntc_cont_descricao_noticia sw_txteditor\"><img decoding=\"async\" class=\"imgcentraliza\" src=\"https:\/\/www.costarica.ms.gov.br\/fotos\/bf094b139089350bc1b0f97e15952200.jpg\" alt=\"Foto Noticia Principal Grande\" \/><\/p>\n<\/div>\n<div class=\"ntc_area_info_noticia sw_lato\">\n<div>\n<div class=\"ntc_info_noticia\"><strong class=\"sw_lato_black\">Fonte: <\/strong>Assessoria de Comunica\u00e7\u00e3o \/ PMCR,<strong class=\"sw_lato_black\">\u00a0<\/strong>Silvestre de Castro<\/div>\n<\/div>\n<\/div>\n","protected":false},"excerpt":{"rendered":"<p>Nesta quinta-feira (15), a Prefeitura de Costa Rica inaugurou o novo Centro de Refer\u00eancia de Assist\u00eancia Social (CREAS). A obra \u00e9 de extrema import\u00e2ncia para o atendimento \u00e0s fam\u00edlias em situa\u00e7\u00e3o de vulnerabilidade social, oferecendo servi\u00e7os de orienta\u00e7\u00e3o, apoio psicossocial e encaminhamento para outros servi\u00e7os socioassistenciais. Com a presen\u00e7a das autoridades municipais, o prefeito de [&hellip;]<\/p>\n","protected":false},"author":5,"featured_media":242609,"comment_status":"closed","ping_status":"closed","sticky":false,"template":"","format":"standard","meta":{"footnotes":""},"categories":[25,41],"tags":[],"class_list":["post-242608","post","type-post","status-publish","format-standard","has-post-thumbnail","hentry","category-costa-rica","category-destaque"],"_links":{"self":[{"href":"https:\/\/www.ocorreionews.com.br\/acervo-correio\/index.php?rest_route=\/wp\/v2\/posts\/242608","targetHints":{"allow":["GET"]}}],"collection":[{"href":"https:\/\/www.ocorreionews.com.br\/acervo-correio\/index.php?rest_route=\/wp\/v2\/posts"}],"about":[{"href":"https:\/\/www.ocorreionews.com.br\/acervo-correio\/index.php?rest_route=\/wp\/v2\/types\/post"}],"author":[{"embeddable":true,"href":"https:\/\/www.ocorreionews.com.br\/acervo-correio\/index.php?rest_route=\/wp\/v2\/users\/5"}],"replies":[{"embeddable":true,"href":"https:\/\/www.ocorreionews.com.br\/acervo-correio\/index.php?rest_route=%2Fwp%2Fv2%2Fcomments&post=242608"}],"version-history":[{"count":1,"href":"https:\/\/www.ocorreionews.com.br\/acervo-correio\/index.php?rest_route=\/wp\/v2\/posts\/242608\/revisions"}],"predecessor-version":[{"id":242610,"href":"https:\/\/www.ocorreionews.com.br\/acervo-correio\/index.php?rest_route=\/wp\/v2\/posts\/242608\/revisions\/242610"}],"wp:featuredmedia":[{"embeddable":true,"href":"https:\/\/www.ocorreionews.com.br\/acervo-correio\/index.php?rest_route=\/wp\/v2\/media\/242609"}],"wp:attachment":[{"href":"https:\/\/www.ocorreionews.com.br\/acervo-correio\/index.php?rest_route=%2Fwp%2Fv2%2Fmedia&parent=242608"}],"wp:term":[{"taxonomy":"category","embeddable":true,"href":"https:\/\/www.ocorreionews.com.br\/acervo-correio\/index.php?rest_route=%2Fwp%2Fv2%2Fcategories&post=242608"},{"taxonomy":"post_tag","embeddable":true,"href":"https:\/\/www.ocorreionews.com.br\/acervo-correio\/index.php?rest_route=%2Fwp%2Fv2%2Ftags&post=242608"}],"curies":[{"name":"wp","href":"https:\/\/api.w.org\/{rel}","templated":true}]}}