{"id":242613,"date":"2023-06-15T15:30:38","date_gmt":"2023-06-15T19:30:38","guid":{"rendered":"https:\/\/www.ocorreionews.com.br\/acervo-correio\/?p=242613"},"modified":"2023-06-15T14:37:49","modified_gmt":"2023-06-15T18:37:49","slug":"lancada-a-campanha-comprar-em-costa-rica-e-legal-2023-com-o-objetivo-de-estimular-as-vendas-no-comercio-local","status":"publish","type":"post","link":"https:\/\/www.ocorreionews.com.br\/acervo-correio\/?p=242613","title":{"rendered":"Lan\u00e7ada a campanha \u201cComprar em Costa Rica \u00c9 + Legal 2023\u201d com o objetivo de estimular as vendas no com\u00e9rcio local"},"content":{"rendered":"<div class=\"ntc_cont_descricao_noticia sw_txteditor\">A Prefeitura de Costa Rica, em parceria com a Aciacri (Associa\u00e7\u00e3o Comercial Industrial e Agropastoril de Costa Rica), lan\u00e7ou a campanha \u201cComprar em Costa Rica \u00c9 + Legal 2023\u201d com o objetivo de estimular as vendas no com\u00e9rcio local. A iniciativa faz parte do Programa Cidade Empreendedora do Sebrae\/MS e conta com o apoio da SEMAD (Secretaria Municipal de Agricultura e Desenvolvimento), da C\u00e2mara de Vereadores e de outros parceiros da iniciativa privada.<\/p>\n<p>Segundo o prefeito de Costa Rica, delegado Cleverson Alves dos Santos, a campanha \u00e9 uma forma de incentivar a popula\u00e7\u00e3o a valorizar o com\u00e9rcio local, contribuindo para o fortalecimento da economia da cidade. \u201cAo comprar em Costa Rica, os consumidores t\u00eam a oportunidade de conhecer melhor os produtos e servi\u00e7os oferecidos pelas empresas locais, al\u00e9m de contribuir para a gera\u00e7\u00e3o de empregos e o desenvolvimento do munic\u00edpio\u201d, afirma o gestor.<\/p>\n<p>O secret\u00e1rio municipal de agricultura e desenvolvimento destaca que a campanha \u00e9 uma oportunidade para os consumidores valorizarem o com\u00e9rcio local e, ao mesmo tempo, concorrerem a pr\u00eamios de qualidade. \u201cEssa iniciativa ir\u00e1 contribuir para o fortalecimento do com\u00e9rcio local e para a conscientiza\u00e7\u00e3o da popula\u00e7\u00e3o sobre a import\u00e2ncia de valorizar os neg\u00f3cios da cidade\u201d, finaliza Fernando Barbosa Martins.<\/p>\n<p>Para participar da campanha, basta o consumidor realizar compras nas empresas participantes cadastradas na associa\u00e7\u00e3o comercial e preencher o cupom disponibilizado no local, inserindo nome completo, CPF, endere\u00e7o e n\u00famero de telefone para contato. Os participantes concorrem a 12 pr\u00eamios oficiais, divididos em 2 sorteios e 2 etapas de participa\u00e7\u00e3o.<\/p>\n<p>No primeiro sorteio, que acontece no dia 07 de outubro, ser\u00e3o sorteados 5 pr\u00eamios, incluindo uma air fryer, uma bicicleta ARO 29 \u2013 21 marchas, uma TV de 50 polegadas, um notebook tela 15\u201d e um Iphone 14 com 128 gigas de armazenamento interno. J\u00e1 no segundo sorteio, que ser\u00e1 realizado no dia 30 de dezembro, ser\u00e3o sorteados 7 pr\u00eamios, incluindo uma air fryer, uma bicicleta ARO 29 \u2013 21 marchas, uma TV de 50 polegadas, um notebook tela 15\u201d, um Iphone 14 com 128 gigas de armazenamento interno, uma moto honda fan 150 0 km e um carro popular 0 km.<\/p>\n<p>O valor total da promo\u00e7\u00e3o ultrapassa R$ 135 mil. A campanha tem seu lan\u00e7amento oficial em 25 de agosto, por\u00e9m j\u00e1 est\u00e1 em pleno funcionamento e seu t\u00e9rmino acontece em 30 de dezembro, com sorteios realizados em pra\u00e7a p\u00fablica com os cupons adquiridos nas empresas participantes da mesma.<\/p><\/div>\n<div><\/div>\n<div class=\"ntc_cont_descricao_noticia sw_txteditor\"><img decoding=\"async\" class=\"imgcentraliza aligncenter\" src=\"https:\/\/www.costarica.ms.gov.br\/fotos\/863c7f54c7761f78856ce7fe72513cec.png\" alt=\"Foto Noticia Principal Grande\" \/>\n<\/div>\n<div class=\"ntc_area_info_noticia sw_lato\">\n<div>\n<div class=\"ntc_info_noticia\"><strong class=\"sw_lato_black\">Fonte: <\/strong>Assessoria de Comunica\u00e7\u00e3o &#8211; PMCR,<strong class=\"sw_lato_black\">\u00a0<\/strong>Silvestre de Castro<\/div>\n<\/div>\n<\/div>\n","protected":false},"excerpt":{"rendered":"<p>A Prefeitura de Costa Rica, em parceria com a Aciacri (Associa\u00e7\u00e3o Comercial Industrial e Agropastoril de Costa Rica), lan\u00e7ou a campanha \u201cComprar em Costa Rica \u00c9 + Legal 2023\u201d com o objetivo de estimular as vendas no com\u00e9rcio local. A iniciativa faz parte do Programa Cidade Empreendedora do Sebrae\/MS e conta com o apoio da [&hellip;]<\/p>\n","protected":false},"author":5,"featured_media":242614,"comment_status":"closed","ping_status":"closed","sticky":false,"template":"","format":"standard","meta":{"footnotes":""},"categories":[25],"tags":[],"class_list":["post-242613","post","type-post","status-publish","format-standard","has-post-thumbnail","hentry","category-costa-rica"],"_links":{"self":[{"href":"https:\/\/www.ocorreionews.com.br\/acervo-correio\/index.php?rest_route=\/wp\/v2\/posts\/242613","targetHints":{"allow":["GET"]}}],"collection":[{"href":"https:\/\/www.ocorreionews.com.br\/acervo-correio\/index.php?rest_route=\/wp\/v2\/posts"}],"about":[{"href":"https:\/\/www.ocorreionews.com.br\/acervo-correio\/index.php?rest_route=\/wp\/v2\/types\/post"}],"author":[{"embeddable":true,"href":"https:\/\/www.ocorreionews.com.br\/acervo-correio\/index.php?rest_route=\/wp\/v2\/users\/5"}],"replies":[{"embeddable":true,"href":"https:\/\/www.ocorreionews.com.br\/acervo-correio\/index.php?rest_route=%2Fwp%2Fv2%2Fcomments&post=242613"}],"version-history":[{"count":1,"href":"https:\/\/www.ocorreionews.com.br\/acervo-correio\/index.php?rest_route=\/wp\/v2\/posts\/242613\/revisions"}],"predecessor-version":[{"id":242615,"href":"https:\/\/www.ocorreionews.com.br\/acervo-correio\/index.php?rest_route=\/wp\/v2\/posts\/242613\/revisions\/242615"}],"wp:featuredmedia":[{"embeddable":true,"href":"https:\/\/www.ocorreionews.com.br\/acervo-correio\/index.php?rest_route=\/wp\/v2\/media\/242614"}],"wp:attachment":[{"href":"https:\/\/www.ocorreionews.com.br\/acervo-correio\/index.php?rest_route=%2Fwp%2Fv2%2Fmedia&parent=242613"}],"wp:term":[{"taxonomy":"category","embeddable":true,"href":"https:\/\/www.ocorreionews.com.br\/acervo-correio\/index.php?rest_route=%2Fwp%2Fv2%2Fcategories&post=242613"},{"taxonomy":"post_tag","embeddable":true,"href":"https:\/\/www.ocorreionews.com.br\/acervo-correio\/index.php?rest_route=%2Fwp%2Fv2%2Ftags&post=242613"}],"curies":[{"name":"wp","href":"https:\/\/api.w.org\/{rel}","templated":true}]}}