{"id":242616,"date":"2023-06-15T15:23:55","date_gmt":"2023-06-15T19:23:55","guid":{"rendered":"https:\/\/www.ocorreionews.com.br\/acervo-correio\/?p=242616"},"modified":"2023-06-15T15:23:55","modified_gmt":"2023-06-15T19:23:55","slug":"caes-e-gatos-tambem-podem-ficar-gripados-veja-quais-cuidados-ter-em-dias-mais-frios","status":"publish","type":"post","link":"https:\/\/www.ocorreionews.com.br\/acervo-correio\/?p=242616","title":{"rendered":"C\u00e3es e gatos tamb\u00e9m podem ficar gripados; veja quais cuidados ter em dias mais frios"},"content":{"rendered":"<div id=\"chunk-8bhkf\">\n<div class=\"mc-column content-text active-extra-styles \" data-block-type=\"unstyled\" data-block-weight=\"41\" data-block-id=\"3\">\n<p class=\"content-text__container \" data-track-category=\"Link no Texto\" data-track-links=\"\">Com a mudan\u00e7a dr\u00e1stica no clima, em Mato Grosso do Sul, a aten\u00e7\u00e3o ao bem-estar e sa\u00fade dos pets tamb\u00e9m devem ser consideradas. Os cuidados devem ser redobrados para que os animais de estima\u00e7\u00e3o n\u00e3o desenvolvam infec\u00e7\u00f5es respirat\u00f3rias e at\u00e9 gripar.<\/p>\n<p data-track-category=\"Link no Texto\" data-track-links=\"\">\n<\/div>\n<\/div>\n<div class=\"wall protected-content\">\n<div id=\"chunk-fodap\">\n<div class=\"mc-column content-text active-extra-styles \" data-block-type=\"unstyled\" data-block-weight=\"36\" data-block-id=\"4\">\n<p class=\"content-text__container \" data-track-category=\"Link no Texto\" data-track-links=\"\">Coriza, secre\u00e7\u00e3o nasal e nos olhos, al\u00e9m de conjuntivite e tosse, s\u00e3o os principais sintomas que incomodam os animais que est\u00e3o com infec\u00e7\u00e3o respirat\u00f3ria. <strong>Veja abaixo as recomenda\u00e7\u00f5es para manter a sa\u00fade dos animais em dia:<\/strong><\/p>\n<p data-track-category=\"Link no Texto\" data-track-links=\"\">\n<\/div>\n<\/div>\n<div class=\"mc-column content-text active-extra-styles\" data-block-type=\"raw\" data-block-weight=\"53\" data-block-id=\"5\">\n<p class=\"content-text__container\">\n<ul class=\"content-unordered-list\">\n<li><strong>Manter as vacinas em dia;<\/strong><\/li>\n<li><strong>Evitar aglomera\u00e7\u00e3o;<\/strong><\/li>\n<li><strong>N\u00e3o deixar o animal molhado por muito tempo;<\/strong><\/li>\n<li><strong>N\u00e3o deixar que o pet se molhe na chuva;<\/strong><\/li>\n<li><strong>Prestar aten\u00e7\u00e3o na respira\u00e7\u00e3o e na secre\u00e7\u00e3o do animal;<\/strong><\/li>\n<li><strong>Verificar se o animalzinho apresenta algum sintoma gripal;<\/strong><\/li>\n<li><strong>Realizar uma consulta vacinal para o veterin\u00e1rio checar a sa\u00fade do pet.<\/strong><\/li>\n<\/ul>\n<\/div>\n<p>&nbsp;<\/p>\n<div id=\"chunk-4n355\">\n<div class=\"mc-column content-text active-extra-styles \" data-block-type=\"unstyled\" data-block-weight=\"48\" data-block-id=\"7\">\n<p class=\"content-text__container \" data-track-category=\"Link no Texto\" data-track-links=\"\">Em comunicado divulgado pela Subsecretaria do Bem-Estar Animal (Subea), na Capital, o alerta para a gripe em animais foi levantado. Em dias frios, os tutores devem ficar atentos ao comportamento dos pets. O animal com febre fica abatido, diminui a alimenta\u00e7\u00e3o e deve ser encaminhado para consulta.<\/p>\n<p data-track-category=\"Link no Texto\" data-track-links=\"\">\n<\/div>\n<\/div>\n<div id=\"chunk-3j0qj\">\n<div class=\"mc-column content-text active-extra-styles \" data-block-type=\"unstyled\" data-block-weight=\"30\" data-block-id=\"8\">\n<p class=\"content-text__container \" data-track-category=\"Link no Texto\" data-track-links=\"\">O uso de rem\u00e9dios, sem recomenda\u00e7\u00e3o m\u00e9dica, deve ser descartada. No comunicado, a Subea explica que utilizar qualquer tipo de subst\u00e2ncias anti-inflamat\u00f3rias podem provocar o \u00f3bito da mascote.<\/p>\n<p data-track-category=\"Link no Texto\" data-track-links=\"\">\n<\/div>\n<\/div>\n<div id=\"chunk-95j9h\">\n<div class=\"mc-column content-text active-extra-styles \" data-block-type=\"unstyled\" data-block-weight=\"39\" data-block-id=\"9\">\n<p class=\"content-text__container \" data-track-category=\"Link no Texto\" data-track-links=\"\">&#8220;Os felinos, por exemplo, s\u00e3o intolerantes a medica\u00e7\u00f5es como o paracetamol. A baixa nutri\u00e7\u00e3o e imunidade tamb\u00e9m contribuem para o aumento do \u00edndice de infec\u00e7\u00f5es. Ent\u00e3o, qualquer tratamento deve ser indicado ap\u00f3s avalia\u00e7\u00e3o de um m\u00e9dico veterin\u00e1rio&#8221;, complementaram.<\/p>\n<\/div>\n<\/div>\n<\/div>\n<p data-track-category=\"Link no Texto\" data-track-links=\"\">\n<p data-track-category=\"Link no Texto\" data-track-links=\"\">\n<p data-track-category=\"Link no Texto\" data-track-links=\"\">Fonte: G1 MS<\/p>\n","protected":false},"excerpt":{"rendered":"<p>Com a mudan\u00e7a dr\u00e1stica no clima, em Mato Grosso do Sul, a aten\u00e7\u00e3o ao bem-estar e sa\u00fade dos pets tamb\u00e9m devem ser consideradas. Os cuidados devem ser redobrados para que os animais de estima\u00e7\u00e3o n\u00e3o desenvolvam infec\u00e7\u00f5es respirat\u00f3rias e at\u00e9 gripar. Coriza, secre\u00e7\u00e3o nasal e nos olhos, al\u00e9m de conjuntivite e tosse, s\u00e3o os principais [&hellip;]<\/p>\n","protected":false},"author":5,"featured_media":242617,"comment_status":"closed","ping_status":"closed","sticky":false,"template":"","format":"standard","meta":{"footnotes":""},"categories":[31],"tags":[],"class_list":["post-242616","post","type-post","status-publish","format-standard","has-post-thumbnail","hentry","category-geral"],"_links":{"self":[{"href":"https:\/\/www.ocorreionews.com.br\/acervo-correio\/index.php?rest_route=\/wp\/v2\/posts\/242616","targetHints":{"allow":["GET"]}}],"collection":[{"href":"https:\/\/www.ocorreionews.com.br\/acervo-correio\/index.php?rest_route=\/wp\/v2\/posts"}],"about":[{"href":"https:\/\/www.ocorreionews.com.br\/acervo-correio\/index.php?rest_route=\/wp\/v2\/types\/post"}],"author":[{"embeddable":true,"href":"https:\/\/www.ocorreionews.com.br\/acervo-correio\/index.php?rest_route=\/wp\/v2\/users\/5"}],"replies":[{"embeddable":true,"href":"https:\/\/www.ocorreionews.com.br\/acervo-correio\/index.php?rest_route=%2Fwp%2Fv2%2Fcomments&post=242616"}],"version-history":[{"count":1,"href":"https:\/\/www.ocorreionews.com.br\/acervo-correio\/index.php?rest_route=\/wp\/v2\/posts\/242616\/revisions"}],"predecessor-version":[{"id":242618,"href":"https:\/\/www.ocorreionews.com.br\/acervo-correio\/index.php?rest_route=\/wp\/v2\/posts\/242616\/revisions\/242618"}],"wp:featuredmedia":[{"embeddable":true,"href":"https:\/\/www.ocorreionews.com.br\/acervo-correio\/index.php?rest_route=\/wp\/v2\/media\/242617"}],"wp:attachment":[{"href":"https:\/\/www.ocorreionews.com.br\/acervo-correio\/index.php?rest_route=%2Fwp%2Fv2%2Fmedia&parent=242616"}],"wp:term":[{"taxonomy":"category","embeddable":true,"href":"https:\/\/www.ocorreionews.com.br\/acervo-correio\/index.php?rest_route=%2Fwp%2Fv2%2Fcategories&post=242616"},{"taxonomy":"post_tag","embeddable":true,"href":"https:\/\/www.ocorreionews.com.br\/acervo-correio\/index.php?rest_route=%2Fwp%2Fv2%2Ftags&post=242616"}],"curies":[{"name":"wp","href":"https:\/\/api.w.org\/{rel}","templated":true}]}}