{"id":242623,"date":"2023-06-15T16:04:40","date_gmt":"2023-06-15T20:04:40","guid":{"rendered":"https:\/\/www.ocorreionews.com.br\/acervo-correio\/?p=242623"},"modified":"2023-06-15T16:04:40","modified_gmt":"2023-06-15T20:04:40","slug":"prefeitura-realiza-palestras-em-alusao-a-campanha-junho-prata-enfrentamento-a-violencia-contra-pessoa-idosa","status":"publish","type":"post","link":"https:\/\/www.ocorreionews.com.br\/acervo-correio\/?p=242623","title":{"rendered":"Prefeitura realiza palestras em alus\u00e3o a Campanha Junho Prata \u201cEnfrentamento \u00e0 Viol\u00eancia contra Pessoa Idosa\u201d"},"content":{"rendered":"<p style=\"font-weight: 400;\">A Prefeitura Municipal de Chapad\u00e3o do Sul, por interm\u00e9dio da Secretaria Municipal de Assist\u00eancia Social e do Centro de Conviv\u00eancia do Idoso \u2013 La\u00e7os de Amizade, em alus\u00e3o a Campanha Junho Prata, realizou nesta ter\u00e7a-feira (13), Capacita\u00e7\u00e3o com tema \u201c<b><strong>Enfrentamento \u00e0 Viol\u00eancia contra Pessoa Idosa\u201d.<\/strong><\/b><\/p>\n<p style=\"font-weight: 400;\">O evento contou com a participa\u00e7\u00e3o especial da Subsecret\u00e1ria de Pol\u00edticas P\u00fablicas para a Pessoa Idosa, Sra. Zirleide Barbosa, que ministrou importante palestra no per\u00edodo matutino para trabalhadores da rede de atendimento \u00e0 pessoa idosa e conselheiros do Conselho Municipal de Direitos do Idoso \u2013 CMDI e, no per\u00edodo vespertino o p\u00fablico foi pessoas idosas cadastradas no Conviver.<\/p>\n<p style=\"font-weight: 400;\">A Secret\u00e1ria Municipal de Assist\u00eancia Social, Maria das Dores Zocal Krug, incentivou e apoiou a campanha, oferecendo camisetas tem\u00e1tica a todos os participantes.<\/p>\n<p style=\"font-weight: 400;\"><b><strong>Entenda a campanha:<\/strong><\/b>\u00a0Junho Prata foi institu\u00edda pela Lei 5.215\/2018 com o objetivo de unir esfor\u00e7os para conscientizar a popula\u00e7\u00e3o quanto a import\u00e2ncia do respeito \u00e0 integridade f\u00edsica e ps\u00edquica da pessoa idosa e estimular a den\u00fancia de a\u00e7\u00f5es violentas contra os idosos.<\/p>\n<p style=\"font-weight: 400;\">Todos n\u00f3s temos o dever de proteger os direitos das pessoas idosas. Fingir que nada acontece \u00e9 uma forma de viol\u00eancia, cuide e proteja.\u00a0<b><strong>Disque 100<\/strong><\/b>.<\/p>\n<p>&nbsp;<\/p>\n<p>&nbsp;<\/p>\n<p>*Assecom PMCS<\/p>\n","protected":false},"excerpt":{"rendered":"<p>A Prefeitura Municipal de Chapad\u00e3o do Sul, por interm\u00e9dio da Secretaria Municipal de Assist\u00eancia Social e do Centro de Conviv\u00eancia do Idoso \u2013 La\u00e7os de Amizade, em alus\u00e3o a Campanha Junho Prata, realizou nesta ter\u00e7a-feira (13), Capacita\u00e7\u00e3o com tema \u201cEnfrentamento \u00e0 Viol\u00eancia contra Pessoa Idosa\u201d. O evento contou com a participa\u00e7\u00e3o especial da Subsecret\u00e1ria de [&hellip;]<\/p>\n","protected":false},"author":5,"featured_media":242624,"comment_status":"closed","ping_status":"closed","sticky":false,"template":"","format":"standard","meta":{"footnotes":""},"categories":[23],"tags":[],"class_list":["post-242623","post","type-post","status-publish","format-standard","has-post-thumbnail","hentry","category-chapadao-do-sul"],"_links":{"self":[{"href":"https:\/\/www.ocorreionews.com.br\/acervo-correio\/index.php?rest_route=\/wp\/v2\/posts\/242623","targetHints":{"allow":["GET"]}}],"collection":[{"href":"https:\/\/www.ocorreionews.com.br\/acervo-correio\/index.php?rest_route=\/wp\/v2\/posts"}],"about":[{"href":"https:\/\/www.ocorreionews.com.br\/acervo-correio\/index.php?rest_route=\/wp\/v2\/types\/post"}],"author":[{"embeddable":true,"href":"https:\/\/www.ocorreionews.com.br\/acervo-correio\/index.php?rest_route=\/wp\/v2\/users\/5"}],"replies":[{"embeddable":true,"href":"https:\/\/www.ocorreionews.com.br\/acervo-correio\/index.php?rest_route=%2Fwp%2Fv2%2Fcomments&post=242623"}],"version-history":[{"count":1,"href":"https:\/\/www.ocorreionews.com.br\/acervo-correio\/index.php?rest_route=\/wp\/v2\/posts\/242623\/revisions"}],"predecessor-version":[{"id":242625,"href":"https:\/\/www.ocorreionews.com.br\/acervo-correio\/index.php?rest_route=\/wp\/v2\/posts\/242623\/revisions\/242625"}],"wp:featuredmedia":[{"embeddable":true,"href":"https:\/\/www.ocorreionews.com.br\/acervo-correio\/index.php?rest_route=\/wp\/v2\/media\/242624"}],"wp:attachment":[{"href":"https:\/\/www.ocorreionews.com.br\/acervo-correio\/index.php?rest_route=%2Fwp%2Fv2%2Fmedia&parent=242623"}],"wp:term":[{"taxonomy":"category","embeddable":true,"href":"https:\/\/www.ocorreionews.com.br\/acervo-correio\/index.php?rest_route=%2Fwp%2Fv2%2Fcategories&post=242623"},{"taxonomy":"post_tag","embeddable":true,"href":"https:\/\/www.ocorreionews.com.br\/acervo-correio\/index.php?rest_route=%2Fwp%2Fv2%2Ftags&post=242623"}],"curies":[{"name":"wp","href":"https:\/\/api.w.org\/{rel}","templated":true}]}}