{"id":242631,"date":"2023-06-15T18:00:12","date_gmt":"2023-06-15T22:00:12","guid":{"rendered":"https:\/\/www.ocorreionews.com.br\/acervo-correio\/?p=242631"},"modified":"2023-06-16T18:57:03","modified_gmt":"2023-06-16T22:57:03","slug":"faleceu-presidente-da-serc-joao-felix","status":"publish","type":"post","link":"https:\/\/www.ocorreionews.com.br\/acervo-correio\/?p=242631","title":{"rendered":"Faleceu  o Presidente da SERC Jo\u00e3o Felix"},"content":{"rendered":"<p>Faleceu no final da tarde desta quinta-feira, 15 de junho, o empres\u00e1rio e presidente da Serc, Sociedade Esiportiva Recreativa Chapad\u00e3o, Jo\u00e3o F\u00e9lix Botezeli, aos 69 anos de idade.<\/p>\n<p>F\u00e9lix era natural do Rio Grande do Sul. Foi um dos pioneiros de Chapad\u00e3o do Sul. Chegou na regi\u00e3o nos anos oitenta para trabalhar na Fazenda Ribeir\u00e3o, hoje IACO Agr\u00edcola. Ele era solteiro, formado em agronomia e m\u00e9dico veterin\u00e1rio. Amante do futebol estava na presid\u00eancia da Serc a v\u00e1rios anos. Ele deixa uma grande lacuna na sociedade de Chapad\u00e3o do Sul e no futebol de Mato Grosso do Sul.<\/p>\n<p>O dirigente sofreu dengue e no final da doen\u00e7a sequelas em \u00f3rg\u00e3os vitais lhe levou ao Hospital Municipal de Chapad\u00e3o do Sul. Uma m\u00e9dica infectologista recomendou a sua remo\u00e7\u00e3o para Campo Grande. Ele foi internado no Hospital Universit\u00e1rio e nesta quarta-feira, a mesma m\u00e9dica disse que estava otimista quanto \u00e0 recupera\u00e7\u00e3o. Ele foi internado em uma UTI e na tarde desta quinta-feira (15) sofreu uma parada respirat\u00f3ria. F\u00e9lix n\u00e3o resistiu e faleceu \u00e0s 17h15.<\/p>\n<p>O seu corpo dever\u00e1 ser transladado para Chapad\u00e3o do Sul, onde est\u00e1 sepultada a sua m\u00e3e.<\/p>\n<p>&nbsp;<\/p>\n<p>&nbsp;<\/p>\n<p>*Jovem Sul News<\/p>\n","protected":false},"excerpt":{"rendered":"<p>Faleceu no final da tarde desta quinta-feira, 15 de junho, o empres\u00e1rio e presidente da Serc, Sociedade Esiportiva Recreativa Chapad\u00e3o, Jo\u00e3o F\u00e9lix Botezeli, aos 69 anos de idade. F\u00e9lix era natural do Rio Grande do Sul. Foi um dos pioneiros de Chapad\u00e3o do Sul. Chegou na regi\u00e3o nos anos oitenta para trabalhar na Fazenda Ribeir\u00e3o, [&hellip;]<\/p>\n","protected":false},"author":4,"featured_media":195569,"comment_status":"closed","ping_status":"closed","sticky":false,"template":"","format":"standard","meta":{"footnotes":""},"categories":[23],"tags":[],"class_list":["post-242631","post","type-post","status-publish","format-standard","has-post-thumbnail","hentry","category-chapadao-do-sul"],"_links":{"self":[{"href":"https:\/\/www.ocorreionews.com.br\/acervo-correio\/index.php?rest_route=\/wp\/v2\/posts\/242631","targetHints":{"allow":["GET"]}}],"collection":[{"href":"https:\/\/www.ocorreionews.com.br\/acervo-correio\/index.php?rest_route=\/wp\/v2\/posts"}],"about":[{"href":"https:\/\/www.ocorreionews.com.br\/acervo-correio\/index.php?rest_route=\/wp\/v2\/types\/post"}],"author":[{"embeddable":true,"href":"https:\/\/www.ocorreionews.com.br\/acervo-correio\/index.php?rest_route=\/wp\/v2\/users\/4"}],"replies":[{"embeddable":true,"href":"https:\/\/www.ocorreionews.com.br\/acervo-correio\/index.php?rest_route=%2Fwp%2Fv2%2Fcomments&post=242631"}],"version-history":[{"count":1,"href":"https:\/\/www.ocorreionews.com.br\/acervo-correio\/index.php?rest_route=\/wp\/v2\/posts\/242631\/revisions"}],"predecessor-version":[{"id":242654,"href":"https:\/\/www.ocorreionews.com.br\/acervo-correio\/index.php?rest_route=\/wp\/v2\/posts\/242631\/revisions\/242654"}],"wp:featuredmedia":[{"embeddable":true,"href":"https:\/\/www.ocorreionews.com.br\/acervo-correio\/index.php?rest_route=\/wp\/v2\/media\/195569"}],"wp:attachment":[{"href":"https:\/\/www.ocorreionews.com.br\/acervo-correio\/index.php?rest_route=%2Fwp%2Fv2%2Fmedia&parent=242631"}],"wp:term":[{"taxonomy":"category","embeddable":true,"href":"https:\/\/www.ocorreionews.com.br\/acervo-correio\/index.php?rest_route=%2Fwp%2Fv2%2Fcategories&post=242631"},{"taxonomy":"post_tag","embeddable":true,"href":"https:\/\/www.ocorreionews.com.br\/acervo-correio\/index.php?rest_route=%2Fwp%2Fv2%2Ftags&post=242631"}],"curies":[{"name":"wp","href":"https:\/\/api.w.org\/{rel}","templated":true}]}}