{"id":242659,"date":"2023-06-15T22:07:49","date_gmt":"2023-06-16T02:07:49","guid":{"rendered":"https:\/\/www.ocorreionews.com.br\/acervo-correio\/?p=242659"},"modified":"2023-06-15T22:07:49","modified_gmt":"2023-06-16T02:07:49","slug":"prefeito-joao-carlos-krug-emite-nota-de-pesar-pelo-falecimento-de-joao-felix-marinho-botezeli","status":"publish","type":"post","link":"https:\/\/www.ocorreionews.com.br\/acervo-correio\/?p=242659","title":{"rendered":"Prefeito Jo\u00e3o Carlos Krug emite Nota de Pesar pelo falecimento de Jo\u00e3o F\u00e9lix Marinho Botezeli"},"content":{"rendered":"<p>O Prefeito Jo\u00e3o Carlos Krug, no uso de suas atribui\u00e7\u00f5es legais, emite a nota de pesar, em virtude do falecimento de Jo\u00e3o F\u00e9lix Marinho Botezeli de 69 anos de idade.<\/p>\n<p>F\u00e9lix como era conhecido era natural do Rio Grande do Sul e residia em Chapad\u00e3o do Sul desde os anos 80. Apaixonado por futebol, F\u00e9lix era o atual presidente da SERC, cargo que ocupava h\u00e1 v\u00e1rios anos.<\/p>\n<p>Jo\u00e3o Felix faleceu devido a complica\u00e7\u00f5es p\u00f3s dengue no qual ocasionou uma parada respirat\u00f3ria.<\/p>\n<p>Detalhes do in\u00edcio do vel\u00f3rio e hor\u00e1rio do sepultamento ainda ser\u00e3o definidos pela fam\u00edlia.<\/p>\n<p>&#8220;Rogais para que Deus possa confortar toda a fam\u00edlia nesse momento de grande dor, em que as palavras se apequenam e o esp\u00edrito busca amparo na F\u00e9&#8221;<\/p>\n<p>&nbsp;<\/p>\n<p>&nbsp;<\/p>\n<p>Assessoria<\/p>\n","protected":false},"excerpt":{"rendered":"<p>O Prefeito Jo\u00e3o Carlos Krug, no uso de suas atribui\u00e7\u00f5es legais, emite a nota de pesar, em virtude do falecimento de Jo\u00e3o F\u00e9lix Marinho Botezeli de 69 anos de idade. F\u00e9lix como era conhecido era natural do Rio Grande do Sul e residia em Chapad\u00e3o do Sul desde os anos 80. Apaixonado por futebol, F\u00e9lix [&hellip;]<\/p>\n","protected":false},"author":5,"featured_media":242660,"comment_status":"closed","ping_status":"closed","sticky":false,"template":"","format":"standard","meta":{"footnotes":""},"categories":[23],"tags":[],"class_list":["post-242659","post","type-post","status-publish","format-standard","has-post-thumbnail","hentry","category-chapadao-do-sul"],"_links":{"self":[{"href":"https:\/\/www.ocorreionews.com.br\/acervo-correio\/index.php?rest_route=\/wp\/v2\/posts\/242659","targetHints":{"allow":["GET"]}}],"collection":[{"href":"https:\/\/www.ocorreionews.com.br\/acervo-correio\/index.php?rest_route=\/wp\/v2\/posts"}],"about":[{"href":"https:\/\/www.ocorreionews.com.br\/acervo-correio\/index.php?rest_route=\/wp\/v2\/types\/post"}],"author":[{"embeddable":true,"href":"https:\/\/www.ocorreionews.com.br\/acervo-correio\/index.php?rest_route=\/wp\/v2\/users\/5"}],"replies":[{"embeddable":true,"href":"https:\/\/www.ocorreionews.com.br\/acervo-correio\/index.php?rest_route=%2Fwp%2Fv2%2Fcomments&post=242659"}],"version-history":[{"count":1,"href":"https:\/\/www.ocorreionews.com.br\/acervo-correio\/index.php?rest_route=\/wp\/v2\/posts\/242659\/revisions"}],"predecessor-version":[{"id":242661,"href":"https:\/\/www.ocorreionews.com.br\/acervo-correio\/index.php?rest_route=\/wp\/v2\/posts\/242659\/revisions\/242661"}],"wp:featuredmedia":[{"embeddable":true,"href":"https:\/\/www.ocorreionews.com.br\/acervo-correio\/index.php?rest_route=\/wp\/v2\/media\/242660"}],"wp:attachment":[{"href":"https:\/\/www.ocorreionews.com.br\/acervo-correio\/index.php?rest_route=%2Fwp%2Fv2%2Fmedia&parent=242659"}],"wp:term":[{"taxonomy":"category","embeddable":true,"href":"https:\/\/www.ocorreionews.com.br\/acervo-correio\/index.php?rest_route=%2Fwp%2Fv2%2Fcategories&post=242659"},{"taxonomy":"post_tag","embeddable":true,"href":"https:\/\/www.ocorreionews.com.br\/acervo-correio\/index.php?rest_route=%2Fwp%2Fv2%2Ftags&post=242659"}],"curies":[{"name":"wp","href":"https:\/\/api.w.org\/{rel}","templated":true}]}}