{"id":242666,"date":"2023-06-16T07:23:45","date_gmt":"2023-06-16T11:23:45","guid":{"rendered":"https:\/\/www.ocorreionews.com.br\/acervo-correio\/?p=242666"},"modified":"2023-06-16T07:23:45","modified_gmt":"2023-06-16T11:23:45","slug":"alcinopolis-semdema-realiza-atividades-e-conscientiza-a-populacao-na-semana-do-meio-ambiente","status":"publish","type":"post","link":"https:\/\/www.ocorreionews.com.br\/acervo-correio\/?p=242666","title":{"rendered":"Alcin\u00f3polis: SEMDEMA realiza Atividades e conscientiza a popula\u00e7\u00e3o na Semana do Meio Ambiente"},"content":{"rendered":"<div class=\"x11i5rnm xat24cr x1mh8g0r x1vvkbs xtlvy1s x126k92a\">\n<div dir=\"auto\">Entre os dias 05 e 07 de junho, a Secretaria Municipal de Desenvolvimento Econ\u00f4mico e Meio Ambiente, realizou atividades e conscientizou a popula\u00e7\u00e3o sobre a import\u00e2ncia de preservar o Meio Ambiente.<\/div>\n<div dir=\"auto\"><\/div>\n<div dir=\"auto\">A equipe da SEMDEMA, juntamente com alunos do s\u00e9timo ano da EMAC, no per\u00edodo matutino, colocaram placas na pra\u00e7a central. Logo ap\u00f3s a equipe realizou entrega de mudas de plantas para a popula\u00e7\u00e3o.<\/div>\n<div dir=\"auto\"><\/div>\n<div dir=\"auto\">No per\u00edodo vespertino, foi realizada palestra com Maria Santos, com o tema: \u201cOs 3 R\u2019s da Sustentabilidade\u201c, onde os alunos do Ensino M\u00e9dio da Escola Estadual Prof\u00aa Romilda Costa Carneiro participaram.<\/div>\n<div dir=\"auto\"><\/div>\n<div dir=\"auto\">Os alunos do CMEI tamb\u00e9m participaram de atividades como o plantio de hortali\u00e7as e girassol, onde aprenderam sobre sustentabilidade e a import\u00e2ncia de preservar o Meio Ambiente.<\/div>\n<div dir=\"auto\"><\/div>\n<div dir=\"auto\">Os alunos do CMEI, EMAC, EMMAM e EERCC receberam cartilhas educativas, que falam sobre gest\u00e3o de res\u00edduos s\u00f3lidos, onde fala da import\u00e2ncia de preservar a sa\u00fade p\u00fablica e a qualidade ambiental.<\/div>\n<div dir=\"auto\"><\/div>\n<div dir=\"auto\">Para encerrar as atividades da Semana do Meio Ambiente, foi realizada uma palestra, no Plen\u00e1rio da C\u00e2mara Municipal sobre Recupera\u00e7\u00e3o de \u00c1reas Degradadas (IMASUL), voltado aos alunos do ensino integral da Escola Romilda e alunos do 8\u00b0 e 9\u00b0 da Escola Municipal Alcino Carneiro.<\/div>\n<div dir=\"auto\"><\/div>\n<div dir=\"auto\">A equipe da SEMDEMA realizou a entrega de sacos de r\u00e1fia com o intuito de que a popula\u00e7\u00e3o comece a aderir a coleta seletiva, em parceria com a Coopercal.<\/div>\n<div dir=\"auto\"><\/div>\n<div dir=\"auto\">A coleta seletiva tem como objetivo: minimizar a gera\u00e7\u00e3o de res\u00edduos e fazer o encaminhamento correto e seguro; proteger a sa\u00fade p\u00fablica, o meio ambiente e os recursos naturais.<\/div>\n<div dir=\"auto\"><\/div>\n<div dir=\"auto\">O Secret\u00e1rio de Desenvolvimento Econ\u00f4mico e Meio Ambiente, Nahur Tito, pontua a import\u00e2ncia da popula\u00e7\u00e3o cuidar do Meio Ambiente, protegendo-o, fazendo o uso consciente e descarte correto, para que a natureza n\u00e3o sofra impactos ainda maiores no futuro. Finalizou, enfatizando que \u00e9 nossa responsabilidade deixar um planeta saud\u00e1vel para a futura gera\u00e7\u00e3o.<\/div>\n<\/div>\n<div dir=\"auto\"><a href=\"https:\/\/www.ocorreionews.com.br\/acervo-correio\/wp-content\/uploads\/2023\/06\/acoes-sedema2.jpg\"><img loading=\"lazy\" decoding=\"async\" class=\"alignnone size-full wp-image-242672\" src=\"https:\/\/www.ocorreionews.com.br\/acervo-correio\/wp-content\/uploads\/2023\/06\/acoes-sedema2.jpg\" alt=\"\" width=\"1869\" height=\"1440\" srcset=\"https:\/\/www.ocorreionews.com.br\/acervo-correio\/wp-content\/uploads\/2023\/06\/acoes-sedema2.jpg 1869w, https:\/\/www.ocorreionews.com.br\/acervo-correio\/wp-content\/uploads\/2023\/06\/acoes-sedema2-300x231.jpg 300w, https:\/\/www.ocorreionews.com.br\/acervo-correio\/wp-content\/uploads\/2023\/06\/acoes-sedema2-1024x789.jpg 1024w, https:\/\/www.ocorreionews.com.br\/acervo-correio\/wp-content\/uploads\/2023\/06\/acoes-sedema2-768x592.jpg 768w, https:\/\/www.ocorreionews.com.br\/acervo-correio\/wp-content\/uploads\/2023\/06\/acoes-sedema2-1536x1183.jpg 1536w\" sizes=\"auto, (max-width: 1869px) 100vw, 1869px\" \/><\/a> <a href=\"https:\/\/www.ocorreionews.com.br\/acervo-correio\/wp-content\/uploads\/2023\/06\/acoes-sedema3.jpg\"><img loading=\"lazy\" decoding=\"async\" class=\"alignnone size-full wp-image-242673\" src=\"https:\/\/www.ocorreionews.com.br\/acervo-correio\/wp-content\/uploads\/2023\/06\/acoes-sedema3.jpg\" alt=\"\" width=\"1920\" height=\"1418\" srcset=\"https:\/\/www.ocorreionews.com.br\/acervo-correio\/wp-content\/uploads\/2023\/06\/acoes-sedema3.jpg 1920w, https:\/\/www.ocorreionews.com.br\/acervo-correio\/wp-content\/uploads\/2023\/06\/acoes-sedema3-300x222.jpg 300w, https:\/\/www.ocorreionews.com.br\/acervo-correio\/wp-content\/uploads\/2023\/06\/acoes-sedema3-1024x756.jpg 1024w, https:\/\/www.ocorreionews.com.br\/acervo-correio\/wp-content\/uploads\/2023\/06\/acoes-sedema3-768x567.jpg 768w, https:\/\/www.ocorreionews.com.br\/acervo-correio\/wp-content\/uploads\/2023\/06\/acoes-sedema3-1536x1134.jpg 1536w, https:\/\/www.ocorreionews.com.br\/acervo-correio\/wp-content\/uploads\/2023\/06\/acoes-sedema3-86x64.jpg 86w\" sizes=\"auto, (max-width: 1920px) 100vw, 1920px\" \/><\/a> <a href=\"https:\/\/www.ocorreionews.com.br\/acervo-correio\/wp-content\/uploads\/2023\/06\/acoes-sedema4.jpg\"><img loading=\"lazy\" decoding=\"async\" class=\"alignnone size-full wp-image-242674\" src=\"https:\/\/www.ocorreionews.com.br\/acervo-correio\/wp-content\/uploads\/2023\/06\/acoes-sedema4.jpg\" alt=\"\" width=\"1920\" height=\"1390\" srcset=\"https:\/\/www.ocorreionews.com.br\/acervo-correio\/wp-content\/uploads\/2023\/06\/acoes-sedema4.jpg 1920w, https:\/\/www.ocorreionews.com.br\/acervo-correio\/wp-content\/uploads\/2023\/06\/acoes-sedema4-300x217.jpg 300w, https:\/\/www.ocorreionews.com.br\/acervo-correio\/wp-content\/uploads\/2023\/06\/acoes-sedema4-1024x741.jpg 1024w, https:\/\/www.ocorreionews.com.br\/acervo-correio\/wp-content\/uploads\/2023\/06\/acoes-sedema4-768x556.jpg 768w, https:\/\/www.ocorreionews.com.br\/acervo-correio\/wp-content\/uploads\/2023\/06\/acoes-sedema4-1536x1112.jpg 1536w\" sizes=\"auto, (max-width: 1920px) 100vw, 1920px\" \/><\/a> <a href=\"https:\/\/www.ocorreionews.com.br\/acervo-correio\/wp-content\/uploads\/2023\/06\/acoes-sedema5.jpg\"><img loading=\"lazy\" decoding=\"async\" class=\"alignnone size-full wp-image-242675\" src=\"https:\/\/www.ocorreionews.com.br\/acervo-correio\/wp-content\/uploads\/2023\/06\/acoes-sedema5.jpg\" alt=\"\" width=\"2048\" height=\"1536\" srcset=\"https:\/\/www.ocorreionews.com.br\/acervo-correio\/wp-content\/uploads\/2023\/06\/acoes-sedema5.jpg 2048w, https:\/\/www.ocorreionews.com.br\/acervo-correio\/wp-content\/uploads\/2023\/06\/acoes-sedema5-300x225.jpg 300w, https:\/\/www.ocorreionews.com.br\/acervo-correio\/wp-content\/uploads\/2023\/06\/acoes-sedema5-1024x768.jpg 1024w, https:\/\/www.ocorreionews.com.br\/acervo-correio\/wp-content\/uploads\/2023\/06\/acoes-sedema5-768x576.jpg 768w, https:\/\/www.ocorreionews.com.br\/acervo-correio\/wp-content\/uploads\/2023\/06\/acoes-sedema5-1536x1152.jpg 1536w, https:\/\/www.ocorreionews.com.br\/acervo-correio\/wp-content\/uploads\/2023\/06\/acoes-sedema5-86x64.jpg 86w\" sizes=\"auto, (max-width: 2048px) 100vw, 2048px\" \/><\/a> <a href=\"https:\/\/www.ocorreionews.com.br\/acervo-correio\/wp-content\/uploads\/2023\/06\/acoes-sedema6.jpg\"><img loading=\"lazy\" decoding=\"async\" class=\"alignnone size-full wp-image-242676\" src=\"https:\/\/www.ocorreionews.com.br\/acervo-correio\/wp-content\/uploads\/2023\/06\/acoes-sedema6.jpg\" alt=\"\" width=\"2048\" height=\"1536\" srcset=\"https:\/\/www.ocorreionews.com.br\/acervo-correio\/wp-content\/uploads\/2023\/06\/acoes-sedema6.jpg 2048w, https:\/\/www.ocorreionews.com.br\/acervo-correio\/wp-content\/uploads\/2023\/06\/acoes-sedema6-300x225.jpg 300w, https:\/\/www.ocorreionews.com.br\/acervo-correio\/wp-content\/uploads\/2023\/06\/acoes-sedema6-1024x768.jpg 1024w, https:\/\/www.ocorreionews.com.br\/acervo-correio\/wp-content\/uploads\/2023\/06\/acoes-sedema6-768x576.jpg 768w, https:\/\/www.ocorreionews.com.br\/acervo-correio\/wp-content\/uploads\/2023\/06\/acoes-sedema6-1536x1152.jpg 1536w, https:\/\/www.ocorreionews.com.br\/acervo-correio\/wp-content\/uploads\/2023\/06\/acoes-sedema6-86x64.jpg 86w\" sizes=\"auto, (max-width: 2048px) 100vw, 2048px\" \/><\/a><\/div>\n<div class=\"x11i5rnm xat24cr x1mh8g0r x1vvkbs xtlvy1s x126k92a\">\n<div dir=\"auto\">Fonte: Assecom\/Prefeitura de Alcin\u00f3polis\/Simone Nogueira<\/div>\n<div dir=\"auto\">Fotos: SEMDEMA<\/div>\n<\/div>\n","protected":false},"excerpt":{"rendered":"<p>Entre os dias 05 e 07 de junho, a Secretaria Municipal de Desenvolvimento Econ\u00f4mico e Meio Ambiente, realizou atividades e conscientizou a popula\u00e7\u00e3o sobre a import\u00e2ncia de preservar o Meio Ambiente. A equipe da SEMDEMA, juntamente com alunos do s\u00e9timo ano da EMAC, no per\u00edodo matutino, colocaram placas na pra\u00e7a central. Logo ap\u00f3s a equipe [&hellip;]<\/p>\n","protected":false},"author":4,"featured_media":242668,"comment_status":"closed","ping_status":"closed","sticky":false,"template":"","format":"standard","meta":{"footnotes":""},"categories":[31],"tags":[],"class_list":["post-242666","post","type-post","status-publish","format-standard","has-post-thumbnail","hentry","category-geral"],"_links":{"self":[{"href":"https:\/\/www.ocorreionews.com.br\/acervo-correio\/index.php?rest_route=\/wp\/v2\/posts\/242666","targetHints":{"allow":["GET"]}}],"collection":[{"href":"https:\/\/www.ocorreionews.com.br\/acervo-correio\/index.php?rest_route=\/wp\/v2\/posts"}],"about":[{"href":"https:\/\/www.ocorreionews.com.br\/acervo-correio\/index.php?rest_route=\/wp\/v2\/types\/post"}],"author":[{"embeddable":true,"href":"https:\/\/www.ocorreionews.com.br\/acervo-correio\/index.php?rest_route=\/wp\/v2\/users\/4"}],"replies":[{"embeddable":true,"href":"https:\/\/www.ocorreionews.com.br\/acervo-correio\/index.php?rest_route=%2Fwp%2Fv2%2Fcomments&post=242666"}],"version-history":[{"count":1,"href":"https:\/\/www.ocorreionews.com.br\/acervo-correio\/index.php?rest_route=\/wp\/v2\/posts\/242666\/revisions"}],"predecessor-version":[{"id":242679,"href":"https:\/\/www.ocorreionews.com.br\/acervo-correio\/index.php?rest_route=\/wp\/v2\/posts\/242666\/revisions\/242679"}],"wp:featuredmedia":[{"embeddable":true,"href":"https:\/\/www.ocorreionews.com.br\/acervo-correio\/index.php?rest_route=\/wp\/v2\/media\/242668"}],"wp:attachment":[{"href":"https:\/\/www.ocorreionews.com.br\/acervo-correio\/index.php?rest_route=%2Fwp%2Fv2%2Fmedia&parent=242666"}],"wp:term":[{"taxonomy":"category","embeddable":true,"href":"https:\/\/www.ocorreionews.com.br\/acervo-correio\/index.php?rest_route=%2Fwp%2Fv2%2Fcategories&post=242666"},{"taxonomy":"post_tag","embeddable":true,"href":"https:\/\/www.ocorreionews.com.br\/acervo-correio\/index.php?rest_route=%2Fwp%2Fv2%2Ftags&post=242666"}],"curies":[{"name":"wp","href":"https:\/\/api.w.org\/{rel}","templated":true}]}}