{"id":242677,"date":"2023-06-16T07:23:59","date_gmt":"2023-06-16T11:23:59","guid":{"rendered":"https:\/\/www.ocorreionews.com.br\/acervo-correio\/?p=242677"},"modified":"2023-06-16T15:02:14","modified_gmt":"2023-06-16T19:02:14","slug":"acao-conjunta-das-policias-de-chapadao-do-sul-prendeu-tres-pessoas-armas-drogas-e-uma-grande-quantidade-em-dinheiro-e-municoes","status":"publish","type":"post","link":"https:\/\/www.ocorreionews.com.br\/acervo-correio\/?p=242677","title":{"rendered":"A\u00e7\u00e3o conjunta das policias de Chapad\u00e3o do Sul prendeu tr\u00eas pessoas, armas, drogas e uma grande quantidade em dinheiro e muni\u00e7\u00f5es"},"content":{"rendered":"<p>Uma a\u00e7\u00e3o conjunta entre as policias civil e militar de Chapad\u00e3o do Sul na manh\u00e3 desta quinta-feira (15), resultou em pris\u00e3o de tr\u00eas pessoas e ainda apreens\u00e3o de armas, muni\u00e7\u00f5es, drogas e uma grande quantia em dinheiro.<\/p>\n<p>Segundo informa\u00e7\u00f5es repassadas pelo Delegado Felipe Potter, durante um cumprimento de seis mandados de buscas e apreens\u00e3o em resid\u00eancias na cidade de Chapad\u00e3o do Sul, resultou em apreens\u00e3o de tr\u00eas armas de fogo, diversas muni\u00e7\u00f5es de v\u00e1rios calibres, uma balan\u00e7a de precis\u00e3o utilizada para pesagem de drogas para revenda e aproximadamente 55 g (cinquenta e cinco gramas) de subst\u00e2ncia an\u00e1loga \u00e0 maconha e pris\u00e3o em flagrante de tr\u00eas indiv\u00edduos.<\/p>\n<p>Diante da pr\u00e1tica dos il\u00edcitos, todos os envolvidos foram conduzidos para a Delegacia de Pol\u00edcia, resultando na decreta\u00e7\u00e3o de tr\u00eas pris\u00f5es em flagrantes.<\/p>\n","protected":false},"excerpt":{"rendered":"<p>Uma a\u00e7\u00e3o conjunta entre as policias civil e militar de Chapad\u00e3o do Sul na manh\u00e3 desta quinta-feira (15), resultou em pris\u00e3o de tr\u00eas pessoas e ainda apreens\u00e3o de armas, muni\u00e7\u00f5es, drogas e uma grande quantia em dinheiro. Segundo informa\u00e7\u00f5es repassadas pelo Delegado Felipe Potter, durante um cumprimento de seis mandados de buscas e apreens\u00e3o em [&hellip;]<\/p>\n","protected":false},"author":4,"featured_media":242678,"comment_status":"closed","ping_status":"closed","sticky":false,"template":"","format":"standard","meta":{"footnotes":""},"categories":[23,41,38],"tags":[],"class_list":["post-242677","post","type-post","status-publish","format-standard","has-post-thumbnail","hentry","category-chapadao-do-sul","category-destaque","category-policia"],"_links":{"self":[{"href":"https:\/\/www.ocorreionews.com.br\/acervo-correio\/index.php?rest_route=\/wp\/v2\/posts\/242677","targetHints":{"allow":["GET"]}}],"collection":[{"href":"https:\/\/www.ocorreionews.com.br\/acervo-correio\/index.php?rest_route=\/wp\/v2\/posts"}],"about":[{"href":"https:\/\/www.ocorreionews.com.br\/acervo-correio\/index.php?rest_route=\/wp\/v2\/types\/post"}],"author":[{"embeddable":true,"href":"https:\/\/www.ocorreionews.com.br\/acervo-correio\/index.php?rest_route=\/wp\/v2\/users\/4"}],"replies":[{"embeddable":true,"href":"https:\/\/www.ocorreionews.com.br\/acervo-correio\/index.php?rest_route=%2Fwp%2Fv2%2Fcomments&post=242677"}],"version-history":[{"count":1,"href":"https:\/\/www.ocorreionews.com.br\/acervo-correio\/index.php?rest_route=\/wp\/v2\/posts\/242677\/revisions"}],"predecessor-version":[{"id":242706,"href":"https:\/\/www.ocorreionews.com.br\/acervo-correio\/index.php?rest_route=\/wp\/v2\/posts\/242677\/revisions\/242706"}],"wp:featuredmedia":[{"embeddable":true,"href":"https:\/\/www.ocorreionews.com.br\/acervo-correio\/index.php?rest_route=\/wp\/v2\/media\/242678"}],"wp:attachment":[{"href":"https:\/\/www.ocorreionews.com.br\/acervo-correio\/index.php?rest_route=%2Fwp%2Fv2%2Fmedia&parent=242677"}],"wp:term":[{"taxonomy":"category","embeddable":true,"href":"https:\/\/www.ocorreionews.com.br\/acervo-correio\/index.php?rest_route=%2Fwp%2Fv2%2Fcategories&post=242677"},{"taxonomy":"post_tag","embeddable":true,"href":"https:\/\/www.ocorreionews.com.br\/acervo-correio\/index.php?rest_route=%2Fwp%2Fv2%2Ftags&post=242677"}],"curies":[{"name":"wp","href":"https:\/\/api.w.org\/{rel}","templated":true}]}}