{"id":242684,"date":"2023-06-16T07:44:32","date_gmt":"2023-06-16T11:44:32","guid":{"rendered":"https:\/\/www.ocorreionews.com.br\/acervo-correio\/?p=242684"},"modified":"2023-06-16T07:44:32","modified_gmt":"2023-06-16T11:44:32","slug":"milho-fecha-em-nova-alta-forte-na-b3","status":"publish","type":"post","link":"https:\/\/www.ocorreionews.com.br\/acervo-correio\/?p=242684","title":{"rendered":"Milho fecha em nova alta, forte, na B3"},"content":{"rendered":"<p>Na Bolsa de Mercadorias de S\u00e3o Paulo (B3), o milho fechou em nova alta, forte, de 2,32% diante da boa movimenta\u00e7\u00e3o do mercado f\u00edsico no dia, de acordo com informa\u00e7\u00f5es divulgadas pela TF Agroecon\u00f4mica. \u201cA boa movimenta\u00e7\u00e3o interna, iniciada ontem e que continuou nesta quinta-feira, impulsionou novamente as cota\u00e7\u00f5es do milho no mercado futuro da B3, que subiram fortemente 2,32% para o primeiro m\u00eas cotado\u201d, comenta.<\/p>\n<div id=\"agk_14000_pos_3_sidebar_mobile\" class=\"mb-4\"><\/div>\n<div id=\"agk_14000_pos_4_conteudo_desktop\" class=\"mb-4\"><\/div>\n<p>&nbsp;<\/p>\n<p>\u201cCom vendas de empresas que desejam abrir espa\u00e7o nos armaz\u00e9ns para receber a grande safrinha que est\u00e1 come\u00e7ando a ser colhida (sua principal fonte de renda s\u00e3o os servi\u00e7os de armazenagem), explicam a alta. Por outro lado, h\u00e1 mercado comprador nos n\u00edveis atuais, principalmente depois da redu\u00e7\u00e3o da oferta da Ucr\u00e2nia. Diante deste quadro, as cota\u00e7\u00f5es futuras fecharam de forma mista: o vencimento julho\/23 fechou a R$ 54,76, alta de R$ 1,24 no dia e alta de R$ 1,38 na semana; o vencimento de setembro\/23 foi de R$ 59,22, alta de R$ 1,67 no dia, alta de R$ 1,67 na semana; novembro\/23 fechou a R$ 62,20, alta de R$ 2,08 no dia e alta de R$ 2,13 na semana\u201d, completa.<\/p>\n<div id=\"agk_14000_pos_4_conteudo_mobile\" class=\"mb-4\"><\/div>\n<p>&nbsp;<\/p>\n<p>Na Bolsa de Chicago o cereal fechou em forte alta com aumento da seca nos EUA. \u201cA cota\u00e7\u00e3o para julho23, in\u00edcio da nossa safra de inverno, fechou em alta de 2,55% ou $ 15,50 cents\/bushel a $ 623,25. A cota\u00e7\u00e3o de dezembro23, a principal data negociada nos EUA, fechou em alta de 4,60% ou $ 25,25 cents\/bushel a $ 574,50\u201d, indica.<\/p>\n<div id=\"agk_14000_pos_5_sidebar_mobile\" class=\"mb-4\"><\/div>\n<div id=\"agk_14000_pos_6_conteudo_desktop\" class=\"mb-4\"><\/div>\n<p>&nbsp;<\/p>\n<p>\u201cO milho de Chicago fechou em forte alta nessa quinta-feira. Os dados semanais sobre o monitoramento da seca trouxeram novo aumento no territ\u00f3rio com algum grau de seca. Agora s\u00e3o 57%, ante os 45% da semana anterior e 34% de duas semanas atr\u00e1s. Essa r\u00e1pida evolu\u00e7\u00e3o preocupa os agricultores e levam os Traders a cobrirem suas posi\u00e7\u00f5es\u201d, conclui.<\/p>\n<p><small>Por: <strong class=\"fn\"><a class=\"text-uppercase\" target=\"_blank\" rel=\"noopener\">Agrolink<\/a><\/strong> &#8211;<i>Leonardo Gottems<\/i> <\/small><\/p>\n","protected":false},"excerpt":{"rendered":"<p>Na Bolsa de Mercadorias de S\u00e3o Paulo (B3), o milho fechou em nova alta, forte, de 2,32% diante da boa movimenta\u00e7\u00e3o do mercado f\u00edsico no dia, de acordo com informa\u00e7\u00f5es divulgadas pela TF Agroecon\u00f4mica. \u201cA boa movimenta\u00e7\u00e3o interna, iniciada ontem e que continuou nesta quinta-feira, impulsionou novamente as cota\u00e7\u00f5es do milho no mercado futuro da [&hellip;]<\/p>\n","protected":false},"author":4,"featured_media":229636,"comment_status":"closed","ping_status":"closed","sticky":false,"template":"","format":"standard","meta":{"footnotes":""},"categories":[17],"tags":[],"class_list":["post-242684","post","type-post","status-publish","format-standard","has-post-thumbnail","hentry","category-agropecuaria"],"_links":{"self":[{"href":"https:\/\/www.ocorreionews.com.br\/acervo-correio\/index.php?rest_route=\/wp\/v2\/posts\/242684","targetHints":{"allow":["GET"]}}],"collection":[{"href":"https:\/\/www.ocorreionews.com.br\/acervo-correio\/index.php?rest_route=\/wp\/v2\/posts"}],"about":[{"href":"https:\/\/www.ocorreionews.com.br\/acervo-correio\/index.php?rest_route=\/wp\/v2\/types\/post"}],"author":[{"embeddable":true,"href":"https:\/\/www.ocorreionews.com.br\/acervo-correio\/index.php?rest_route=\/wp\/v2\/users\/4"}],"replies":[{"embeddable":true,"href":"https:\/\/www.ocorreionews.com.br\/acervo-correio\/index.php?rest_route=%2Fwp%2Fv2%2Fcomments&post=242684"}],"version-history":[{"count":1,"href":"https:\/\/www.ocorreionews.com.br\/acervo-correio\/index.php?rest_route=\/wp\/v2\/posts\/242684\/revisions"}],"predecessor-version":[{"id":242685,"href":"https:\/\/www.ocorreionews.com.br\/acervo-correio\/index.php?rest_route=\/wp\/v2\/posts\/242684\/revisions\/242685"}],"wp:featuredmedia":[{"embeddable":true,"href":"https:\/\/www.ocorreionews.com.br\/acervo-correio\/index.php?rest_route=\/wp\/v2\/media\/229636"}],"wp:attachment":[{"href":"https:\/\/www.ocorreionews.com.br\/acervo-correio\/index.php?rest_route=%2Fwp%2Fv2%2Fmedia&parent=242684"}],"wp:term":[{"taxonomy":"category","embeddable":true,"href":"https:\/\/www.ocorreionews.com.br\/acervo-correio\/index.php?rest_route=%2Fwp%2Fv2%2Fcategories&post=242684"},{"taxonomy":"post_tag","embeddable":true,"href":"https:\/\/www.ocorreionews.com.br\/acervo-correio\/index.php?rest_route=%2Fwp%2Fv2%2Ftags&post=242684"}],"curies":[{"name":"wp","href":"https:\/\/api.w.org\/{rel}","templated":true}]}}