{"id":242714,"date":"2023-06-17T08:00:43","date_gmt":"2023-06-17T12:00:43","guid":{"rendered":"https:\/\/www.ocorreionews.com.br\/acervo-correio\/?p=242714"},"modified":"2023-06-16T09:09:03","modified_gmt":"2023-06-16T13:09:03","slug":"7a-semana-municipal-de-combate-as-drogas-acontece-de-19-a-23-de-junho-em-costa-rica","status":"publish","type":"post","link":"https:\/\/www.ocorreionews.com.br\/acervo-correio\/?p=242714","title":{"rendered":"7\u00aa Semana Municipal de Combate \u00e0s Drogas acontece de 19 a 23 de junho em Costa Rica"},"content":{"rendered":"<div class=\"ntc_cont_descricao_noticia sw_txteditor\">\n<p>A 7\u00aa Semana Municipal de Combate \u00e0s Drogas acontecer\u00e1 em Costa Rica, entre os dias 19 a 23 de junho. O evento \u00e9 organizado pela Prefeitura costarriquense, por meio da Secretaria Municipal de Assist\u00eancia Social, em parceria com o COMAD \u2013 Conselho Municipal Antidrogas com parceria da C\u00e2mara de Vereadores e outros entes. O objetivo da semana \u00e9 mobilizar a comunidade local para o combate e a preven\u00e7\u00e3o ao uso indevido de drogas.<\/p>\n<p>O evento contar\u00e1 com diversas atividades, como palestras em escolas municipais e estaduais, sess\u00e3o legislativa de abertura na C\u00e2mara de Vereadores, blitz educativa nas proximidades do Auto Posto Ferrato e do Mercado do Produtor e carreata de mobiliza\u00e7\u00e3o com as for\u00e7as de seguran\u00e7a de Costa Rica. A programa\u00e7\u00e3o culminar\u00e1 com o 7\u00ba F\u00f3rum Municipal de Combate \u00e0s Drogas, que acontecer\u00e1 no Centro de Conviv\u00eancia do Idoso, com a presen\u00e7a da sociedade civil, religiosos, autoridades locais e representantes de outros segmentos.<\/p>\n<p>Conforme o conselheiro presidente do COMAD Gest\u00e3o 2023, Pedro Wlademir de Andrea, a Semana Municipal de Combate \u00e0s Drogas tem como objetivo sensibilizar a popula\u00e7\u00e3o sobre a import\u00e2ncia do combate \u00e0s drogas e da preven\u00e7\u00e3o ao seu uso. O evento \u00e9 realizado por meio de parcerias do poder p\u00fablico com diversos setores da sociedade, visando uma atua\u00e7\u00e3o conjunta no enfrentamento ao problema das drogas. A iniciativa \u00e9 importante para conscientizar a popula\u00e7\u00e3o sobre os riscos e consequ\u00eancias do uso de drogas e para promover a\u00e7\u00f5es que possam minimizar os danos causados por elas na sociedade.<\/p>\n<p>Confira a Programa\u00e7\u00e3o completa:<\/p>\n<\/div>\n<ul>\n<li class=\"ntc_cont_descricao_noticia sw_txteditor\">19 \u2013 Segunda-Feira &#8211; 9h, Sess\u00e3o Legislativa de Abertura da 7\u00aa Semana Municipal de Combate as Drogas, na C\u00e2mara de Vereadores;<\/li>\n<li class=\"ntc_cont_descricao_noticia sw_txteditor\">20 \u2013 Ter\u00e7a-feira &#8211; 7h30, Palestra socioeducativa \u201cDiga n\u00e3o \u00e0s Drogas\u201d na Escola Municipal C\u00edvico-Militar Prof. Adenocre Alexandre de Morais para alunos do 8\u00b0 e 9\u00b0 ano com o prefeito de Costa Rica, Cleverson Alves dos Santos e Convidados; 9h10, Palestra na Escola Estadual Santos Dumont para alunos do 2\u00b0 Ano do Ensino M\u00e9dio com o prefeito de Costa Rica, Cleverson Alves dos Santos e Convidados;<\/li>\n<li class=\"ntc_cont_descricao_noticia sw_txteditor\">21 \u2013 Quarta-Feira &#8211; 7h50, Palestra socioeducativa \u201cDiga n\u00e3o \u00e0s Drogas\u201d na Escola Estadual Jos\u00e9 Ferreira da Costa com o prefeito de Costa Rica, Cleverson Alves dos Santos e Convidados; 10h, Blitz Educativa concentra\u00e7\u00e3o Auto Posto Ferrato com alunos do 9\u00ba ano da Escola Municipal C\u00edvico-Militar Prof. Adenocre Alexandre de Morais; 18h30, Blitz Educativa nas proximidades do Mercado do Produtor com as For\u00e7as de Seguran\u00e7a P\u00fablica;<\/li>\n<li class=\"ntc_cont_descricao_noticia sw_txteditor\">22 \u2013 Quinta-Feira, 15h, Carreata de Mobiliza\u00e7\u00e3o da 7\u00aa Semana Municipal de Combate as Drogas com as For\u00e7as de Seguran\u00e7a de Costa Rica e convidados, concentra\u00e7\u00e3o na Delegacia de Pol\u00edcia Civil; 18h30min, 7\u00ba F\u00f3rum Municipal de Combate as Drogas com o promotor de justi\u00e7a, S\u00e9rgio Fernando Raimundo Harfouche no Conviver (Centro de Conviv\u00eancia do Idoso) e presen\u00e7a da sociedade civil, religiosos, autoridades locais e representantes de outros seguimentos.<\/li>\n<li class=\"ntc_cont_descricao_noticia sw_txteditor\">23 \u2013 Sexta-Feira, ser\u00e1 feita a avalia\u00e7\u00e3o dos trabalhos executados.<\/li>\n<\/ul>\n<p>&nbsp;<\/p>\n<p><img decoding=\"async\" class=\"imgcentraliza\" src=\"https:\/\/www.costarica.ms.gov.br\/fotos\/a6a3110a1c9713e7c20283b0b9187dd9.png\" alt=\"Foto Noticia Principal Grande\" \/><\/p>\n<div class=\"ntc_area_info_noticia sw_lato\">\n<div>\n<div class=\"ntc_info_noticia\"><strong class=\"sw_lato_black\">Fonte: <\/strong>Assessoria de Comunica\u00e7\u00e3o &#8211; PMCR ,<strong class=\"sw_lato_black\">\u00a0<\/strong>Silvestre de Castro<\/div>\n<\/div>\n<\/div>\n","protected":false},"excerpt":{"rendered":"<p>A 7\u00aa Semana Municipal de Combate \u00e0s Drogas acontecer\u00e1 em Costa Rica, entre os dias 19 a 23 de junho. O evento \u00e9 organizado pela Prefeitura costarriquense, por meio da Secretaria Municipal de Assist\u00eancia Social, em parceria com o COMAD \u2013 Conselho Municipal Antidrogas com parceria da C\u00e2mara de Vereadores e outros entes. O objetivo [&hellip;]<\/p>\n","protected":false},"author":5,"featured_media":242716,"comment_status":"closed","ping_status":"closed","sticky":false,"template":"","format":"standard","meta":{"footnotes":""},"categories":[25],"tags":[],"class_list":["post-242714","post","type-post","status-publish","format-standard","has-post-thumbnail","hentry","category-costa-rica"],"_links":{"self":[{"href":"https:\/\/www.ocorreionews.com.br\/acervo-correio\/index.php?rest_route=\/wp\/v2\/posts\/242714","targetHints":{"allow":["GET"]}}],"collection":[{"href":"https:\/\/www.ocorreionews.com.br\/acervo-correio\/index.php?rest_route=\/wp\/v2\/posts"}],"about":[{"href":"https:\/\/www.ocorreionews.com.br\/acervo-correio\/index.php?rest_route=\/wp\/v2\/types\/post"}],"author":[{"embeddable":true,"href":"https:\/\/www.ocorreionews.com.br\/acervo-correio\/index.php?rest_route=\/wp\/v2\/users\/5"}],"replies":[{"embeddable":true,"href":"https:\/\/www.ocorreionews.com.br\/acervo-correio\/index.php?rest_route=%2Fwp%2Fv2%2Fcomments&post=242714"}],"version-history":[{"count":1,"href":"https:\/\/www.ocorreionews.com.br\/acervo-correio\/index.php?rest_route=\/wp\/v2\/posts\/242714\/revisions"}],"predecessor-version":[{"id":242722,"href":"https:\/\/www.ocorreionews.com.br\/acervo-correio\/index.php?rest_route=\/wp\/v2\/posts\/242714\/revisions\/242722"}],"wp:featuredmedia":[{"embeddable":true,"href":"https:\/\/www.ocorreionews.com.br\/acervo-correio\/index.php?rest_route=\/wp\/v2\/media\/242716"}],"wp:attachment":[{"href":"https:\/\/www.ocorreionews.com.br\/acervo-correio\/index.php?rest_route=%2Fwp%2Fv2%2Fmedia&parent=242714"}],"wp:term":[{"taxonomy":"category","embeddable":true,"href":"https:\/\/www.ocorreionews.com.br\/acervo-correio\/index.php?rest_route=%2Fwp%2Fv2%2Fcategories&post=242714"},{"taxonomy":"post_tag","embeddable":true,"href":"https:\/\/www.ocorreionews.com.br\/acervo-correio\/index.php?rest_route=%2Fwp%2Fv2%2Ftags&post=242714"}],"curies":[{"name":"wp","href":"https:\/\/api.w.org\/{rel}","templated":true}]}}