{"id":242719,"date":"2023-06-16T09:07:00","date_gmt":"2023-06-16T13:07:00","guid":{"rendered":"https:\/\/www.ocorreionews.com.br\/acervo-correio\/?p=242719"},"modified":"2023-06-16T09:07:00","modified_gmt":"2023-06-16T13:07:00","slug":"mais-de-600-kg-de-alimentos-doados-na-expo-rica-chegam-ao-destino-final","status":"publish","type":"post","link":"https:\/\/www.ocorreionews.com.br\/acervo-correio\/?p=242719","title":{"rendered":"Mais de 600 kg de alimentos doados na Expo Rica chegam ao destino final"},"content":{"rendered":"<div class=\"ntc_cont_descricao_noticia sw_txteditor\">Nesta quinta-feira (15), a Secretaria Municipal de Assist\u00eancia Social, realizou o repasse dos alimentos n\u00e3o perec\u00edveis arrecadados pelo Clube de La\u00e7o Tr\u00eas Divisas durante a 2\u00aa Expo Rica (Exposi\u00e7\u00e3o Agropecu\u00e1ria de Costa Rica), edi\u00e7\u00e3o de 2023. Os alimentos foram destinados para a Casa da Sopa, Pastoral da Partilha da Igreja Cat\u00f3lica, Lar dos Idosos e para a APAE (Associa\u00e7\u00e3o de Pais e Amigos dos Excepcionais).<\/p>\n<p>Foram arrecadados, de forma espont\u00e2nea, durante a 2\u00aa Expo Rica, 600 quilos de alimentos n\u00e3o perec\u00edveis que foram distribu\u00eddos para as entidades que assistem fam\u00edlias em vulnerabilidade social. A participa\u00e7\u00e3o da popula\u00e7\u00e3o foi essencial para a realiza\u00e7\u00e3o da arrecada\u00e7\u00e3o, pois al\u00e9m do apoio do poder p\u00fablico fazer a sua parte. A popula\u00e7\u00e3o tamb\u00e9m pode contribuir com doa\u00e7\u00f5es, o que demonstra a solidariedade presente na regi\u00e3o.<\/p>\n<p>De acordo com a gestora da pasta, Evair Gomes Nogueira, a arrecada\u00e7\u00e3o e distribui\u00e7\u00e3o de alimentos s\u00e3o atividades essenciais para garantir que as fam\u00edlias em vulnerabilidade social tenham acesso a alimentos de qualidade e em quantidade suficiente. A Prefeitura de Costa Rica, o Clube do La\u00e7o Tr\u00eas Divisas, a Secretaria Municipal de Turismo, Meio Ambiente, Esporte e Cultura e a Secretaria Municipal de Assist\u00eancia Social, em parceria com entidades e a popula\u00e7\u00e3o, continuar\u00e1 trabalhando para ajudar aqueles que mais precisam, disse.\n<\/p><\/div>\n<div class=\"ntc_area_info_noticia sw_lato\">\n<div>\n<div class=\"ntc_info_noticia\"><strong class=\"sw_lato_black\">Fonte: <\/strong>Assessoria de Comunica\u00e7\u00e3o &#8211; PMCR, <strong class=\"sw_lato_black\">\u00a0<\/strong>Silvestre de Castro<\/div>\n<\/div>\n<\/div>\n","protected":false},"excerpt":{"rendered":"<p>Nesta quinta-feira (15), a Secretaria Municipal de Assist\u00eancia Social, realizou o repasse dos alimentos n\u00e3o perec\u00edveis arrecadados pelo Clube de La\u00e7o Tr\u00eas Divisas durante a 2\u00aa Expo Rica (Exposi\u00e7\u00e3o Agropecu\u00e1ria de Costa Rica), edi\u00e7\u00e3o de 2023. Os alimentos foram destinados para a Casa da Sopa, Pastoral da Partilha da Igreja Cat\u00f3lica, Lar dos Idosos e [&hellip;]<\/p>\n","protected":false},"author":5,"featured_media":242717,"comment_status":"closed","ping_status":"closed","sticky":false,"template":"","format":"standard","meta":{"footnotes":""},"categories":[25],"tags":[],"class_list":["post-242719","post","type-post","status-publish","format-standard","has-post-thumbnail","hentry","category-costa-rica"],"_links":{"self":[{"href":"https:\/\/www.ocorreionews.com.br\/acervo-correio\/index.php?rest_route=\/wp\/v2\/posts\/242719","targetHints":{"allow":["GET"]}}],"collection":[{"href":"https:\/\/www.ocorreionews.com.br\/acervo-correio\/index.php?rest_route=\/wp\/v2\/posts"}],"about":[{"href":"https:\/\/www.ocorreionews.com.br\/acervo-correio\/index.php?rest_route=\/wp\/v2\/types\/post"}],"author":[{"embeddable":true,"href":"https:\/\/www.ocorreionews.com.br\/acervo-correio\/index.php?rest_route=\/wp\/v2\/users\/5"}],"replies":[{"embeddable":true,"href":"https:\/\/www.ocorreionews.com.br\/acervo-correio\/index.php?rest_route=%2Fwp%2Fv2%2Fcomments&post=242719"}],"version-history":[{"count":1,"href":"https:\/\/www.ocorreionews.com.br\/acervo-correio\/index.php?rest_route=\/wp\/v2\/posts\/242719\/revisions"}],"predecessor-version":[{"id":242720,"href":"https:\/\/www.ocorreionews.com.br\/acervo-correio\/index.php?rest_route=\/wp\/v2\/posts\/242719\/revisions\/242720"}],"wp:featuredmedia":[{"embeddable":true,"href":"https:\/\/www.ocorreionews.com.br\/acervo-correio\/index.php?rest_route=\/wp\/v2\/media\/242717"}],"wp:attachment":[{"href":"https:\/\/www.ocorreionews.com.br\/acervo-correio\/index.php?rest_route=%2Fwp%2Fv2%2Fmedia&parent=242719"}],"wp:term":[{"taxonomy":"category","embeddable":true,"href":"https:\/\/www.ocorreionews.com.br\/acervo-correio\/index.php?rest_route=%2Fwp%2Fv2%2Fcategories&post=242719"},{"taxonomy":"post_tag","embeddable":true,"href":"https:\/\/www.ocorreionews.com.br\/acervo-correio\/index.php?rest_route=%2Fwp%2Fv2%2Ftags&post=242719"}],"curies":[{"name":"wp","href":"https:\/\/api.w.org\/{rel}","templated":true}]}}