{"id":242725,"date":"2023-06-16T09:33:52","date_gmt":"2023-06-16T13:33:52","guid":{"rendered":"https:\/\/www.ocorreionews.com.br\/acervo-correio\/?p=242725"},"modified":"2023-06-16T09:33:52","modified_gmt":"2023-06-16T13:33:52","slug":"morador-de-rua-morre-de-frio-3o-caso-na-semana-em-ms","status":"publish","type":"post","link":"https:\/\/www.ocorreionews.com.br\/acervo-correio\/?p=242725","title":{"rendered":"Morador de rua morre de frio; 3\u00ba caso na semana em MS"},"content":{"rendered":"<p>Nestor Silva dos Santos, de 53 anos, foi socorrido, na tarde desta quinta-feira (15), com sinais de hipotermia, n\u00e3o resistiu e morreu na UPA (Unidade de Pronto Atendimento) do Jardim Leblon, em Campo Grande. Em apenas dois dias, ao menos tr\u00eas pessoas morreram de hipotermia em Mato Grosso do Sul.<\/p>\n<p>Conforme informa\u00e7\u00f5es que constam em registro policial, Nestor Silva foi socorrido no meio da rua pelo Samu (Servi\u00e7o de Atendimento M\u00e9dico de Urg\u00eancia). Ele deu entrada na unidade de sa\u00fade por volta das 14h.<\/p>\n<p>Segundo os m\u00e9dicos que o atenderam, ele apresentava morte cerebral, hipotermia e alcoolismo. Diante da situa\u00e7\u00e3o, a assist\u00eancia social da UPA procurou a pol\u00edcia para comunicar o fato. O caso foi registrado como &#8220;morte a esclarecer&#8221;, na Depac (Delegacia de Pronto Atendimento Comunit\u00e1rio) do Cepol.<\/p>\n<p>Em dois dias, j\u00e1 ocorreram, ao menos, tr\u00eas \u00f3bitos atribu\u00eddos \u00e0 hipotermia em Mato Grosso do Sul. Na quarta-feira, dia 14 de junho, Sidinei Carvalho, 57 anos, foi encontrado na cal\u00e7ada de uma empresa madeireira, na Rua Osvaldo Aranha, no Jardim Monumento, em Campo Grande. Ele apresentava sinais de hipotermia, de acordo com a Pol\u00edcia Militar. No mesmo dia, em Ponta Por\u00e3, um homem foi encontrado morto no barraco onde dormia.<\/p>\n<p><strong>Frio &#8211;<\/strong> Mato Grosso do Sul enfrentou mais uma madrugada gelada. Os term\u00f4metros marcam 4\u00baC em Dourados, 5\u00baC em Maracaju e 6\u00baC em Campo Grande, Bonito, Rio Brilhante, Sidrol\u00e2ndia e Porto Murtinho.<\/p>\n<p>&nbsp;<\/p>\n<p>&nbsp;<\/p>\n<p>Por Dayene Paz &#8211; Campo Grande News<\/p>\n","protected":false},"excerpt":{"rendered":"<p>Nestor Silva dos Santos, de 53 anos, foi socorrido, na tarde desta quinta-feira (15), com sinais de hipotermia, n\u00e3o resistiu e morreu na UPA (Unidade de Pronto Atendimento) do Jardim Leblon, em Campo Grande. Em apenas dois dias, ao menos tr\u00eas pessoas morreram de hipotermia em Mato Grosso do Sul. Conforme informa\u00e7\u00f5es que constam em [&hellip;]<\/p>\n","protected":false},"author":5,"featured_media":242730,"comment_status":"closed","ping_status":"closed","sticky":false,"template":"","format":"standard","meta":{"footnotes":""},"categories":[38],"tags":[],"class_list":["post-242725","post","type-post","status-publish","format-standard","has-post-thumbnail","hentry","category-policia"],"_links":{"self":[{"href":"https:\/\/www.ocorreionews.com.br\/acervo-correio\/index.php?rest_route=\/wp\/v2\/posts\/242725","targetHints":{"allow":["GET"]}}],"collection":[{"href":"https:\/\/www.ocorreionews.com.br\/acervo-correio\/index.php?rest_route=\/wp\/v2\/posts"}],"about":[{"href":"https:\/\/www.ocorreionews.com.br\/acervo-correio\/index.php?rest_route=\/wp\/v2\/types\/post"}],"author":[{"embeddable":true,"href":"https:\/\/www.ocorreionews.com.br\/acervo-correio\/index.php?rest_route=\/wp\/v2\/users\/5"}],"replies":[{"embeddable":true,"href":"https:\/\/www.ocorreionews.com.br\/acervo-correio\/index.php?rest_route=%2Fwp%2Fv2%2Fcomments&post=242725"}],"version-history":[{"count":1,"href":"https:\/\/www.ocorreionews.com.br\/acervo-correio\/index.php?rest_route=\/wp\/v2\/posts\/242725\/revisions"}],"predecessor-version":[{"id":242733,"href":"https:\/\/www.ocorreionews.com.br\/acervo-correio\/index.php?rest_route=\/wp\/v2\/posts\/242725\/revisions\/242733"}],"wp:featuredmedia":[{"embeddable":true,"href":"https:\/\/www.ocorreionews.com.br\/acervo-correio\/index.php?rest_route=\/wp\/v2\/media\/242730"}],"wp:attachment":[{"href":"https:\/\/www.ocorreionews.com.br\/acervo-correio\/index.php?rest_route=%2Fwp%2Fv2%2Fmedia&parent=242725"}],"wp:term":[{"taxonomy":"category","embeddable":true,"href":"https:\/\/www.ocorreionews.com.br\/acervo-correio\/index.php?rest_route=%2Fwp%2Fv2%2Fcategories&post=242725"},{"taxonomy":"post_tag","embeddable":true,"href":"https:\/\/www.ocorreionews.com.br\/acervo-correio\/index.php?rest_route=%2Fwp%2Fv2%2Ftags&post=242725"}],"curies":[{"name":"wp","href":"https:\/\/api.w.org\/{rel}","templated":true}]}}