{"id":242757,"date":"2023-06-17T07:38:54","date_gmt":"2023-06-17T11:38:54","guid":{"rendered":"https:\/\/www.ocorreionews.com.br\/acervo-correio\/?p=242757"},"modified":"2023-06-17T08:33:14","modified_gmt":"2023-06-17T12:33:14","slug":"sebrae-apresenta-a-prefeitura-de-paraiso-das-aguas-o-novo-ciclo-do-programa-cidade-empreendedora","status":"publish","type":"post","link":"https:\/\/www.ocorreionews.com.br\/acervo-correio\/?p=242757","title":{"rendered":"Sebrae apresenta a Prefeitura de Para\u00edso das \u00c1guas o novo ciclo do Programa Cidade Empreendedora"},"content":{"rendered":"<p>O Prefeito de Para\u00edso das \u00c1guas, An\u00edzio de Andrade, acompanhado de seu secretariado, recebeu, em seu gabinete, a Gerente Regional Norte do Sebrae MS, Luzicarla Softov, e o Analista de Relacionamentos do Sebrae Regional Norte, Lucas Borelli.<\/p>\n<p>Na pauta da reuni\u00e3o, assuntos pertinentes ao novo contrato que a Prefeitura de Para\u00edso das \u00c1guas assina com o Sebrae para o novo Ciclo Expans\u00e3o do Programa Cidade Empreendedora.<\/p>\n<p>Para\u00edso das \u00c1guas mais uma vez adere ao Programa que tem como objetivo a transforma\u00e7\u00e3o local pela implanta\u00e7\u00e3o de pol\u00edticas de desenvolvimento em eixos estrat\u00e9gicos. Esta \u00e9 uma solu\u00e7\u00e3o ideal para munic\u00edpios interessados em transformar a situa\u00e7\u00e3o em que se encontram permitindo o aprimoramento do ambiente de neg\u00f3cios.<\/p>\n<p>De acordo com o prefeito de Para\u00edso das \u00c1guas, o Programa promoveu o crescimento econ\u00f4mico do munic\u00edpio por meio de a\u00e7\u00f5es articuladas entre o poder p\u00fablico, empres\u00e1rios, produtores rurais e a popula\u00e7\u00e3o paraisense.<\/p>\n<p>\u201cA parceria com o Sebrae \u00e9 de suma import\u00e2ncia para o crescimento e fortalecimento de nosso com\u00e9rcio local. \u00c9 emprego e desenvolvimento para nossa gente\u201d, avalia o prefeito.<\/p>\n<p>Para\u00edso das \u00c1guas aderiu ao programa Cidade Empreendedora em mar\u00e7o de 2021 e desde ent\u00e3o foram mais de 60 a\u00e7\u00f5es realizadas em eixos estrat\u00e9gicos com base na necessidade do munic\u00edpio.<\/p>\n<p>Participaram da reuni\u00e3o: o Chefe de Gabinete da Prefeitura, Adriano Dias Agostinho; o Secret\u00e1rio Municipal de Desenvolvimento Econ\u00f4mico, Meio Ambiente e Turismo, Wilson Matheus; a Secret\u00e1ria Municipal de Assist\u00eancia Social, Habita\u00e7\u00e3o e Cidadania, Rozilda Pereira; e o Secret\u00e1rio Municipal de Educa\u00e7\u00e3o, Cultura, Esporte e Lazer, Jo\u00e3o Donizete Corsini.<\/p>\n<p>Mais informa\u00e7\u00f5es sobre o programa Cidade Empreendedora podem ser obtidas por meio do n\u00famero 0800 570 0800 ou pelo site cidadeempreendedora.ms.sebrae.com.br<\/p>\n<p><a href=\"https:\/\/www.ocorreionews.com.br\/acervo-correio\/wp-content\/uploads\/2023\/06\/Evento-sebrae.jpg\"><img loading=\"lazy\" decoding=\"async\" class=\"alignnone size-full wp-image-242764\" src=\"https:\/\/www.ocorreionews.com.br\/acervo-correio\/wp-content\/uploads\/2023\/06\/Evento-sebrae.jpg\" alt=\"\" width=\"600\" height=\"270\" srcset=\"https:\/\/www.ocorreionews.com.br\/acervo-correio\/wp-content\/uploads\/2023\/06\/Evento-sebrae.jpg 600w, https:\/\/www.ocorreionews.com.br\/acervo-correio\/wp-content\/uploads\/2023\/06\/Evento-sebrae-300x135.jpg 300w\" sizes=\"auto, (max-width: 600px) 100vw, 600px\" \/><\/a><\/p>\n<p>&nbsp;<\/p>\n<p>*Assessoria<\/p>\n","protected":false},"excerpt":{"rendered":"<p>O Prefeito de Para\u00edso das \u00c1guas, An\u00edzio de Andrade, acompanhado de seu secretariado, recebeu, em seu gabinete, a Gerente Regional Norte do Sebrae MS, Luzicarla Softov, e o Analista de Relacionamentos do Sebrae Regional Norte, Lucas Borelli. Na pauta da reuni\u00e3o, assuntos pertinentes ao novo contrato que a Prefeitura de Para\u00edso das \u00c1guas assina com [&hellip;]<\/p>\n","protected":false},"author":5,"featured_media":242764,"comment_status":"closed","ping_status":"closed","sticky":false,"template":"","format":"standard","meta":{"footnotes":""},"categories":[41,36],"tags":[],"class_list":["post-242757","post","type-post","status-publish","format-standard","has-post-thumbnail","hentry","category-destaque","category-paraiso-das-aguas"],"_links":{"self":[{"href":"https:\/\/www.ocorreionews.com.br\/acervo-correio\/index.php?rest_route=\/wp\/v2\/posts\/242757","targetHints":{"allow":["GET"]}}],"collection":[{"href":"https:\/\/www.ocorreionews.com.br\/acervo-correio\/index.php?rest_route=\/wp\/v2\/posts"}],"about":[{"href":"https:\/\/www.ocorreionews.com.br\/acervo-correio\/index.php?rest_route=\/wp\/v2\/types\/post"}],"author":[{"embeddable":true,"href":"https:\/\/www.ocorreionews.com.br\/acervo-correio\/index.php?rest_route=\/wp\/v2\/users\/5"}],"replies":[{"embeddable":true,"href":"https:\/\/www.ocorreionews.com.br\/acervo-correio\/index.php?rest_route=%2Fwp%2Fv2%2Fcomments&post=242757"}],"version-history":[{"count":1,"href":"https:\/\/www.ocorreionews.com.br\/acervo-correio\/index.php?rest_route=\/wp\/v2\/posts\/242757\/revisions"}],"predecessor-version":[{"id":242810,"href":"https:\/\/www.ocorreionews.com.br\/acervo-correio\/index.php?rest_route=\/wp\/v2\/posts\/242757\/revisions\/242810"}],"wp:featuredmedia":[{"embeddable":true,"href":"https:\/\/www.ocorreionews.com.br\/acervo-correio\/index.php?rest_route=\/wp\/v2\/media\/242764"}],"wp:attachment":[{"href":"https:\/\/www.ocorreionews.com.br\/acervo-correio\/index.php?rest_route=%2Fwp%2Fv2%2Fmedia&parent=242757"}],"wp:term":[{"taxonomy":"category","embeddable":true,"href":"https:\/\/www.ocorreionews.com.br\/acervo-correio\/index.php?rest_route=%2Fwp%2Fv2%2Fcategories&post=242757"},{"taxonomy":"post_tag","embeddable":true,"href":"https:\/\/www.ocorreionews.com.br\/acervo-correio\/index.php?rest_route=%2Fwp%2Fv2%2Ftags&post=242757"}],"curies":[{"name":"wp","href":"https:\/\/api.w.org\/{rel}","templated":true}]}}