{"id":242799,"date":"2023-06-17T07:50:19","date_gmt":"2023-06-17T11:50:19","guid":{"rendered":"https:\/\/www.ocorreionews.com.br\/acervo-correio\/?p=242799"},"modified":"2023-06-17T07:50:19","modified_gmt":"2023-06-17T11:50:19","slug":"policial-penal-do-parana-morre-ao-cair-com-veiculo-em-corrego-de-ms","status":"publish","type":"post","link":"https:\/\/www.ocorreionews.com.br\/acervo-correio\/?p=242799","title":{"rendered":"Policial penal do Paran\u00e1 morre ao cair com ve\u00edculo em c\u00f3rrego de MS"},"content":{"rendered":"<div class=\"elementor-element elementor-element-33095f69 elementor-widget elementor-widget-theme-post-content\" data-id=\"33095f69\" data-element_type=\"widget\" data-widget_type=\"theme-post-content.default\">\n<div class=\"elementor-widget-container\">\n<p>Um policial penal do estado do Paran\u00e1, identificado como Wagner Barbosa Alves, de 39 anos, morreu ao cair com um ve\u00edculo VW Saveiro Cross no c\u00f3rrego Pandu\u00ed, em Iguatemi, cidade a 416 quil\u00f4metros de <a class=\"st_tag internal_tag \" title=\"\u00daltimas Not\u00edcias de Campo Grande\" href=\"https:\/\/midiamax.uol.com.br\/municipios\/campo-grande\/\" rel=\"tag\">Campo Grande<\/a>, provavelmente durante a madrugada desta sexta-feira (16), segundo a pol\u00edcia.<\/p>\n<p>As primeiras informa\u00e7\u00f5es \u00e9 a de que o policial penal perdeu o controle da dire\u00e7\u00e3o na estrada vicinal onde transitava, e caiu no c\u00f3rrego no trecho onde h\u00e1 uma ponte de madeira. O ve\u00edculo submerso com o corpo do policial penal foi encontrado por condutores que passaram local por volta das 14h desta sexta.<\/p>\n<p>O policial penal era lotado no pres\u00eddio estadual de Gua\u00edra (PR) e ele morava com a fam\u00edlia em Londrina (PR). At\u00e9 o momento a arma dele n\u00e3o foi localizada. Wagner teria vindo para Iguatemi, onde tem amigos. O local onde ocorreu o acidente fica a aproximadamente quatro quil\u00f4metros da zona urbana da cidade. A fam\u00edlia do policial penal j\u00e1 foi informada sobre o ocorrido. O caso foi registrado na delegacia de Iguatemi.<\/p>\n<figure class=\"wp-block-video\"><a href=\"https:\/\/midiamaxproducao.s3.amazonaws.com\/wp-content\/uploads\/2023\/06\/16200504\/WhatsApp-Video-2023-06-16-at-19.12.04-1.mp4\"><video src=\"https:\/\/midiamaxproducao.s3.amazonaws.com\/wp-content\/uploads\/2023\/06\/16200504\/WhatsApp-Video-2023-06-16-at-19.12.04-1.mp4\" controls=\"controls\" width=\"300\" height=\"150\" data-mce-fragment=\"1\"><\/video><\/a><\/figure>\n<p>Diego Alves- Midimax<\/p>\n<\/div>\n<\/div>\n","protected":false},"excerpt":{"rendered":"<p>Um policial penal do estado do Paran\u00e1, identificado como Wagner Barbosa Alves, de 39 anos, morreu ao cair com um ve\u00edculo VW Saveiro Cross no c\u00f3rrego Pandu\u00ed, em Iguatemi, cidade a 416 quil\u00f4metros de Campo Grande, provavelmente durante a madrugada desta sexta-feira (16), segundo a pol\u00edcia. As primeiras informa\u00e7\u00f5es \u00e9 a de que o policial [&hellip;]<\/p>\n","protected":false},"author":4,"featured_media":242803,"comment_status":"closed","ping_status":"closed","sticky":false,"template":"","format":"standard","meta":{"footnotes":""},"categories":[38],"tags":[],"class_list":["post-242799","post","type-post","status-publish","format-standard","has-post-thumbnail","hentry","category-policia"],"_links":{"self":[{"href":"https:\/\/www.ocorreionews.com.br\/acervo-correio\/index.php?rest_route=\/wp\/v2\/posts\/242799","targetHints":{"allow":["GET"]}}],"collection":[{"href":"https:\/\/www.ocorreionews.com.br\/acervo-correio\/index.php?rest_route=\/wp\/v2\/posts"}],"about":[{"href":"https:\/\/www.ocorreionews.com.br\/acervo-correio\/index.php?rest_route=\/wp\/v2\/types\/post"}],"author":[{"embeddable":true,"href":"https:\/\/www.ocorreionews.com.br\/acervo-correio\/index.php?rest_route=\/wp\/v2\/users\/4"}],"replies":[{"embeddable":true,"href":"https:\/\/www.ocorreionews.com.br\/acervo-correio\/index.php?rest_route=%2Fwp%2Fv2%2Fcomments&post=242799"}],"version-history":[{"count":1,"href":"https:\/\/www.ocorreionews.com.br\/acervo-correio\/index.php?rest_route=\/wp\/v2\/posts\/242799\/revisions"}],"predecessor-version":[{"id":242804,"href":"https:\/\/www.ocorreionews.com.br\/acervo-correio\/index.php?rest_route=\/wp\/v2\/posts\/242799\/revisions\/242804"}],"wp:featuredmedia":[{"embeddable":true,"href":"https:\/\/www.ocorreionews.com.br\/acervo-correio\/index.php?rest_route=\/wp\/v2\/media\/242803"}],"wp:attachment":[{"href":"https:\/\/www.ocorreionews.com.br\/acervo-correio\/index.php?rest_route=%2Fwp%2Fv2%2Fmedia&parent=242799"}],"wp:term":[{"taxonomy":"category","embeddable":true,"href":"https:\/\/www.ocorreionews.com.br\/acervo-correio\/index.php?rest_route=%2Fwp%2Fv2%2Fcategories&post=242799"},{"taxonomy":"post_tag","embeddable":true,"href":"https:\/\/www.ocorreionews.com.br\/acervo-correio\/index.php?rest_route=%2Fwp%2Fv2%2Ftags&post=242799"}],"curies":[{"name":"wp","href":"https:\/\/api.w.org\/{rel}","templated":true}]}}