{"id":242800,"date":"2023-06-17T07:38:18","date_gmt":"2023-06-17T11:38:18","guid":{"rendered":"https:\/\/www.ocorreionews.com.br\/acervo-correio\/?p=242800"},"modified":"2023-06-17T07:38:18","modified_gmt":"2023-06-17T11:38:18","slug":"baixa-temperatura-mata-1-071-bois-no-pantanal-em-dois-dias","status":"publish","type":"post","link":"https:\/\/www.ocorreionews.com.br\/acervo-correio\/?p=242800","title":{"rendered":"Baixa temperatura mata 1.071 bois no Pantanal em dois dias"},"content":{"rendered":"<p>Com a baixa temperatura, 1.071 bovinos, entre bezerros e bois, morreram por hipotermia no Pantanal, em dois dias. A maioria das mortes foi registrada na Nhecol\u00e2ndia, uma das 11 microrregi\u00f5es do bioma, e Rio Verde de Mato Grosso<\/p>\n<p>Daniel Ingold, presidente da Iagro (Ag\u00eancia Estadual de Defesa Animal e Vegetal), disse ao Campo Grande News que entre os \u00f3bitos, 368 aconteceram em uma fazenda de Rio Verde de Mato Grosso, 200 na Nhecol\u00e2ndia e 25 bezerros morreram em Corumb\u00e1.<\/p>\n<p>\u201cIsso n\u00e3o acontece todo ano, n\u00e3o \u00e9 incomum, mas a \u00faltima vez foi em 2010. N\u00f3s estivemos in loco. Talvez mais animais morram nesta noite por hipotermia\u201d, disse.<\/p>\n<p>Daniel acrescentou que nos \u00faltimos dois dias os term\u00f4metros marcaram m\u00ednima de 6\u00baC e m\u00e1xima de 9\u00baC na regi\u00e3o.<\/p>\n<p>De acordo com ele, n\u00e3o h\u00e1 o que ser feito. \u201cA medida \u00e9 deixar eles em um lugar mais quente, com serragem, n\u00e3o tem muito o que fazer. Eles s\u00e3o animais que est\u00e3o acostumados com o calor. No Pantanal, devido aos ventos, a sensa\u00e7\u00e3o acaba sendo ainda pior\u201d, completou.<br \/>\nPor Nat\u00e1lia Olliver CAMPO GRANDE NEWS<\/p>\n","protected":false},"excerpt":{"rendered":"<p>Com a baixa temperatura, 1.071 bovinos, entre bezerros e bois, morreram por hipotermia no Pantanal, em dois dias. A maioria das mortes foi registrada na Nhecol\u00e2ndia, uma das 11 microrregi\u00f5es do bioma, e Rio Verde de Mato Grosso Daniel Ingold, presidente da Iagro (Ag\u00eancia Estadual de Defesa Animal e Vegetal), disse ao Campo Grande News [&hellip;]<\/p>\n","protected":false},"author":4,"featured_media":242801,"comment_status":"closed","ping_status":"closed","sticky":false,"template":"","format":"standard","meta":{"footnotes":""},"categories":[17,41],"tags":[],"class_list":["post-242800","post","type-post","status-publish","format-standard","has-post-thumbnail","hentry","category-agropecuaria","category-destaque"],"_links":{"self":[{"href":"https:\/\/www.ocorreionews.com.br\/acervo-correio\/index.php?rest_route=\/wp\/v2\/posts\/242800","targetHints":{"allow":["GET"]}}],"collection":[{"href":"https:\/\/www.ocorreionews.com.br\/acervo-correio\/index.php?rest_route=\/wp\/v2\/posts"}],"about":[{"href":"https:\/\/www.ocorreionews.com.br\/acervo-correio\/index.php?rest_route=\/wp\/v2\/types\/post"}],"author":[{"embeddable":true,"href":"https:\/\/www.ocorreionews.com.br\/acervo-correio\/index.php?rest_route=\/wp\/v2\/users\/4"}],"replies":[{"embeddable":true,"href":"https:\/\/www.ocorreionews.com.br\/acervo-correio\/index.php?rest_route=%2Fwp%2Fv2%2Fcomments&post=242800"}],"version-history":[{"count":1,"href":"https:\/\/www.ocorreionews.com.br\/acervo-correio\/index.php?rest_route=\/wp\/v2\/posts\/242800\/revisions"}],"predecessor-version":[{"id":242802,"href":"https:\/\/www.ocorreionews.com.br\/acervo-correio\/index.php?rest_route=\/wp\/v2\/posts\/242800\/revisions\/242802"}],"wp:featuredmedia":[{"embeddable":true,"href":"https:\/\/www.ocorreionews.com.br\/acervo-correio\/index.php?rest_route=\/wp\/v2\/media\/242801"}],"wp:attachment":[{"href":"https:\/\/www.ocorreionews.com.br\/acervo-correio\/index.php?rest_route=%2Fwp%2Fv2%2Fmedia&parent=242800"}],"wp:term":[{"taxonomy":"category","embeddable":true,"href":"https:\/\/www.ocorreionews.com.br\/acervo-correio\/index.php?rest_route=%2Fwp%2Fv2%2Fcategories&post=242800"},{"taxonomy":"post_tag","embeddable":true,"href":"https:\/\/www.ocorreionews.com.br\/acervo-correio\/index.php?rest_route=%2Fwp%2Fv2%2Ftags&post=242800"}],"curies":[{"name":"wp","href":"https:\/\/api.w.org\/{rel}","templated":true}]}}