{"id":242805,"date":"2023-06-17T08:08:58","date_gmt":"2023-06-17T12:08:58","guid":{"rendered":"https:\/\/www.ocorreionews.com.br\/acervo-correio\/?p=242805"},"modified":"2023-06-17T08:08:58","modified_gmt":"2023-06-17T12:08:58","slug":"alcinopolis-definiu-programacao-da-festa-do-peao","status":"publish","type":"post","link":"https:\/\/www.ocorreionews.com.br\/acervo-correio\/?p=242805","title":{"rendered":"Alcin\u00f3polis definiu programa\u00e7\u00e3o da Festa do Pe\u00e3o"},"content":{"rendered":"<p><span style=\"font-size: 14pt;\">Em uma reuni\u00e3o realizada entre a Administra\u00e7\u00e3o Municipal, Poder Legislativo e diretoria do Sindicato Rural, foi definida a programa\u00e7\u00e3o da realiza\u00e7\u00e3o da tradicional Festa do Pe\u00e3o de Boiadeiro de Alcin\u00f3polis, ser\u00e1 realizada nos dias<strong> 30\/08 a 02\/09<\/strong>, ser\u00e3o 04 dias inesquec\u00edveis.<\/span><\/p>\n<p><a href=\"https:\/\/www.ocorreionews.com.br\/acervo-correio\/wp-content\/uploads\/2023\/06\/festa-peao4.jpg\"><img loading=\"lazy\" decoding=\"async\" class=\"alignnone size-full wp-image-242807\" src=\"https:\/\/www.ocorreionews.com.br\/acervo-correio\/wp-content\/uploads\/2023\/06\/festa-peao4.jpg\" alt=\"\" width=\"591\" height=\"359\" srcset=\"https:\/\/www.ocorreionews.com.br\/acervo-correio\/wp-content\/uploads\/2023\/06\/festa-peao4.jpg 591w, https:\/\/www.ocorreionews.com.br\/acervo-correio\/wp-content\/uploads\/2023\/06\/festa-peao4-300x182.jpg 300w\" sizes=\"auto, (max-width: 591px) 100vw, 591px\" \/><\/a><\/p>\n<p>&nbsp;<\/p>\n<p><span style=\"font-size: 14pt;\"><strong>Cutiano<\/strong><\/span><\/p>\n<p><span style=\"font-size: 14pt;\">Ap\u00f3s muitos anos, o tradicional rodeio em Cutiano, vai retornar, onde ficou definido que a organiza\u00e7\u00e3o ficar\u00e1 sob a responsabilidade do capit\u00e3o Eder Fiori \u2013 SBC \u201cSele\u00e7\u00e3o Brasileira do Cutiano\u201d.<\/span><\/p>\n<p><span style=\"font-size: 14pt;\"><strong>Grande de Shows<\/strong><\/span><\/p>\n<p><span style=\"font-size: 14pt;\">A Prefeitura Municipal e Sindicato Rural j\u00e1 anunciaram algumas programa\u00e7\u00f5es, por exemplo os shows:<\/span><\/p>\n<blockquote><p><strong>Dia 30\/08<\/strong> &#8211; (quarta-feira) \u2013 <em>Maria Celia &amp; Rodolfo<\/em>.<\/p>\n<p><strong>Dia 31\/08<\/strong> &#8211; (quinta-feira) \u2013 <em>Bruna Viola<\/em>.<\/p>\n<p><strong>Dia 01\/09<\/strong> \u2013 (sexta-feira) \u2013 <em>Jo\u00e3o Bosco &amp; Vinicius<\/em>.<\/p>\n<p><strong>Dia 02\/09<\/strong> \u2013 (s\u00e1bado) \u2013<em> Gian &amp; Geovani<\/em>.<\/p><\/blockquote>\n<p><a href=\"https:\/\/www.ocorreionews.com.br\/acervo-correio\/wp-content\/uploads\/2023\/06\/festa-do-peao02.jpg\"><img loading=\"lazy\" decoding=\"async\" class=\"alignnone size-full wp-image-242806\" src=\"https:\/\/www.ocorreionews.com.br\/acervo-correio\/wp-content\/uploads\/2023\/06\/festa-do-peao02.jpg\" alt=\"\" width=\"526\" height=\"586\" srcset=\"https:\/\/www.ocorreionews.com.br\/acervo-correio\/wp-content\/uploads\/2023\/06\/festa-do-peao02.jpg 526w, https:\/\/www.ocorreionews.com.br\/acervo-correio\/wp-content\/uploads\/2023\/06\/festa-do-peao02-269x300.jpg 269w\" sizes=\"auto, (max-width: 526px) 100vw, 526px\" \/><\/a><\/p>\n","protected":false},"excerpt":{"rendered":"<p>Em uma reuni\u00e3o realizada entre a Administra\u00e7\u00e3o Municipal, Poder Legislativo e diretoria do Sindicato Rural, foi definida a programa\u00e7\u00e3o da realiza\u00e7\u00e3o da tradicional Festa do Pe\u00e3o de Boiadeiro de Alcin\u00f3polis, ser\u00e1 realizada nos dias 30\/08 a 02\/09, ser\u00e3o 04 dias inesquec\u00edveis. &nbsp; Cutiano Ap\u00f3s muitos anos, o tradicional rodeio em Cutiano, vai retornar, onde ficou [&hellip;]<\/p>\n","protected":false},"author":4,"featured_media":242808,"comment_status":"closed","ping_status":"closed","sticky":false,"template":"","format":"standard","meta":{"footnotes":""},"categories":[18,41],"tags":[],"class_list":["post-242805","post","type-post","status-publish","format-standard","has-post-thumbnail","hentry","category-alcinopolis","category-destaque"],"_links":{"self":[{"href":"https:\/\/www.ocorreionews.com.br\/acervo-correio\/index.php?rest_route=\/wp\/v2\/posts\/242805","targetHints":{"allow":["GET"]}}],"collection":[{"href":"https:\/\/www.ocorreionews.com.br\/acervo-correio\/index.php?rest_route=\/wp\/v2\/posts"}],"about":[{"href":"https:\/\/www.ocorreionews.com.br\/acervo-correio\/index.php?rest_route=\/wp\/v2\/types\/post"}],"author":[{"embeddable":true,"href":"https:\/\/www.ocorreionews.com.br\/acervo-correio\/index.php?rest_route=\/wp\/v2\/users\/4"}],"replies":[{"embeddable":true,"href":"https:\/\/www.ocorreionews.com.br\/acervo-correio\/index.php?rest_route=%2Fwp%2Fv2%2Fcomments&post=242805"}],"version-history":[{"count":1,"href":"https:\/\/www.ocorreionews.com.br\/acervo-correio\/index.php?rest_route=\/wp\/v2\/posts\/242805\/revisions"}],"predecessor-version":[{"id":242809,"href":"https:\/\/www.ocorreionews.com.br\/acervo-correio\/index.php?rest_route=\/wp\/v2\/posts\/242805\/revisions\/242809"}],"wp:featuredmedia":[{"embeddable":true,"href":"https:\/\/www.ocorreionews.com.br\/acervo-correio\/index.php?rest_route=\/wp\/v2\/media\/242808"}],"wp:attachment":[{"href":"https:\/\/www.ocorreionews.com.br\/acervo-correio\/index.php?rest_route=%2Fwp%2Fv2%2Fmedia&parent=242805"}],"wp:term":[{"taxonomy":"category","embeddable":true,"href":"https:\/\/www.ocorreionews.com.br\/acervo-correio\/index.php?rest_route=%2Fwp%2Fv2%2Fcategories&post=242805"},{"taxonomy":"post_tag","embeddable":true,"href":"https:\/\/www.ocorreionews.com.br\/acervo-correio\/index.php?rest_route=%2Fwp%2Fv2%2Ftags&post=242805"}],"curies":[{"name":"wp","href":"https:\/\/api.w.org\/{rel}","templated":true}]}}