{"id":242811,"date":"2023-06-18T07:45:51","date_gmt":"2023-06-18T11:45:51","guid":{"rendered":"https:\/\/www.ocorreionews.com.br\/acervo-correio\/?p=242811"},"modified":"2023-06-18T07:47:16","modified_gmt":"2023-06-18T11:47:16","slug":"242811-2","status":"publish","type":"post","link":"https:\/\/www.ocorreionews.com.br\/acervo-correio\/?p=242811","title":{"rendered":"Nota de agradecimento da familia Boteselle"},"content":{"rendered":"<p>A Fam\u00edlia Bottezel\/Botteselle vem externar nossos agradecimentos pelo atendimento e cuidados que cada profissional do Hospital Municipal direcionou \u00e0 Jo\u00e3o Felix Marinho Botteselle.<\/p>\n<p>Ainda, agradecemos aos amigos da cidade e de fora que n\u00e3o mediram esfor\u00e7os para conseguir a vaga de transfer\u00eancia hospitalar, bem como o atendimento das equipes m\u00e9dicas no Hospital Universit\u00e1rio em Campo Grande\/MS.<\/p>\n<p>Pedimos desculpas \u00e0s pessoas que n\u00e3o conseguiram visita-lo, vez que os hospitais possuem regras a serem seguidas na visita\u00e7\u00e3o.<br \/>\nGostar\u00edamos de pedir que, como \u00faltima homenagem, cada um possa fazer uma postagem das fotos que tiraram com ele, pois para n\u00f3s, \u00e9 imposs\u00edvel mensurar a quantidade de vidas impactadas por essa pessoa excepcional.<\/p>\n<p>Por fim, enlutados, nos sentimos gratos pelas homenagens em decorr\u00eancia do falecimento de Jo\u00e3o Felix Marinho Botteselle.<\/p>\n","protected":false},"excerpt":{"rendered":"<p>A Fam\u00edlia Bottezel\/Botteselle vem externar nossos agradecimentos pelo atendimento e cuidados que cada profissional do Hospital Municipal direcionou \u00e0 Jo\u00e3o Felix Marinho Botteselle. Ainda, agradecemos aos amigos da cidade e de fora que n\u00e3o mediram esfor\u00e7os para conseguir a vaga de transfer\u00eancia hospitalar, bem como o atendimento das equipes m\u00e9dicas no Hospital Universit\u00e1rio em Campo [&hellip;]<\/p>\n","protected":false},"author":4,"featured_media":242462,"comment_status":"closed","ping_status":"closed","sticky":false,"template":"","format":"standard","meta":{"footnotes":""},"categories":[23],"tags":[],"class_list":["post-242811","post","type-post","status-publish","format-standard","has-post-thumbnail","hentry","category-chapadao-do-sul"],"_links":{"self":[{"href":"https:\/\/www.ocorreionews.com.br\/acervo-correio\/index.php?rest_route=\/wp\/v2\/posts\/242811","targetHints":{"allow":["GET"]}}],"collection":[{"href":"https:\/\/www.ocorreionews.com.br\/acervo-correio\/index.php?rest_route=\/wp\/v2\/posts"}],"about":[{"href":"https:\/\/www.ocorreionews.com.br\/acervo-correio\/index.php?rest_route=\/wp\/v2\/types\/post"}],"author":[{"embeddable":true,"href":"https:\/\/www.ocorreionews.com.br\/acervo-correio\/index.php?rest_route=\/wp\/v2\/users\/4"}],"replies":[{"embeddable":true,"href":"https:\/\/www.ocorreionews.com.br\/acervo-correio\/index.php?rest_route=%2Fwp%2Fv2%2Fcomments&post=242811"}],"version-history":[{"count":1,"href":"https:\/\/www.ocorreionews.com.br\/acervo-correio\/index.php?rest_route=\/wp\/v2\/posts\/242811\/revisions"}],"predecessor-version":[{"id":242814,"href":"https:\/\/www.ocorreionews.com.br\/acervo-correio\/index.php?rest_route=\/wp\/v2\/posts\/242811\/revisions\/242814"}],"wp:featuredmedia":[{"embeddable":true,"href":"https:\/\/www.ocorreionews.com.br\/acervo-correio\/index.php?rest_route=\/wp\/v2\/media\/242462"}],"wp:attachment":[{"href":"https:\/\/www.ocorreionews.com.br\/acervo-correio\/index.php?rest_route=%2Fwp%2Fv2%2Fmedia&parent=242811"}],"wp:term":[{"taxonomy":"category","embeddable":true,"href":"https:\/\/www.ocorreionews.com.br\/acervo-correio\/index.php?rest_route=%2Fwp%2Fv2%2Fcategories&post=242811"},{"taxonomy":"post_tag","embeddable":true,"href":"https:\/\/www.ocorreionews.com.br\/acervo-correio\/index.php?rest_route=%2Fwp%2Fv2%2Ftags&post=242811"}],"curies":[{"name":"wp","href":"https:\/\/api.w.org\/{rel}","templated":true}]}}