{"id":242818,"date":"2023-06-18T07:53:30","date_gmt":"2023-06-18T11:53:30","guid":{"rendered":"https:\/\/www.ocorreionews.com.br\/acervo-correio\/?p=242818"},"modified":"2023-06-18T07:53:30","modified_gmt":"2023-06-18T11:53:30","slug":"corpo-de-jovem-de-coxim-desaparecida-desde-maio-e-encontro-enterrado-em-mt","status":"publish","type":"post","link":"https:\/\/www.ocorreionews.com.br\/acervo-correio\/?p=242818","title":{"rendered":"Corpo de jovem de Coxim desaparecida desde maio \u00e9 encontro enterrado em MT"},"content":{"rendered":"<p>&nbsp;<\/p>\n<p>A jovem Karolayne Cristina do Nascimento Neves, de 22 anos, que \u00e9 natural de Coxim, foi encontrada enterrada em uma comunidade na cidade de Conquista D&#8217;Oeste, em Mato Grosso. Karolayne estava desaparecida desde 26 de maio.<\/p>\n<p>O corpo da jovem foi encontrado na noite de quinta-feira (15) por um trabalhador no local, que avistou um bra\u00e7o para fora de uma vala. A \u00e1rea \u00e9 usada pela prefeitura para tirar cascalho e aterra uma estrada, segundo a imprensa local.<\/p>\n<div id=\"taboola-mid-article\" class=\"d-print-none my-3\"><\/div>\n<p>O homem acionou a Pol\u00edcia Militar, que posteriormente chamaram a Politec (Per\u00edcia Oficial e Identifica\u00e7\u00e3o T\u00e9cnica) e a Pol\u00edcia Civil de Pontes e Lacerda para desenterrar o corpo. Karolayne, que tem tr\u00eas filhos, n\u00e3o retornou para casa ap\u00f3s sair de uma lanchonete onde trabalhava.<\/p>\n<p>A desaparecimento foi registrado pela m\u00e3e, dois dias ap\u00f3s o sumi\u00e7o. A per\u00edcia constatou que o corpo estava em avan\u00e7ado estado de decomposi\u00e7\u00e3o, sem a cabe\u00e7a e com as pernas amarradas.<\/p>\n<p>N\u00e3o havia documento no local e a identidade s\u00f3 foi confirmada ap\u00f3s exame de DNA. A pol\u00edcia de MT ainda investiga o caso.<\/p>\n<p><strong>Fabio Oru\u00ea, Midiamax<\/strong><\/p>\n","protected":false},"excerpt":{"rendered":"<p>&nbsp; A jovem Karolayne Cristina do Nascimento Neves, de 22 anos, que \u00e9 natural de Coxim, foi encontrada enterrada em uma comunidade na cidade de Conquista D&#8217;Oeste, em Mato Grosso. Karolayne estava desaparecida desde 26 de maio. O corpo da jovem foi encontrado na noite de quinta-feira (15) por um trabalhador no local, que avistou [&hellip;]<\/p>\n","protected":false},"author":4,"featured_media":242820,"comment_status":"closed","ping_status":"closed","sticky":false,"template":"","format":"standard","meta":{"footnotes":""},"categories":[38],"tags":[],"class_list":["post-242818","post","type-post","status-publish","format-standard","has-post-thumbnail","hentry","category-policia"],"_links":{"self":[{"href":"https:\/\/www.ocorreionews.com.br\/acervo-correio\/index.php?rest_route=\/wp\/v2\/posts\/242818","targetHints":{"allow":["GET"]}}],"collection":[{"href":"https:\/\/www.ocorreionews.com.br\/acervo-correio\/index.php?rest_route=\/wp\/v2\/posts"}],"about":[{"href":"https:\/\/www.ocorreionews.com.br\/acervo-correio\/index.php?rest_route=\/wp\/v2\/types\/post"}],"author":[{"embeddable":true,"href":"https:\/\/www.ocorreionews.com.br\/acervo-correio\/index.php?rest_route=\/wp\/v2\/users\/4"}],"replies":[{"embeddable":true,"href":"https:\/\/www.ocorreionews.com.br\/acervo-correio\/index.php?rest_route=%2Fwp%2Fv2%2Fcomments&post=242818"}],"version-history":[{"count":1,"href":"https:\/\/www.ocorreionews.com.br\/acervo-correio\/index.php?rest_route=\/wp\/v2\/posts\/242818\/revisions"}],"predecessor-version":[{"id":242821,"href":"https:\/\/www.ocorreionews.com.br\/acervo-correio\/index.php?rest_route=\/wp\/v2\/posts\/242818\/revisions\/242821"}],"wp:featuredmedia":[{"embeddable":true,"href":"https:\/\/www.ocorreionews.com.br\/acervo-correio\/index.php?rest_route=\/wp\/v2\/media\/242820"}],"wp:attachment":[{"href":"https:\/\/www.ocorreionews.com.br\/acervo-correio\/index.php?rest_route=%2Fwp%2Fv2%2Fmedia&parent=242818"}],"wp:term":[{"taxonomy":"category","embeddable":true,"href":"https:\/\/www.ocorreionews.com.br\/acervo-correio\/index.php?rest_route=%2Fwp%2Fv2%2Fcategories&post=242818"},{"taxonomy":"post_tag","embeddable":true,"href":"https:\/\/www.ocorreionews.com.br\/acervo-correio\/index.php?rest_route=%2Fwp%2Fv2%2Ftags&post=242818"}],"curies":[{"name":"wp","href":"https:\/\/api.w.org\/{rel}","templated":true}]}}