{"id":242957,"date":"2023-06-20T07:42:28","date_gmt":"2023-06-20T11:42:28","guid":{"rendered":"https:\/\/www.ocorreionews.com.br\/acervo-correio\/?p=242957"},"modified":"2023-06-20T07:42:28","modified_gmt":"2023-06-20T11:42:28","slug":"mercado-brasileiro-pode-ter-nova-onda-de-quedas-da-soja","status":"publish","type":"post","link":"https:\/\/www.ocorreionews.com.br\/acervo-correio\/?p=242957","title":{"rendered":"Mercado brasileiro pode ter nova onda de quedas da soja"},"content":{"rendered":"<p>Apesar da alta expressiva de Chicago, a\u00a0<a href=\"https:\/\/www.agrolink.com.br\/culturas\/soja?utm_source=agrolink-detalhe-noticia&amp;utm_medium=detalhe-noticia&amp;utm_campaign=links-internos\" target=\"_blank\" rel=\"noopener\">soja<\/a>\u00a0brasileira teve uma semana de leves desvaloriza\u00e7\u00f5es, pressionada pela queda do d\u00f3lar e o grande volume de vendas.\u00a0 Segundo o especialista, Ruan Sene, nesta segunda-feira (19.06),\u00a0n\u00e3o haver\u00e1 sess\u00e3o de negocia\u00e7\u00e3o em Chicago devido ao feriado de &#8220;Juneteenth&#8221; nos Estados Unidos. Consequentemente, o mercado brasileiro ficar\u00e1 sem uma refer\u00eancia para as opera\u00e7\u00f5es locais.<\/p>\n<div id=\"agk_14000_pos_4_conteudo_desktop\" class=\"mb-4\" data-google-query-id=\"COiLzcHg0f8CFdivlQIdts4N4Q\">\n<div id=\"google_ads_iframe_\/316485075\/agk_14000_pos_4_conteudo_desktop_0__container__\"><\/div>\n<\/div>\n<p>&nbsp;<\/p>\n<p>Se acordo com Sene, para os Estados Unidos, a previs\u00e3o clim\u00e1tica de acordo com a Administra\u00e7\u00e3o Nacional Oce\u00e2nica e Atmosf\u00e9rica (NOAA), \u00e9 mais favor\u00e1vel para as regi\u00f5es centrais, norte e oeste dos Estados Unidos, abrangendo grande parte das principais regi\u00f5es produtoras. As temperaturas nas principais regi\u00f5es produtoras foram mais elevadas em rela\u00e7\u00e3o \u00e0 semana anterior.<\/p>\n<p>&nbsp;<\/p>\n<p>Se as chuvas vierem, como pode se comportar Chicago? Ao contr\u00e1rio da semana anterior, na qual foi poss\u00edvel observar um aumento significativo nos pre\u00e7os em Chicago devido \u00e0 expans\u00e3o da \u00e1rea de seca nos Estados Unidos, se o clima norte-americano melhorar e as condi\u00e7\u00f5es das planta\u00e7\u00f5es se recuperarem, poder\u00e1 ocorrer fortes quedas nas cota\u00e7\u00f5es. Pelo hist\u00f3rico clim\u00e1tico norte-americano, sabe-se que as chuvas sazonalmente aparecem no final do m\u00eas de Junho e come\u00e7o do m\u00eas de julho.<\/p>\n<p>&nbsp;<\/p>\n<p>Caso as cota\u00e7\u00f5es de Chicago revertam as altas da semana anterior, o mercado brasileiro poder\u00e1 sofrer mais uma onda de quedas, pressionado pela queda do d\u00f3lar e pelo grande movimento de venda da oleaginosa. D\u00f3lar poder\u00e1 ter leves valoriza\u00e7\u00f5es. Para a esta semana, haver\u00e1 grande aten\u00e7\u00e3o por parte do mercado em rela\u00e7\u00e3o \u00e0 reuni\u00e3o do Copom, agendada para os dias 20 e 21, onde ser\u00e3o definidos os rumos das taxas de juros no Brasil. Apesar de existir um consenso sobre a manuten\u00e7\u00e3o da taxa, os participantes do mercado estar\u00e3o atentos a poss\u00edveis ind\u00edcios de redu\u00e7\u00e3o das taxas de juros no pr\u00f3ximo semestre. Essa perspectiva pode resultar em uma valoriza\u00e7\u00e3o da moeda dos Estados Unidos.<\/p>\n<p>&nbsp;<\/p>\n<p>O especialista acredita que, diante dos fatos citados, a soja em Chicago poder\u00e1 apresentar uma semana negativa, mas a alta projetada para o c\u00e2mbio poder\u00e1 neutralizar a queda dos pre\u00e7os no mercado interno brasileiro<\/p>\n<p>Por:\u00a0<strong class=\"fn\"><a class=\"text-uppercase\" target=\"_blank\" rel=\"noopener\">AGROLINK<\/a><\/strong>\u00a0&#8211;<i>Aline Merladete<\/i><\/p>\n","protected":false},"excerpt":{"rendered":"<p>Apesar da alta expressiva de Chicago, a\u00a0soja\u00a0brasileira teve uma semana de leves desvaloriza\u00e7\u00f5es, pressionada pela queda do d\u00f3lar e o grande volume de vendas.\u00a0 Segundo o especialista, Ruan Sene, nesta segunda-feira (19.06),\u00a0n\u00e3o haver\u00e1 sess\u00e3o de negocia\u00e7\u00e3o em Chicago devido ao feriado de &#8220;Juneteenth&#8221; nos Estados Unidos. Consequentemente, o mercado brasileiro ficar\u00e1 sem uma refer\u00eancia para [&hellip;]<\/p>\n","protected":false},"author":4,"featured_media":76689,"comment_status":"closed","ping_status":"closed","sticky":false,"template":"","format":"standard","meta":{"footnotes":""},"categories":[17,26],"tags":[],"class_list":["post-242957","post","type-post","status-publish","format-standard","has-post-thumbnail","hentry","category-agropecuaria","category-economia"],"_links":{"self":[{"href":"https:\/\/www.ocorreionews.com.br\/acervo-correio\/index.php?rest_route=\/wp\/v2\/posts\/242957","targetHints":{"allow":["GET"]}}],"collection":[{"href":"https:\/\/www.ocorreionews.com.br\/acervo-correio\/index.php?rest_route=\/wp\/v2\/posts"}],"about":[{"href":"https:\/\/www.ocorreionews.com.br\/acervo-correio\/index.php?rest_route=\/wp\/v2\/types\/post"}],"author":[{"embeddable":true,"href":"https:\/\/www.ocorreionews.com.br\/acervo-correio\/index.php?rest_route=\/wp\/v2\/users\/4"}],"replies":[{"embeddable":true,"href":"https:\/\/www.ocorreionews.com.br\/acervo-correio\/index.php?rest_route=%2Fwp%2Fv2%2Fcomments&post=242957"}],"version-history":[{"count":1,"href":"https:\/\/www.ocorreionews.com.br\/acervo-correio\/index.php?rest_route=\/wp\/v2\/posts\/242957\/revisions"}],"predecessor-version":[{"id":242962,"href":"https:\/\/www.ocorreionews.com.br\/acervo-correio\/index.php?rest_route=\/wp\/v2\/posts\/242957\/revisions\/242962"}],"wp:featuredmedia":[{"embeddable":true,"href":"https:\/\/www.ocorreionews.com.br\/acervo-correio\/index.php?rest_route=\/wp\/v2\/media\/76689"}],"wp:attachment":[{"href":"https:\/\/www.ocorreionews.com.br\/acervo-correio\/index.php?rest_route=%2Fwp%2Fv2%2Fmedia&parent=242957"}],"wp:term":[{"taxonomy":"category","embeddable":true,"href":"https:\/\/www.ocorreionews.com.br\/acervo-correio\/index.php?rest_route=%2Fwp%2Fv2%2Fcategories&post=242957"},{"taxonomy":"post_tag","embeddable":true,"href":"https:\/\/www.ocorreionews.com.br\/acervo-correio\/index.php?rest_route=%2Fwp%2Fv2%2Ftags&post=242957"}],"curies":[{"name":"wp","href":"https:\/\/api.w.org\/{rel}","templated":true}]}}