{"id":242966,"date":"2023-06-20T08:10:16","date_gmt":"2023-06-20T12:10:16","guid":{"rendered":"https:\/\/www.ocorreionews.com.br\/acervo-correio\/?p=242966"},"modified":"2023-06-20T08:10:16","modified_gmt":"2023-06-20T12:10:16","slug":"prefeito-anizio-andrade-recepciona-novo-medico-da-familia-de-paraiso-das-aguas","status":"publish","type":"post","link":"https:\/\/www.ocorreionews.com.br\/acervo-correio\/?p=242966","title":{"rendered":"Prefeito Anizio Andrade recepciona novo m\u00e9dico da fam\u00edlia de Para\u00edso das \u00c1guas"},"content":{"rendered":"<p>O Prefeito de Para\u00edso das \u00c1guas, An\u00edzio de Andrade, acompanhado do Secret\u00e1rio Municipal de Sa\u00fade, Ueder Pereira de Paula (Angola), e do vereador Neife Jos\u00e9 Garcia (Neife Vida), recebeu na tarde desta segunda-feira (19) o novo m\u00e9dico da fam\u00edlia que passar\u00e1 a atender em nosso munic\u00edpio.<\/p>\n<p>O doutor Vinnicius Xavier de Alencastro \u00e9 formado pela Universidade Federal da Grande Dourados (UFGD), especialista em Medicina da Fam\u00edlia pela Sesau\/Fiocruz, e possui experi\u00eancia em atendimento cl\u00ednico generalista e urg\u00eancias.<\/p>\n<p>O novo m\u00e9dico dever\u00e1 iniciar os atendimentos na Unidade B\u00e1sica de Sa\u00fade, Arist\u00f3teles Garcia Vida.<\/p>\n<p>\u201cSeja bem-vindo a nosso munic\u00edpio. Temos certeza absoluta que nossa comunidade ganha e muito com a chegada de mais um profissional da \u00e1rea\u201d, afirmou o prefeito An\u00edzio.<\/p>\n<p>Diogo Rondon &#8211; Assecom\/PMPA<\/p>\n","protected":false},"excerpt":{"rendered":"<p>O Prefeito de Para\u00edso das \u00c1guas, An\u00edzio de Andrade, acompanhado do Secret\u00e1rio Municipal de Sa\u00fade, Ueder Pereira de Paula (Angola), e do vereador Neife Jos\u00e9 Garcia (Neife Vida), recebeu na tarde desta segunda-feira (19) o novo m\u00e9dico da fam\u00edlia que passar\u00e1 a atender em nosso munic\u00edpio. O doutor Vinnicius Xavier de Alencastro \u00e9 formado pela [&hellip;]<\/p>\n","protected":false},"author":4,"featured_media":242972,"comment_status":"closed","ping_status":"closed","sticky":false,"template":"","format":"standard","meta":{"footnotes":""},"categories":[41,36,39],"tags":[],"class_list":["post-242966","post","type-post","status-publish","format-standard","has-post-thumbnail","hentry","category-destaque","category-paraiso-das-aguas","category-saude"],"_links":{"self":[{"href":"https:\/\/www.ocorreionews.com.br\/acervo-correio\/index.php?rest_route=\/wp\/v2\/posts\/242966","targetHints":{"allow":["GET"]}}],"collection":[{"href":"https:\/\/www.ocorreionews.com.br\/acervo-correio\/index.php?rest_route=\/wp\/v2\/posts"}],"about":[{"href":"https:\/\/www.ocorreionews.com.br\/acervo-correio\/index.php?rest_route=\/wp\/v2\/types\/post"}],"author":[{"embeddable":true,"href":"https:\/\/www.ocorreionews.com.br\/acervo-correio\/index.php?rest_route=\/wp\/v2\/users\/4"}],"replies":[{"embeddable":true,"href":"https:\/\/www.ocorreionews.com.br\/acervo-correio\/index.php?rest_route=%2Fwp%2Fv2%2Fcomments&post=242966"}],"version-history":[{"count":1,"href":"https:\/\/www.ocorreionews.com.br\/acervo-correio\/index.php?rest_route=\/wp\/v2\/posts\/242966\/revisions"}],"predecessor-version":[{"id":242973,"href":"https:\/\/www.ocorreionews.com.br\/acervo-correio\/index.php?rest_route=\/wp\/v2\/posts\/242966\/revisions\/242973"}],"wp:featuredmedia":[{"embeddable":true,"href":"https:\/\/www.ocorreionews.com.br\/acervo-correio\/index.php?rest_route=\/wp\/v2\/media\/242972"}],"wp:attachment":[{"href":"https:\/\/www.ocorreionews.com.br\/acervo-correio\/index.php?rest_route=%2Fwp%2Fv2%2Fmedia&parent=242966"}],"wp:term":[{"taxonomy":"category","embeddable":true,"href":"https:\/\/www.ocorreionews.com.br\/acervo-correio\/index.php?rest_route=%2Fwp%2Fv2%2Fcategories&post=242966"},{"taxonomy":"post_tag","embeddable":true,"href":"https:\/\/www.ocorreionews.com.br\/acervo-correio\/index.php?rest_route=%2Fwp%2Fv2%2Ftags&post=242966"}],"curies":[{"name":"wp","href":"https:\/\/api.w.org\/{rel}","templated":true}]}}