{"id":242974,"date":"2023-06-20T08:13:07","date_gmt":"2023-06-20T12:13:07","guid":{"rendered":"https:\/\/www.ocorreionews.com.br\/acervo-correio\/?p=242974"},"modified":"2023-06-20T08:13:07","modified_gmt":"2023-06-20T12:13:07","slug":"prefeitura-de-costa-rica-investira-r-211-mil-em-projetos-culturais-valorizando-artistas-locais","status":"publish","type":"post","link":"https:\/\/www.ocorreionews.com.br\/acervo-correio\/?p=242974","title":{"rendered":"Prefeitura de Costa Rica investir\u00e1 R$ 211 mil em projetos culturais, valorizando artistas locais"},"content":{"rendered":"<div class=\"ntc_cont_descricao_noticia sw_txteditor\">Em um importante passo para fortalecer a cultura do munic\u00edpio, a Prefeitura de Costa Rica (MS), assinou o termo de ades\u00e3o \u00e0 Lei Paulo Gustavo. Com a aprova\u00e7\u00e3o do plano de a\u00e7\u00e3o apresentado pela Secretaria Municipal de Turismo, Meio Ambiente, Esporte e Cultura, a cidade est\u00e1 habilitada a receber o recurso de R$ 211.631,14 destinado \u00e0s a\u00e7\u00f5es culturais.<\/p>\n<p>Mato Grosso do Sul vai receber do Governo Federal R$ 52 milh\u00f5es em recursos. Deste montante, R$ 25 milh\u00f5es ser\u00e3o divididos proporcionalmente entre os munic\u00edpios e R$ 27 milh\u00f5es ser\u00e3o geridos pelo Estado.<\/p>\n<p>O objetivo principal da ades\u00e3o \u00e0 Lei Paulo Gustavo \u00e9 promover a valoriza\u00e7\u00e3o da cultura local e impulsionar diversos segmentos art\u00edsticos do munic\u00edpio. Para isso, ser\u00e3o destinados recursos a diferentes projetos e iniciativas que visam fortalecer a produ\u00e7\u00e3o audiovisual, revitalizar espa\u00e7os culturais e promover a forma\u00e7\u00e3o e capacita\u00e7\u00e3o de profissionais da \u00e1rea.<\/p>\n<p>Uma das iniciativas previstas \u00e9 o edital de chamamento p\u00fablico para Apoio a Produ\u00e7\u00f5es Audiovisuais, que ir\u00e1 incentivar a realiza\u00e7\u00e3o de curtas-metragens, document\u00e1rios e clipes musicais de artistas locais. Al\u00e9m disso, ser\u00e1 lan\u00e7ado um edital para Apoio a Salas de Cinema, com o objetivo de promover a reforma e revitaliza\u00e7\u00e3o de espa\u00e7os culturais utilizados para o bem-estar da popula\u00e7\u00e3o em geral.<\/p>\n<p>A forma\u00e7\u00e3o e capacita\u00e7\u00e3o de profissionais do audiovisual tamb\u00e9m receber\u00e1 aten\u00e7\u00e3o especial, com a abertura de um edital de chamamento p\u00fablico para selecionar talentos competentes nessa \u00e1rea. Dessa forma, busca-se fortalecer o desenvolvimento e a profissionaliza\u00e7\u00e3o dos fazedores de cultura locais.<\/p>\n<p>\u201cA ades\u00e3o \u00e0 Lei Paulo Gustavo \u00e9 um importante passo para impulsionar a cultura em Costa Rica e valorizar os talentos e manifesta\u00e7\u00f5es culturais do munic\u00edpio. Com o apoio do recurso disponibilizado, a cidade busca fortalecer sua identidade cultural e promover o acesso \u00e0 arte e \u00e0 cultura para toda a popula\u00e7\u00e3o\u201d, destacou o prefeito, delegado Cleverson Alves.<\/p><\/div>\n<p>&nbsp;<\/p>\n<p>&nbsp;<\/p>\n<div class=\"ntc_area_info_noticia sw_lato\">\n<div>\n<div class=\"ntc_info_noticia\"><strong class=\"sw_lato_black\">Fonte: <\/strong>Assessoria de Comunica\u00e7\u00e3o<\/div>\n<\/div>\n<\/div>\n","protected":false},"excerpt":{"rendered":"<p>Em um importante passo para fortalecer a cultura do munic\u00edpio, a Prefeitura de Costa Rica (MS), assinou o termo de ades\u00e3o \u00e0 Lei Paulo Gustavo. Com a aprova\u00e7\u00e3o do plano de a\u00e7\u00e3o apresentado pela Secretaria Municipal de Turismo, Meio Ambiente, Esporte e Cultura, a cidade est\u00e1 habilitada a receber o recurso de R$ 211.631,14 destinado [&hellip;]<\/p>\n","protected":false},"author":5,"featured_media":242978,"comment_status":"closed","ping_status":"closed","sticky":false,"template":"","format":"standard","meta":{"footnotes":""},"categories":[25],"tags":[],"class_list":["post-242974","post","type-post","status-publish","format-standard","has-post-thumbnail","hentry","category-costa-rica"],"_links":{"self":[{"href":"https:\/\/www.ocorreionews.com.br\/acervo-correio\/index.php?rest_route=\/wp\/v2\/posts\/242974","targetHints":{"allow":["GET"]}}],"collection":[{"href":"https:\/\/www.ocorreionews.com.br\/acervo-correio\/index.php?rest_route=\/wp\/v2\/posts"}],"about":[{"href":"https:\/\/www.ocorreionews.com.br\/acervo-correio\/index.php?rest_route=\/wp\/v2\/types\/post"}],"author":[{"embeddable":true,"href":"https:\/\/www.ocorreionews.com.br\/acervo-correio\/index.php?rest_route=\/wp\/v2\/users\/5"}],"replies":[{"embeddable":true,"href":"https:\/\/www.ocorreionews.com.br\/acervo-correio\/index.php?rest_route=%2Fwp%2Fv2%2Fcomments&post=242974"}],"version-history":[{"count":1,"href":"https:\/\/www.ocorreionews.com.br\/acervo-correio\/index.php?rest_route=\/wp\/v2\/posts\/242974\/revisions"}],"predecessor-version":[{"id":242980,"href":"https:\/\/www.ocorreionews.com.br\/acervo-correio\/index.php?rest_route=\/wp\/v2\/posts\/242974\/revisions\/242980"}],"wp:featuredmedia":[{"embeddable":true,"href":"https:\/\/www.ocorreionews.com.br\/acervo-correio\/index.php?rest_route=\/wp\/v2\/media\/242978"}],"wp:attachment":[{"href":"https:\/\/www.ocorreionews.com.br\/acervo-correio\/index.php?rest_route=%2Fwp%2Fv2%2Fmedia&parent=242974"}],"wp:term":[{"taxonomy":"category","embeddable":true,"href":"https:\/\/www.ocorreionews.com.br\/acervo-correio\/index.php?rest_route=%2Fwp%2Fv2%2Fcategories&post=242974"},{"taxonomy":"post_tag","embeddable":true,"href":"https:\/\/www.ocorreionews.com.br\/acervo-correio\/index.php?rest_route=%2Fwp%2Fv2%2Ftags&post=242974"}],"curies":[{"name":"wp","href":"https:\/\/api.w.org\/{rel}","templated":true}]}}